{"id":4208,"date":"2021-05-17T12:22:53","date_gmt":"2021-05-17T15:22:53","guid":{"rendered":"https:\/\/radiorevelacionfm.cl\/?p=4208"},"modified":"2021-05-17T12:22:53","modified_gmt":"2021-05-17T15:22:53","slug":"este-lunes-17-comienza-periodo-para-solicitar-cambio-de-domicilio-electoral","status":"publish","type":"post","link":"https:\/\/radiorevelacionfm.cl\/?p=4208","title":{"rendered":"Este lunes 17 comienza periodo para solicitar cambio de domicilio electoral"},"content":{"rendered":"<div class=\"flex_column av_one_full  flex_column_div av-zero-column-padding first  avia-builder-el-0  el_before_av_one_full  avia-builder-el-first  \" style='border-radius:0px; '><div  class='avia-image-container  av-styling-    avia-builder-el-1  avia-builder-el-no-sibling  avia-align-center '  itemprop=\"image\" itemscope=\"itemscope\" itemtype=\"https:\/\/schema.org\/ImageObject\"  ><div class='avia-image-container-inner'><div class='avia-image-overlay-wrap'><img decoding=\"async\" class='wp-image-4209 avia-img-lazy-loading-not-4209 avia_image' src=\"https:\/\/radiorevelacionfm.cl\/wp-content\/uploads\/2021\/05\/VOTACIONES-1-1-1.jpg\" alt='' title='VOTACIONES (1) (1)' height=\"600\" width=\"969\"  itemprop=\"thumbnailUrl\" srcset=\"https:\/\/radiorevelacionfm.cl\/wp-content\/uploads\/2021\/05\/VOTACIONES-1-1-1.jpg 969w, https:\/\/radiorevelacionfm.cl\/wp-content\/uploads\/2021\/05\/VOTACIONES-1-1-1-300x186.jpg 300w, https:\/\/radiorevelacionfm.cl\/wp-content\/uploads\/2021\/05\/VOTACIONES-1-1-1-768x476.jpg 768w, https:\/\/radiorevelacionfm.cl\/wp-content\/uploads\/2021\/05\/VOTACIONES-1-1-1-705x437.jpg 705w, https:\/\/radiorevelacionfm.cl\/wp-content\/uploads\/2021\/05\/VOTACIONES-1-1-1-600x372.jpg 600w\" sizes=\"(max-width: 969px) 100vw, 969px\" \/><\/div><\/div><\/div><\/div><div class=\"flex_column av_one_full  flex_column_div av-zero-column-padding first  avia-builder-el-2  el_after_av_one_full  el_before_av_one_full  column-top-margin\" style='border-radius:0px; '><section class=\"av_textblock_section \"  itemscope=\"itemscope\" itemtype=\"https:\/\/schema.org\/BlogPosting\" itemprop=\"blogPost\" ><div class='avia_textblock  '   itemprop=\"text\" ><p style=\"text-align: center;\"><strong><span style=\"font-size: 18pt;\">Este lunes 17 comienza periodo para solicitar cambio de domicilio electoral<\/span><\/strong><\/p>\n<div id=\"gtx-trans\" style=\"position: absolute; left: -50px; top: 4.31534px;\">\n<div class=\"gtx-trans-icon\"><\/div>\n<\/div>\n<\/div><\/section><\/div><div class=\"flex_column av_one_full  flex_column_div av-zero-column-padding first  avia-builder-el-4  el_after_av_one_full  el_before_av_hr  column-top-margin\" style='border-radius:0px; '><section class=\"av_textblock_section \"  itemscope=\"itemscope\" itemtype=\"https:\/\/schema.org\/BlogPosting\" itemprop=\"blogPost\" ><div class='avia_textblock  '   itemprop=\"text\" ><p style=\"text-align: justify;\">Este lunes 17 de mayo parte un nuevo periodo para que los electores puedan\u00a0<a href=\"https:\/\/servel.us15.list-manage.com\/track\/click?u=164fc57d7a3c93ed4382fecdb&amp;id=60eee85167&amp;e=19a78e2c29\">solicitar el cambio de su domicilio electoral<\/a>, con miras a las Elecciones Primarias Presidenciales y Parlamentarias del 18 de julio y para las Elecciones Presidenciales, Parlamentarias y de Consejeros Regionales del 21 de noviembre de 2021.<\/p>\n<p>Cabe destacar que para las Elecciones Primarias Presidenciales y Parlamentarias las actualizaciones al Registro Electoral se iniciar\u00e1n el 17 de mayo de 2021, y s\u00f3lo podr\u00e1n hacerse hasta las 23:59 horas del d\u00eda mi\u00e9rcoles 19 de mayo.<\/p>\n<p>En tanto, el plazo es mayor en el caso de las Elecciones Presidenciales, Parlamentarias y de Consejeros Regionales, para las que se podr\u00e1n realizar solicitudes de cambio de domicilio electoral desde el 17 de mayo, hasta las 23:59 horas del s\u00e1bado 3 de julio de 2021.<\/p>\n<p>En ambos casos, los electores podr\u00e1n solicitar el cambio de domicilio electoral ingresando al sitio web del Servel,\u00a0<a href=\"https:\/\/servel.us15.list-manage.com\/track\/click?u=164fc57d7a3c93ed4382fecdb&amp;id=6c74dee756&amp;e=19a78e2c29\">www.servel.cl<\/a>, y utilizando su Clave \u00danica. La atenci\u00f3n presencial mediante otros canales (SRCeI, ChileAtiende, Consulados, Direcciones Regionales Servel, PDI pasos fronterizos), estar\u00e1 condicionada a las restricciones sanitarias de los territorios y a las condiciones de funcionamientos de los Servicios P\u00fablicos. La aceptaci\u00f3n de las solicitudes efectuadas se ver\u00e1 reflejada en la Consulta de Datos Electorales luego de 20 a 25 d\u00edas h\u00e1biles.<\/p>\n<p style=\"text-align: justify;\"><strong>C\u00f3mo obtener la Clave \u00danica<\/strong><br \/>\nPara quienes no cuenten con su Clave \u00danica, adem\u00e1s de la solicitud presencial, el Registro Civil ha dispuesto de la solicitud en l\u00ednea para todos los chilenos, dentro y fuera de pa\u00eds, ingresando a\u00a0<a href=\"http:\/\/www.registrocivil.cl\/\">www.registrocivil.cl<\/a>\u00a0y seleccionando en el men\u00fa superior Clave \u00danica, donde se le permitir\u00e1 escoger un d\u00eda y hora para una videollamada.<\/p>\n<p>Una hora antes de la videollamada recibir\u00e1 en su correo electr\u00f3nico un enlace para conectarse. Para ello debe contar con la c\u00e1mara y micr\u00f3fono de su dispositivo activados.<\/p>\n<p>Despu\u00e9s de la videollamada, le llegar\u00e1 al correo electr\u00f3nico un c\u00f3digo para crear y activar la clave en\u00a0<a href=\"http:\/\/www.claveunica.gob.cl\/\">www.claveunica.gob.cl<\/a>.<\/p>\n<p>De haber olvidado la Clave \u00danica, se puede recuperar con el correo electr\u00f3nico entregado al momento de solicitarla.<\/p>\n<p>Solicitud de Incorporaci\u00f3n al Registro Electoral para chilenos en el extranjero<\/p>\n<p>El periodo habilitado para la solicitud de cambio de domicilio electoral tambi\u00e9n rige para la\u00a0<a href=\"https:\/\/servel.us15.list-manage.com\/track\/click?u=164fc57d7a3c93ed4382fecdb&amp;id=77fabeb864&amp;e=19a78e2c29\">incorporaci\u00f3n al Registro Electoral de chilenos nacidos en el extranjero que cumplan con el requisito de avecindamiento<\/a>. El resultado del tr\u00e1mite ser\u00e1 informado al interesado, junto con su domicilio electoral, mediante correo electr\u00f3nico y en el caso de no tener, por carta certificada enviada a su domicilio.<\/p>\n<p><strong>\u00bfQu\u00e9 es el domicilio electoral?<\/strong><\/p>\n<p>Por domicilio electoral se entiende aquel situado dentro de Chile, con el cual la persona tiene un v\u00ednculo objetivo, sea porque reside habitual o temporalmente, ejerce su profesi\u00f3n u oficio o desarrolla sus estudios en \u00e9l. En el caso de los ciudadanos con derecho a sufragio que se encuentren en el extranjero, el domicilio electoral es aquel situado fuera de Chile, declarado como tal por el elector.<\/p>\n<p><strong>\u00bfQu\u00e9 pasa si se declara un domicilio electoral con el que no se tiene un v\u00ednculo?<br \/>\n<\/strong><br \/>\nQuien proporcione datos falsos o un domicilio electoral con el que no tenga un v\u00ednculo objetivo, o el que, al momento de solicitar cambio de domicilio electoral o la acreditaci\u00f3n del avecindamiento, suplantare a otra persona, sufrir\u00e1 la pena de reclusi\u00f3n menor en su grado m\u00ednimo y multa de una a tres unidades tributarias mensuales, seg\u00fan lo indicado por el art\u00edculo 54 de la ley 18.556 Org\u00e1nica Constitucional sobre sistema de inscripciones electorales y Servicio Electoral.<\/p>\n<\/div><\/section><\/div><div  style='height:50px' class='hr hr-invisible   avia-builder-el-6  el_after_av_one_full  el_before_av_social_share '><span class='hr-inner ' ><span class='hr-inner-style'><\/span><\/span><\/div><\/p>\n<div  class='av-social-sharing-box  avia-builder-el-7  el_after_av_hr  el_before_av_hr  '><div class='av-share-box'><h5 class='av-share-link-description av-no-toc '>Compartir esta noticia<\/h5><ul class='av-share-box-list noLightbox'><li class='av-share-link av-social-link-facebook' ><a target=\"_blank\" aria-label=\"Compartir en Facebook\" href='https:\/\/www.facebook.com\/sharer.php?u=https:\/\/radiorevelacionfm.cl\/?p=4208&#038;t=Este%20lunes%2017%20comienza%20periodo%20para%20solicitar%20cambio%20de%20domicilio%20electoral' aria-hidden='false' data-av_icon='\ue8f3' data-av_iconfont='entypo-fontello' title='' data-avia-related-tooltip='Compartir en Facebook' rel=\"noopener\"><span class='avia_hidden_link_text'>Compartir en Facebook<\/span><\/a><\/li><li class='av-share-link av-social-link-twitter' ><a target=\"_blank\" aria-label=\"Compartir en Twitter\" href='https:\/\/twitter.com\/share?text=Este%20lunes%2017%20comienza%20periodo%20para%20solicitar%20cambio%20de%20domicilio%20electoral&#038;url=https:\/\/radiorevelacionfm.cl\/?p=4208' aria-hidden='false' data-av_icon='\ue8f1' data-av_iconfont='entypo-fontello' title='' data-avia-related-tooltip='Compartir en Twitter' rel=\"noopener\"><span class='avia_hidden_link_text'>Compartir en Twitter<\/span><\/a><\/li><li class='av-share-link av-social-link-whatsapp' ><a target=\"_blank\" aria-label=\"Compartir en Whatsapp\" href='https:\/\/api.whatsapp.com\/send?text=https:\/\/radiorevelacionfm.cl\/?p=4208' aria-hidden='false' data-av_icon='\uf232' data-av_iconfont='entypo-fontello' title='' data-avia-related-tooltip='Compartir en Whatsapp' rel=\"noopener\"><span class='avia_hidden_link_text'>Compartir en Whatsapp<\/span><\/a><\/li><li class='av-share-link av-social-link-linkedin' ><a target=\"_blank\" aria-label=\"Compartir en LinkedIn\" href='https:\/\/linkedin.com\/shareArticle?mini=true&#038;title=Este%20lunes%2017%20comienza%20periodo%20para%20solicitar%20cambio%20de%20domicilio%20electoral&#038;url=https:\/\/radiorevelacionfm.cl\/?p=4208' aria-hidden='false' data-av_icon='\ue8fc' data-av_iconfont='entypo-fontello' title='' data-avia-related-tooltip='Compartir en LinkedIn' rel=\"noopener\"><span class='avia_hidden_link_text'>Compartir en LinkedIn<\/span><\/a><\/li><li class='av-share-link av-social-link-mail' ><a  aria-label=\"Compartir por correo\" href='mailto:?subject=Este%20lunes%2017%20comienza%20periodo%20para%20solicitar%20cambio%20de%20domicilio%20electoral&#038;body=https:\/\/radiorevelacionfm.cl\/?p=4208' aria-hidden='false' data-av_icon='\ue805' data-av_iconfont='entypo-fontello' title='' data-avia-related-tooltip='Compartir por correo'><span class='avia_hidden_link_text'>Compartir por correo<\/span><\/a><\/li><\/ul><\/div><\/div>\n<div  style='height:50px' class='hr hr-invisible   avia-builder-el-8  el_after_av_social_share  el_before_av_comments_list '><span class='hr-inner ' ><span class='hr-inner-style'><\/span><\/span><\/div>\n<div  class='av-buildercomment  av-blog-meta-html-info-disabled av-blog-meta-tag-disabled  '><\/div>\n","protected":false},"excerpt":{"rendered":"","protected":false},"author":1,"featured_media":4209,"comment_status":"open","ping_status":"open","sticky":false,"template":"","format":"standard","meta":{"footnotes":""},"categories":[35],"tags":[],"class_list":["post-4208","post","type-post","status-publish","format-standard","has-post-thumbnail","hentry","category-politica"],"jetpack_featured_media_url":"https:\/\/radiorevelacionfm.cl\/wp-content\/uploads\/2021\/05\/VOTACIONES-1-1-1.jpg","_links":{"self":[{"href":"https:\/\/radiorevelacionfm.cl\/index.php?rest_route=\/wp\/v2\/posts\/4208","targetHints":{"allow":["GET"]}}],"collection":[{"href":"https:\/\/radiorevelacionfm.cl\/index.php?rest_route=\/wp\/v2\/posts"}],"about":[{"href":"https:\/\/radiorevelacionfm.cl\/index.php?rest_route=\/wp\/v2\/types\/post"}],"author":[{"embeddable":true,"href":"https:\/\/radiorevelacionfm.cl\/index.php?rest_route=\/wp\/v2\/users\/1"}],"replies":[{"embeddable":true,"href":"https:\/\/radiorevelacionfm.cl\/index.php?rest_route=%2Fwp%2Fv2%2Fcomments&post=4208"}],"version-history":[{"count":1,"href":"https:\/\/radiorevelacionfm.cl\/index.php?rest_route=\/wp\/v2\/posts\/4208\/revisions"}],"predecessor-version":[{"id":4210,"href":"https:\/\/radiorevelacionfm.cl\/index.php?rest_route=\/wp\/v2\/posts\/4208\/revisions\/4210"}],"wp:featuredmedia":[{"embeddable":true,"href":"https:\/\/radiorevelacionfm.cl\/index.php?rest_route=\/wp\/v2\/media\/4209"}],"wp:attachment":[{"href":"https:\/\/radiorevelacionfm.cl\/index.php?rest_route=%2Fwp%2Fv2%2Fmedia&parent=4208"}],"wp:term":[{"taxonomy":"category","embeddable":true,"href":"https:\/\/radiorevelacionfm.cl\/index.php?rest_route=%2Fwp%2Fv2%2Fcategories&post=4208"},{"taxonomy":"post_tag","embeddable":true,"href":"https:\/\/radiorevelacionfm.cl\/index.php?rest_route=%2Fwp%2Fv2%2Ftags&post=4208"}],"curies":[{"name":"wp","href":"https:\/\/api.w.org\/{rel}","templated":true}]}}