{"id":42078,"date":"2024-05-10T20:27:07","date_gmt":"2024-05-10T23:27:07","guid":{"rendered":"https:\/\/radiorevelacionfm.cl\/?p=42078"},"modified":"2024-05-10T20:27:07","modified_gmt":"2024-05-10T23:27:07","slug":"comunidad-de-caleta-tortel-releva-la-carpinteria-de-ribera-y-construye-colectivamente-nueva-embarcacion-de-cipres","status":"publish","type":"post","link":"https:\/\/radiorevelacionfm.cl\/?p=42078","title":{"rendered":"Comunidad de Caleta Tortel releva la carpinter\u00eda de ribera y construye colectivamente nueva embarcaci\u00f3n de cipr\u00e9s"},"content":{"rendered":"<div class=\"flex_column av_one_full  flex_column_div av-zero-column-padding first  avia-builder-el-0  el_before_av_one_full  avia-builder-el-first  \" style='border-radius:0px; '><div  class='avia-image-container  av-styling-    avia-builder-el-1  avia-builder-el-no-sibling  avia-align-center '  itemprop=\"image\" itemscope=\"itemscope\" itemtype=\"https:\/\/schema.org\/ImageObject\"  ><div class='avia-image-container-inner'><div class='avia-image-overlay-wrap'><img decoding=\"async\" class='wp-image-42079 avia-img-lazy-loading-not-42079 avia_image' src=\"https:\/\/radiorevelacionfm.cl\/wp-content\/uploads\/2024\/05\/\u00a9felipe-payne-2-1_optimized.jpg\" alt='' title='\u00a9felipe-payne-2-(1)_optimized' height=\"600\" width=\"900\"  itemprop=\"thumbnailUrl\" srcset=\"https:\/\/radiorevelacionfm.cl\/wp-content\/uploads\/2024\/05\/\u00a9felipe-payne-2-1_optimized.jpg 900w, https:\/\/radiorevelacionfm.cl\/wp-content\/uploads\/2024\/05\/\u00a9felipe-payne-2-1_optimized-300x200.jpg 300w, https:\/\/radiorevelacionfm.cl\/wp-content\/uploads\/2024\/05\/\u00a9felipe-payne-2-1_optimized-768x512.jpg 768w, https:\/\/radiorevelacionfm.cl\/wp-content\/uploads\/2024\/05\/\u00a9felipe-payne-2-1_optimized-705x470.jpg 705w, https:\/\/radiorevelacionfm.cl\/wp-content\/uploads\/2024\/05\/\u00a9felipe-payne-2-1_optimized-450x300.jpg 450w, https:\/\/radiorevelacionfm.cl\/wp-content\/uploads\/2024\/05\/\u00a9felipe-payne-2-1_optimized-600x400.jpg 600w\" sizes=\"(max-width: 900px) 100vw, 900px\" \/><\/div><\/div><\/div><\/div><div class=\"flex_column av_one_full  flex_column_div av-zero-column-padding first  avia-builder-el-2  el_after_av_one_full  el_before_av_one_full  column-top-margin\" style='border-radius:0px; '><section class=\"av_textblock_section \"  itemscope=\"itemscope\" itemtype=\"https:\/\/schema.org\/BlogPosting\" itemprop=\"blogPost\" ><div class='avia_textblock  '   itemprop=\"text\" ><p style=\"text-align: center;\"><span style=\"font-size: 18pt;\"><b>Comunidad de Caleta Tortel releva la carpinter\u00eda de ribera y construye colectivamente nueva embarcaci\u00f3n de cipr\u00e9s<\/b><\/span><\/p>\n<div id=\"gtx-trans\" style=\"position: absolute; left: -50px; top: 4.31534px;\">\n<div class=\"gtx-trans-icon\"><\/div>\n<\/div>\n<\/div><\/section><\/div><div class=\"flex_column av_one_full  flex_column_div av-zero-column-padding first  avia-builder-el-4  el_after_av_one_full  el_before_av_hr  column-top-margin\" style='border-radius:0px; '><section class=\"av_textblock_section \"  itemscope=\"itemscope\" itemtype=\"https:\/\/schema.org\/BlogPosting\" itemprop=\"blogPost\" ><div class='avia_textblock  '   itemprop=\"text\" ><p style=\"text-align: justify;\">El Punto de Cultura Comunitaria de Caleta Tortel, a cargo del Colectivo de Madereros de la localidad, desarroll\u00f3 un proyecto, financiado por la Seremi de Culturas Ays\u00e9n, que suma una nueva embarcaci\u00f3n a la flota local.<\/p>\n<p style=\"text-align: justify;\">Nativo, as\u00ed se llama el bote de cipr\u00e9s de Las Guaitecas que fue creado, utilizando todas las t\u00e9cnicas de la carpinter\u00eda de ribera tradicional, oficio que siempre ha estado muy presente y que es protagonista en el desarrollo cultural de Caleta Tortel.<\/p>\n<p style=\"text-align: justify;\">La gestora cultural Francisca Ram\u00edrez, integrante del Colectivo de Madereros de Tortel cont\u00f3 que \u201cdurante varias semanas trabajamos en la construcci\u00f3n del bote y la difusi\u00f3n de la carpinter\u00eda de ribera. As\u00ed que el momento de verlo al fin en el agua y remar en el fue superesperado por todos, no solamente por el equipo, sino tambi\u00e9n por todas las vecinas y vecinos de Tortel que contribuyeron a la construcci\u00f3n en todos los procesos del bote, adem\u00e1s de todos los turistas y la gente que ha seguido la construcci\u00f3n a trav\u00e9s de redes sociales, donde hemos sido bien activos\u201d.<\/p>\n<p style=\"text-align: justify;\">El\u00a0\u00a0equipo que gui\u00f3 los trabajos estuvo compuesto por L\u00e1zaro Igor Aguilante, Mat\u00edas Poblete Poblete, Olegario Hern\u00e1ndez Yefe y Francisca Ram\u00edrez, asesorados por el carpintero de ribera, Juan Curinao Curinao.<\/p>\n<p style=\"text-align: justify;\">Para el seremi de Culturas Ays\u00e9n, Felipe Quiroz, \u201ceste trabajo realizado por el Colectivo Madereros de Tortel est\u00e1 cumpliendo con los objetivos que se ha trazado el programa Puntos de Cultura Comunitaria del Ministerio de las Culturas, cuales son no solo reunir a la comunidad, sino rescatar la identidad de las localidades en sus oficios y tradiciones; vemos un alto compromiso de las vecinas y los vecinos de Tortel en que la historia del lugar no se pierda y podamos juntos y juntas sostener las tradiciones que son carne y reflejo de los pueblos\u201d.<\/p>\n<p style=\"text-align: justify;\">Una vez terminado, el bote fue cargado por parte de la comunidad desde la plaza Kaw\u00e9sqar en el centro de Tortel hasta un muelle cercano. Francisca dice que \u201cen la primera navegaci\u00f3n participamos las cinco personas que fuimos parte del equipo ejecutor y despu\u00e9s de eso varios de los asistentes pudieron navegar y remar y conocer el bote flotando en el agua. Ah\u00ed, adem\u00e1s, develamos el nombre del bote que es Nativo. Nos parece que remite a lo arraigada que est\u00e1 la navegaci\u00f3n en Tortel. Por supuesto, tambi\u00e9n remite a la madera. Por eso es que decidimos usar cipr\u00e9s de las Guaitecas, que es el material de la embarcaci\u00f3n que est\u00e1 a la vista en la mayor parte de la superficie\u201d.<\/p>\n<p style=\"text-align: justify;\">Javier Salazar est\u00e1 avecindado hace 4 a\u00f1os en Tortel y fue parte de la construcci\u00f3n de Nativo: \u201cDesde que estoy ac\u00e1 me he familiarizado un poco con el rubro maderero y tambi\u00e9n con la navegaci\u00f3n. Nunca hab\u00eda vivido cerca del mar y no conoc\u00eda mucho los t\u00e9rminos. Cuando me comentaron de este proyecto lo encontr\u00e9 superbonito y me pod\u00eda servir para aprender los t\u00e9rminos. Fue muy bonito porque se arm\u00f3 un ambiente superameno y superagradable. Nos interiorizamos acerca de d\u00f3nde se saca la madera, qu\u00e9 tipos de botes hay. Me gust\u00f3 mucho el proyecto\u201d.<\/p>\n<\/div><\/section><\/div><div  style='height:50px' class='hr hr-invisible   avia-builder-el-6  el_after_av_one_full  el_before_av_social_share '><span class='hr-inner ' ><span class='hr-inner-style'><\/span><\/span><\/div><\/p>\n<div  class='av-social-sharing-box  avia-builder-el-7  el_after_av_hr  el_before_av_hr  '><div class='av-share-box'><h5 class='av-share-link-description av-no-toc '>Compartir esta noticia<\/h5><ul class='av-share-box-list noLightbox'><li class='av-share-link av-social-link-facebook' ><a target=\"_blank\" aria-label=\"Compartir en Facebook\" href='https:\/\/www.facebook.com\/sharer.php?u=https:\/\/radiorevelacionfm.cl\/?p=42078&#038;t=Comunidad%20de%20Caleta%20Tortel%20releva%20la%20carpinter%C3%ADa%20de%20ribera%20y%20construye%20colectivamente%20nueva%20embarcaci%C3%B3n%20de%20cipr%C3%A9s' aria-hidden='false' data-av_icon='\ue8f3' data-av_iconfont='entypo-fontello' title='' data-avia-related-tooltip='Compartir en Facebook' rel=\"noopener\"><span class='avia_hidden_link_text'>Compartir en Facebook<\/span><\/a><\/li><li class='av-share-link av-social-link-twitter' ><a target=\"_blank\" aria-label=\"Compartir en Twitter\" href='https:\/\/twitter.com\/share?text=Comunidad%20de%20Caleta%20Tortel%20releva%20la%20carpinter%C3%ADa%20de%20ribera%20y%20construye%20colectivamente%20nueva%20embarcaci%C3%B3n%20de%20cipr%C3%A9s&#038;url=https:\/\/radiorevelacionfm.cl\/?p=42078' aria-hidden='false' data-av_icon='\ue8f1' data-av_iconfont='entypo-fontello' title='' data-avia-related-tooltip='Compartir en Twitter' rel=\"noopener\"><span class='avia_hidden_link_text'>Compartir en Twitter<\/span><\/a><\/li><li class='av-share-link av-social-link-whatsapp' ><a target=\"_blank\" aria-label=\"Compartir en Whatsapp\" href='https:\/\/api.whatsapp.com\/send?text=https:\/\/radiorevelacionfm.cl\/?p=42078' aria-hidden='false' data-av_icon='\uf232' data-av_iconfont='entypo-fontello' title='' data-avia-related-tooltip='Compartir en Whatsapp' rel=\"noopener\"><span class='avia_hidden_link_text'>Compartir en Whatsapp<\/span><\/a><\/li><li class='av-share-link av-social-link-linkedin' ><a target=\"_blank\" aria-label=\"Compartir en LinkedIn\" href='https:\/\/linkedin.com\/shareArticle?mini=true&#038;title=Comunidad%20de%20Caleta%20Tortel%20releva%20la%20carpinter%C3%ADa%20de%20ribera%20y%20construye%20colectivamente%20nueva%20embarcaci%C3%B3n%20de%20cipr%C3%A9s&#038;url=https:\/\/radiorevelacionfm.cl\/?p=42078' aria-hidden='false' data-av_icon='\ue8fc' data-av_iconfont='entypo-fontello' title='' data-avia-related-tooltip='Compartir en LinkedIn' rel=\"noopener\"><span class='avia_hidden_link_text'>Compartir en LinkedIn<\/span><\/a><\/li><li class='av-share-link av-social-link-mail' ><a  aria-label=\"Compartir por correo\" href='mailto:?subject=Comunidad%20de%20Caleta%20Tortel%20releva%20la%20carpinter%C3%ADa%20de%20ribera%20y%20construye%20colectivamente%20nueva%20embarcaci%C3%B3n%20de%20cipr%C3%A9s&#038;body=https:\/\/radiorevelacionfm.cl\/?p=42078' aria-hidden='false' data-av_icon='\ue805' data-av_iconfont='entypo-fontello' title='' data-avia-related-tooltip='Compartir por correo'><span class='avia_hidden_link_text'>Compartir por correo<\/span><\/a><\/li><\/ul><\/div><\/div>\n<div  style='height:50px' class='hr hr-invisible   avia-builder-el-8  el_after_av_social_share  el_before_av_comments_list '><span class='hr-inner ' ><span class='hr-inner-style'><\/span><\/span><\/div>\n<div  class='av-buildercomment  av-blog-meta-html-info-disabled av-blog-meta-tag-disabled  '><\/div>\n","protected":false},"excerpt":{"rendered":"","protected":false},"author":1,"featured_media":42079,"comment_status":"open","ping_status":"open","sticky":false,"template":"","format":"standard","meta":{"footnotes":""},"categories":[52],"tags":[],"class_list":["post-42078","post","type-post","status-publish","format-standard","has-post-thumbnail","hentry","category-cultura"],"jetpack_featured_media_url":"https:\/\/radiorevelacionfm.cl\/wp-content\/uploads\/2024\/05\/\u00a9felipe-payne-2-1_optimized.jpg","_links":{"self":[{"href":"https:\/\/radiorevelacionfm.cl\/index.php?rest_route=\/wp\/v2\/posts\/42078","targetHints":{"allow":["GET"]}}],"collection":[{"href":"https:\/\/radiorevelacionfm.cl\/index.php?rest_route=\/wp\/v2\/posts"}],"about":[{"href":"https:\/\/radiorevelacionfm.cl\/index.php?rest_route=\/wp\/v2\/types\/post"}],"author":[{"embeddable":true,"href":"https:\/\/radiorevelacionfm.cl\/index.php?rest_route=\/wp\/v2\/users\/1"}],"replies":[{"embeddable":true,"href":"https:\/\/radiorevelacionfm.cl\/index.php?rest_route=%2Fwp%2Fv2%2Fcomments&post=42078"}],"version-history":[{"count":1,"href":"https:\/\/radiorevelacionfm.cl\/index.php?rest_route=\/wp\/v2\/posts\/42078\/revisions"}],"predecessor-version":[{"id":42080,"href":"https:\/\/radiorevelacionfm.cl\/index.php?rest_route=\/wp\/v2\/posts\/42078\/revisions\/42080"}],"wp:featuredmedia":[{"embeddable":true,"href":"https:\/\/radiorevelacionfm.cl\/index.php?rest_route=\/wp\/v2\/media\/42079"}],"wp:attachment":[{"href":"https:\/\/radiorevelacionfm.cl\/index.php?rest_route=%2Fwp%2Fv2%2Fmedia&parent=42078"}],"wp:term":[{"taxonomy":"category","embeddable":true,"href":"https:\/\/radiorevelacionfm.cl\/index.php?rest_route=%2Fwp%2Fv2%2Fcategories&post=42078"},{"taxonomy":"post_tag","embeddable":true,"href":"https:\/\/radiorevelacionfm.cl\/index.php?rest_route=%2Fwp%2Fv2%2Ftags&post=42078"}],"curies":[{"name":"wp","href":"https:\/\/api.w.org\/{rel}","templated":true}]}}