{"id":42051,"date":"2024-05-09T16:08:30","date_gmt":"2024-05-09T19:08:30","guid":{"rendered":"https:\/\/radiorevelacionfm.cl\/?p=42051"},"modified":"2024-05-09T16:08:30","modified_gmt":"2024-05-09T19:08:30","slug":"primeros-certificados-por-chilevalora-como-operarios-y-operarias-rederos-son-de-la-region-de-aysen","status":"publish","type":"post","link":"https:\/\/radiorevelacionfm.cl\/?p=42051","title":{"rendered":"Primeros certificados por ChileValora como Operarios y Operarias Rederos son de la Regi\u00f3n de Ays\u00e9n"},"content":{"rendered":"<div class=\"flex_column av_one_full  flex_column_div av-zero-column-padding first  avia-builder-el-0  el_before_av_one_full  avia-builder-el-first  \" style='border-radius:0px; '><div  class='avia-image-container  av-styling-    avia-builder-el-1  avia-builder-el-no-sibling  avia-align-center '  itemprop=\"image\" itemscope=\"itemscope\" itemtype=\"https:\/\/schema.org\/ImageObject\"  ><div class='avia-image-container-inner'><div class='avia-image-overlay-wrap'><img decoding=\"async\" class='wp-image-42052 avia-img-lazy-loading-not-42052 avia_image' src=\"https:\/\/radiorevelacionfm.cl\/wp-content\/uploads\/2024\/05\/Certificacion-Operarios-y-operarias-Rederos_ChileValora_2-2-1.jpg\" alt='' title='Certificacion Operarios y operarias Rederos_ChileValora_2 (2) (1)' height=\"546\" width=\"1004\"  itemprop=\"thumbnailUrl\" srcset=\"https:\/\/radiorevelacionfm.cl\/wp-content\/uploads\/2024\/05\/Certificacion-Operarios-y-operarias-Rederos_ChileValora_2-2-1.jpg 1004w, https:\/\/radiorevelacionfm.cl\/wp-content\/uploads\/2024\/05\/Certificacion-Operarios-y-operarias-Rederos_ChileValora_2-2-1-300x163.jpg 300w, https:\/\/radiorevelacionfm.cl\/wp-content\/uploads\/2024\/05\/Certificacion-Operarios-y-operarias-Rederos_ChileValora_2-2-1-768x418.jpg 768w, https:\/\/radiorevelacionfm.cl\/wp-content\/uploads\/2024\/05\/Certificacion-Operarios-y-operarias-Rederos_ChileValora_2-2-1-705x383.jpg 705w, https:\/\/radiorevelacionfm.cl\/wp-content\/uploads\/2024\/05\/Certificacion-Operarios-y-operarias-Rederos_ChileValora_2-2-1-450x245.jpg 450w, https:\/\/radiorevelacionfm.cl\/wp-content\/uploads\/2024\/05\/Certificacion-Operarios-y-operarias-Rederos_ChileValora_2-2-1-600x326.jpg 600w\" sizes=\"(max-width: 1004px) 100vw, 1004px\" \/><\/div><\/div><\/div><\/div><div class=\"flex_column av_one_full  flex_column_div av-zero-column-padding first  avia-builder-el-2  el_after_av_one_full  el_before_av_one_full  column-top-margin\" style='border-radius:0px; '><section class=\"av_textblock_section \"  itemscope=\"itemscope\" itemtype=\"https:\/\/schema.org\/BlogPosting\" itemprop=\"blogPost\" ><div class='avia_textblock  '   itemprop=\"text\" ><p style=\"text-align: center;\"><strong><span style=\"font-size: 18pt;\">Primeros certificados por ChileValora como Operarios y Operarias Rederos son de la Regi\u00f3n de Ays\u00e9n<\/span><\/strong><\/p>\n<div id=\"gtx-trans\" style=\"position: absolute; left: -50px; top: 4.31534px;\">\n<div class=\"gtx-trans-icon\"><\/div>\n<\/div>\n<\/div><\/section><\/div><div class=\"flex_column av_one_full  flex_column_div av-zero-column-padding first  avia-builder-el-4  el_after_av_one_full  el_before_av_hr  column-top-margin\" style='border-radius:0px; '><section class=\"av_textblock_section \"  itemscope=\"itemscope\" itemtype=\"https:\/\/schema.org\/BlogPosting\" itemprop=\"blogPost\" ><div class='avia_textblock  '   itemprop=\"text\" ><p class=\"v1MsoNormal\" style=\"text-align: justify;\">Luego que en noviembre del a\u00f1o pasado se anunciara el in\u00e9dito proyecto para evaluar y certificar por primera vez en Chile las competencias laborales de las y los trabajadores que se desempe\u00f1an como rederos en distintas empresas de la Regi\u00f3n de Ays\u00e9n, 68 personas que fueron evaluadas entre noviembre y marzo en el perfil laboral Operario\/a Redero\/a de ChileValora tuvieron su ceremonia de entrega de diplomas, por haber aprobado exitosamente el proceso de certificaci\u00f3n. Con esto, se busc\u00f3 reconocer formalmente a quienes llevan a\u00f1os realizando esta labor como prestadores de servicios de la industria acu\u00edcola y de pesca.<\/p>\n<p class=\"v1MsoNormal\" style=\"text-align: justify;\">Este proyecto naci\u00f3 de una alianza p\u00fablico-privada, cuyo origen fue idea de AquaChile y de empresas prestadoras de servicios de limpieza y reparaci\u00f3n de redes de la industria acu\u00edcola y de pesca, para luego involucrar al Ministerio del Trabajo y Previsi\u00f3n Social a trav\u00e9s del Sence y ChileValora, dependientes en la regi\u00f3n de la SEREMI de dicha cartera ministerial. Adem\u00e1s, cabe destacar que el proyecto nace desde la Regi\u00f3n de Ays\u00e9n para ser replicado en todo Chile.<\/p>\n<p class=\"v1MsoNormal\" style=\"text-align: justify;\">Para la presidenta del directorio de ChileValora, Andrea Marchant Marchant, de visita en la regi\u00f3n, el hito reviste caracter\u00edsticas importantes, debido a que \u00abmuchas mujeres se certificaron hoy, esto le entrega valor a su trabajo y dignifica su trabajo. Agradecida del Seremi del Trabajo, Rodrigo D\u00edaz y del delegado presidencial por todo el di\u00e1logo social tripartito que se dio para lograr realizar esta certificaci\u00f3n tan valiosa para las y los trabajadores\u00bb.<\/p>\n<p class=\"v1MsoNormal\" style=\"text-align: justify;\">As\u00ed, durante los meses se\u00f1alados las y los trabajadores fueron evaluados en la confecci\u00f3n y reparaci\u00f3n de redes para acreditar su experiencia en el oficio. La totalidad de los operarios\/as de rederos\/as certificados\/as realizan sus funciones en las empresas Sociedad RDA S.A., Badinotti Net services Ays\u00e9n, Servicios Industriales Byb Ltda y Taller de redes R\u00edo \u00c1lvarez. Mientras que, el proceso fue financiado a trav\u00e9s de becas laborales del Servicio Nacional de Capacitaci\u00f3n y Empleo (Sence) y ejecutado por el centro evaluador y certificador Xitla Asesor\u00edas, acreditado ante ChileValora para tales fines.<\/p>\n<p class=\"v1MsoNormal\" style=\"text-align: justify;\">En la ceremonia de entrega de diplomas por aprobar el proceso, que se realiz\u00f3 en el Gran Hotel Ays\u00e9n, estuvieron presentes el delegado presidencial provincial de Ays\u00e9n, Jorge D\u00edaz Guzm\u00e1n; el seremi de Trabajo y Previsi\u00f3n Social de la Regi\u00f3n de Ays\u00e9n, Rodrigo D\u00edaz Cordaro; la presidenta del directorio de ChileValora Andrea Marchant Marchant, quien adem\u00e1s es representante de la CUT; el director regional de SENCE Ays\u00e9n, Nelson Garrido Morales; y coordinador regional de ChileValora en Ays\u00e9n, Rodrigo Moreno Rivera.<\/p>\n<p class=\"v1MsoNormal\" style=\"text-align: justify;\">\u00abEsta actividad es muy relevante, una oportunidad para muchas personas porque es un oficio que no se puede estudiar en ninguna parte y es precisamente un requerimiento del sector acu\u00edcola. La \u00a0\u00a0Regi\u00f3n de Ays\u00e9n y la Provincia de Ays\u00e9n, en particular, es uno donde m\u00e1s se desarrolla esta actividad, casi un 70% de la actividad nacional se realiza en Ays\u00e9n\u00bb. La autoridad adem\u00e1s agreg\u00f3, \u00abcertificar que las y los trabajadores tienen las competencias para trabajar en este oficio tan importante para la industria acu\u00edcola, y que ahora pueden competir con sus pares de otras regiones y eso eleva las oportunidades que tienen las y los trabajadores de Ays\u00e9n \u00ab, se\u00f1al\u00f3 el delegado presidencial de Ays\u00e9n, Jorge D\u00edaz Guzm\u00e1n.<\/p>\n<p class=\"v1MsoNormal\" style=\"text-align: justify;\">El seremi del Trabajo y Previsi\u00f3n Social de Ays\u00e9n, Rodrigo D\u00edaz Cordaro, se\u00f1al\u00f3 que: \u00abEsto nos tiene satisfecho, con el trabajo de Sence, de ChileValora y de los privados, como AquaChile y Redes Ays\u00e9n nos permiti\u00f3 crear y levantar este perfil en la Regi\u00f3n de Ays\u00e9n, es un hito importante que hay que relevar. Son 68 trabajadores y trabajadoras, principalmente trabajadoras y que nuestro Gobierno llega donde debe llegar. La certificaci\u00f3n de competencias laborales va a mejorar su empleabilidad y nos permite concretar el trabajo decente para el buen vivir\u00bb.<\/p>\n<p class=\"v1MsoNormal\" style=\"text-align: justify;\">Por su parte, Nelson Garrido Morales, director del Sence de Ays\u00e9n, tambi\u00e9n destac\u00f3 este proceso: \u00abLa vinculaci\u00f3n entre ChileValora y Sence bajo el paraguas del Ministerio de Trabajo y Previsi\u00f3n Social es de una relevancia extrema, hoy acabamos de ver c\u00f3mo esta relaci\u00f3n con las entidades del Estado, privados y trabajadores, llega a dignificar un oficio que tiene tantos a\u00f1os en la regi\u00f3n. Hoy se releva a trav\u00e9s de la certificaci\u00f3n de ChileValora con fondos Sence, \u00a0y logran este gran hito con una certificaci\u00f3n\u00bb.<\/p>\n<p class=\"v1MsoNormal\" style=\"text-align: justify;\">Ximena C\u00e1rcamo, quien hace 16 a\u00f1os trabaja en el oficio de redes, se mostr\u00f3 muy contenta y emocionada con la certificaci\u00f3n, \u00abcada logro y reconocimiento que se haga a un trabajador es importante. Para m\u00ed es importante, por la cantidad de a\u00f1os que llevo trabajando, recibir un reconocimiento as\u00ed, se valora, que los talleres de redes sigan, sigan dando trabajo y se siga aprendiendo la labor, que es bonita\u00bb, mencion\u00f3, realizando adem\u00e1s un reconocimiento especial a H\u00e9ctor Hueica, quien le ense\u00f1\u00f3 el oficio a gran parte de las y los trabajadores en Puerto Ays\u00e9n.<\/p>\n<p class=\"v1MsoNormal\" style=\"text-align: justify;\">A su vez, Eduardo C\u00e1rcamo, trabajador de la industria acu\u00edcola que certific\u00f3 sus competencias laborales manifest\u00f3 su parecer: \u00abMe parece perfecto que est\u00e9n reconociendo la labor que se realiza d\u00eda a d\u00eda, llevo hartos a\u00f1os haciendo esto y la oportunidad que se nos dio, nos va a servir bastante de aqu\u00ed a futuro, tiene harto significado que le den reconocimiento a toda la gente que trabaja en redes\u00bb.<\/p>\n<p class=\"v1MsoNormal\" style=\"text-align: justify;\">Cabe mencionar que fueron 68 las personas certificadas de Puerto Ays\u00e9n y Puerto Cisnes, 42 trabajadoras y 26 trabajadores certificados, esperando incluir otros grupos prontamente.<\/p>\n<\/div><\/section><\/div><div  style='height:50px' class='hr hr-invisible   avia-builder-el-6  el_after_av_one_full  el_before_av_social_share '><span class='hr-inner ' ><span class='hr-inner-style'><\/span><\/span><\/div><\/p>\n<div  class='av-social-sharing-box  avia-builder-el-7  el_after_av_hr  el_before_av_hr  '><div class='av-share-box'><h5 class='av-share-link-description av-no-toc '>Compartir esta noticia<\/h5><ul class='av-share-box-list noLightbox'><li class='av-share-link av-social-link-facebook' ><a target=\"_blank\" aria-label=\"Compartir en Facebook\" href='https:\/\/www.facebook.com\/sharer.php?u=https:\/\/radiorevelacionfm.cl\/?p=42051&#038;t=Primeros%20certificados%20por%20ChileValora%20como%20Operarios%20y%20Operarias%20Rederos%20son%20de%20la%20Regi%C3%B3n%20de%20Ays%C3%A9n' aria-hidden='false' data-av_icon='\ue8f3' data-av_iconfont='entypo-fontello' title='' data-avia-related-tooltip='Compartir en Facebook' rel=\"noopener\"><span class='avia_hidden_link_text'>Compartir en Facebook<\/span><\/a><\/li><li class='av-share-link av-social-link-twitter' ><a target=\"_blank\" aria-label=\"Compartir en Twitter\" href='https:\/\/twitter.com\/share?text=Primeros%20certificados%20por%20ChileValora%20como%20Operarios%20y%20Operarias%20Rederos%20son%20de%20la%20Regi%C3%B3n%20de%20Ays%C3%A9n&#038;url=https:\/\/radiorevelacionfm.cl\/?p=42051' aria-hidden='false' data-av_icon='\ue8f1' data-av_iconfont='entypo-fontello' title='' data-avia-related-tooltip='Compartir en Twitter' rel=\"noopener\"><span class='avia_hidden_link_text'>Compartir en Twitter<\/span><\/a><\/li><li class='av-share-link av-social-link-whatsapp' ><a target=\"_blank\" aria-label=\"Compartir en Whatsapp\" href='https:\/\/api.whatsapp.com\/send?text=https:\/\/radiorevelacionfm.cl\/?p=42051' aria-hidden='false' data-av_icon='\uf232' data-av_iconfont='entypo-fontello' title='' data-avia-related-tooltip='Compartir en Whatsapp' rel=\"noopener\"><span class='avia_hidden_link_text'>Compartir en Whatsapp<\/span><\/a><\/li><li class='av-share-link av-social-link-linkedin' ><a target=\"_blank\" aria-label=\"Compartir en LinkedIn\" href='https:\/\/linkedin.com\/shareArticle?mini=true&#038;title=Primeros%20certificados%20por%20ChileValora%20como%20Operarios%20y%20Operarias%20Rederos%20son%20de%20la%20Regi%C3%B3n%20de%20Ays%C3%A9n&#038;url=https:\/\/radiorevelacionfm.cl\/?p=42051' aria-hidden='false' data-av_icon='\ue8fc' data-av_iconfont='entypo-fontello' title='' data-avia-related-tooltip='Compartir en LinkedIn' rel=\"noopener\"><span class='avia_hidden_link_text'>Compartir en LinkedIn<\/span><\/a><\/li><li class='av-share-link av-social-link-mail' ><a  aria-label=\"Compartir por correo\" href='mailto:?subject=Primeros%20certificados%20por%20ChileValora%20como%20Operarios%20y%20Operarias%20Rederos%20son%20de%20la%20Regi%C3%B3n%20de%20Ays%C3%A9n&#038;body=https:\/\/radiorevelacionfm.cl\/?p=42051' aria-hidden='false' data-av_icon='\ue805' data-av_iconfont='entypo-fontello' title='' data-avia-related-tooltip='Compartir por correo'><span class='avia_hidden_link_text'>Compartir por correo<\/span><\/a><\/li><\/ul><\/div><\/div>\n<div  style='height:50px' class='hr hr-invisible   avia-builder-el-8  el_after_av_social_share  el_before_av_comments_list '><span class='hr-inner ' ><span class='hr-inner-style'><\/span><\/span><\/div>\n<div  class='av-buildercomment  av-blog-meta-html-info-disabled av-blog-meta-tag-disabled  '><\/div>\n","protected":false},"excerpt":{"rendered":"","protected":false},"author":1,"featured_media":42052,"comment_status":"open","ping_status":"open","sticky":false,"template":"","format":"standard","meta":{"footnotes":""},"categories":[56],"tags":[],"class_list":["post-42051","post","type-post","status-publish","format-standard","has-post-thumbnail","hentry","category-trabajo"],"jetpack_featured_media_url":"https:\/\/radiorevelacionfm.cl\/wp-content\/uploads\/2024\/05\/Certificacion-Operarios-y-operarias-Rederos_ChileValora_2-2-1.jpg","_links":{"self":[{"href":"https:\/\/radiorevelacionfm.cl\/index.php?rest_route=\/wp\/v2\/posts\/42051","targetHints":{"allow":["GET"]}}],"collection":[{"href":"https:\/\/radiorevelacionfm.cl\/index.php?rest_route=\/wp\/v2\/posts"}],"about":[{"href":"https:\/\/radiorevelacionfm.cl\/index.php?rest_route=\/wp\/v2\/types\/post"}],"author":[{"embeddable":true,"href":"https:\/\/radiorevelacionfm.cl\/index.php?rest_route=\/wp\/v2\/users\/1"}],"replies":[{"embeddable":true,"href":"https:\/\/radiorevelacionfm.cl\/index.php?rest_route=%2Fwp%2Fv2%2Fcomments&post=42051"}],"version-history":[{"count":1,"href":"https:\/\/radiorevelacionfm.cl\/index.php?rest_route=\/wp\/v2\/posts\/42051\/revisions"}],"predecessor-version":[{"id":42053,"href":"https:\/\/radiorevelacionfm.cl\/index.php?rest_route=\/wp\/v2\/posts\/42051\/revisions\/42053"}],"wp:featuredmedia":[{"embeddable":true,"href":"https:\/\/radiorevelacionfm.cl\/index.php?rest_route=\/wp\/v2\/media\/42052"}],"wp:attachment":[{"href":"https:\/\/radiorevelacionfm.cl\/index.php?rest_route=%2Fwp%2Fv2%2Fmedia&parent=42051"}],"wp:term":[{"taxonomy":"category","embeddable":true,"href":"https:\/\/radiorevelacionfm.cl\/index.php?rest_route=%2Fwp%2Fv2%2Fcategories&post=42051"},{"taxonomy":"post_tag","embeddable":true,"href":"https:\/\/radiorevelacionfm.cl\/index.php?rest_route=%2Fwp%2Fv2%2Ftags&post=42051"}],"curies":[{"name":"wp","href":"https:\/\/api.w.org\/{rel}","templated":true}]}}