{"id":4205,"date":"2021-05-17T12:00:15","date_gmt":"2021-05-17T15:00:15","guid":{"rendered":"https:\/\/radiorevelacionfm.cl\/?p=4205"},"modified":"2021-05-17T12:00:15","modified_gmt":"2021-05-17T15:00:15","slug":"controversia-por-construccion-de-hidroelectrica-los-maquis-en-emblematicas-cascadas-escala-al-senado","status":"publish","type":"post","link":"https:\/\/radiorevelacionfm.cl\/?p=4205","title":{"rendered":"Controversia por construcci\u00f3n de hidroel\u00e9ctrica Los Maquis en emblem\u00e1ticas cascadas escala al Senado"},"content":{"rendered":"<div class=\"flex_column av_one_full  flex_column_div av-zero-column-padding first  avia-builder-el-0  el_before_av_one_full  avia-builder-el-first  \" style='border-radius:0px; '><div  class='avia-image-container  av-styling-    avia-builder-el-1  avia-builder-el-no-sibling  avia-align-center '  itemprop=\"image\" itemscope=\"itemscope\" itemtype=\"https:\/\/schema.org\/ImageObject\"  ><div class='avia-image-container-inner'><div class='avia-image-overlay-wrap'><img decoding=\"async\" class='wp-image-4206 avia-img-lazy-loading-not-4206 avia_image' src=\"https:\/\/radiorevelacionfm.cl\/wp-content\/uploads\/2021\/05\/Central_LosMaquis-1-1.jpg\" alt='' title='Central_LosMaquis (1) (1)' height=\"600\" width=\"900\"  itemprop=\"thumbnailUrl\" srcset=\"https:\/\/radiorevelacionfm.cl\/wp-content\/uploads\/2021\/05\/Central_LosMaquis-1-1.jpg 900w, https:\/\/radiorevelacionfm.cl\/wp-content\/uploads\/2021\/05\/Central_LosMaquis-1-1-300x200.jpg 300w, https:\/\/radiorevelacionfm.cl\/wp-content\/uploads\/2021\/05\/Central_LosMaquis-1-1-768x512.jpg 768w, https:\/\/radiorevelacionfm.cl\/wp-content\/uploads\/2021\/05\/Central_LosMaquis-1-1-705x470.jpg 705w, https:\/\/radiorevelacionfm.cl\/wp-content\/uploads\/2021\/05\/Central_LosMaquis-1-1-600x400.jpg 600w\" sizes=\"(max-width: 900px) 100vw, 900px\" \/><\/div><\/div><\/div><\/div><div class=\"flex_column av_one_full  flex_column_div av-zero-column-padding first  avia-builder-el-2  el_after_av_one_full  el_before_av_one_full  column-top-margin\" style='border-radius:0px; '><section class=\"av_textblock_section \"  itemscope=\"itemscope\" itemtype=\"https:\/\/schema.org\/BlogPosting\" itemprop=\"blogPost\" ><div class='avia_textblock  '   itemprop=\"text\" ><p style=\"text-align: center;\"><strong><span style=\"font-size: 18pt;\">Controversia por construcci\u00f3n de hidroel\u00e9ctrica Los Maquis en emblem\u00e1ticas cascadas escala al Senado<\/span><\/strong><\/p>\n<div id=\"gtx-trans\" style=\"position: absolute; left: -50px; top: 4.31534px;\">\n<div class=\"gtx-trans-icon\"><\/div>\n<\/div>\n<\/div><\/section><\/div><div class=\"flex_column av_one_full  flex_column_div av-zero-column-padding first  avia-builder-el-4  el_after_av_one_full  el_before_av_hr  column-top-margin\" style='border-radius:0px; '><section class=\"av_textblock_section \"  itemscope=\"itemscope\" itemtype=\"https:\/\/schema.org\/BlogPosting\" itemprop=\"blogPost\" ><div class='avia_textblock  '   itemprop=\"text\" ><p class=\"v1MsoNormal\" style=\"text-align: justify;\"><span lang=\"ES\">Este lunes, a partir de las 12,30 horas, la Comisi\u00f3n del Medio Ambiente del Senado\u00a0<a href=\"https:\/\/www.senado.cl\/appsenado\/index.php?mo=comisiones&amp;ac=citacionesComision&amp;tipo_consulta=1\" target=\"_blank\" rel=\"noopener noreferrer\">analizar\u00e1<\/a>\u00a0la situaci\u00f3n de la central hidroel\u00e9ctrica Los Maquis, que Edelays\u00e9n (controlada por el Grupo SAESA, de capitales canadienses) construye en las cercan\u00edas de Puerto Guadal, en la regi\u00f3n de Ays\u00e9n.\u00a0\u00a0El proyecto ha suscitado el rechazo de una parte de la comunidad local, por no haber sido sometido evaluaci\u00f3n ambiental ni participaci\u00f3n ciudadana.<\/span><\/p>\n<p class=\"v1MsoNormal\" style=\"text-align: justify;\"><span lang=\"ES\">Esto ha motivado una serie de manifestaciones en el poblado y en Coyhaique, adem\u00e1s de acciones administrativas ante el Servicio de Evaluaci\u00f3n Ambiental, denuncias ante la Superintendencia del Medio Ambiente y presentaciones ante el Tribunal Ambiental de Valdivia.\u00a0\u00a0Adem\u00e1s de un recurso de protecci\u00f3n, que fuera denegado por la Corte Suprema pero s\u00f3lo por considerarlo extempor\u00e1neo.<\/span><\/p>\n<p class=\"v1MsoNormal\" style=\"text-align: justify;\"><span lang=\"ES\">A la cita han sido convocados la ministra del Medio Ambiente Carolina Schmidt, el Superintendente de Medio Ambiente Crist\u00f3bal de la Maza, el director del Servicio de Evaluaci\u00f3n Ambiental Hern\u00e1n Br\u00fccher y a un representante de Edelays\u00e9n.\u00a0\u00a0Por la comunidad participar\u00e1n el ingeniero hidr\u00f3logo, Dr. Alejandro Dussaillant, la representante de la Corporaci\u00f3n Chelenko Jasmia Y\u00e1\u00f1ez y el asesor legal de los vecinos y vecinas que han presentado las acciones, Erwin Sandoval.<\/span><\/p>\n<p class=\"v1MsoNormal\" style=\"text-align: justify;\"><span lang=\"ES\">Seg\u00fan la invitaci\u00f3n cursada, el objetivo ser\u00e1 \u00ab<i>conocer y analizar las razones por las cuales el proyecto hidroel\u00e9ctrico central Los Maquis, ubicado en Puerto Guadal, regi\u00f3n de Ays\u00e9n, no ingres\u00f3 al Sistema de Evaluaci\u00f3n de Impacto Ambiental, habi\u00e9ndose autorizado su funcionamiento v\u00eda consulta de pertinencia<\/i>\u00ab.<\/span><\/p>\n<p class=\"v1MsoNormal\" style=\"text-align: justify;\"><span lang=\"ES\">La sesi\u00f3n podr\u00e1 ser seguida por streaming a trav\u00e9s de la plataforma\u00a0<a href=\"https:\/\/tv.senado.cl\/\" target=\"_blank\" rel=\"noopener noreferrer\">https:\/\/tv.senado.cl<\/a>.\u00a0<\/span><\/p>\n<p class=\"v1MsoNormal\" style=\"text-align: justify;\"><b><span lang=\"ES\">Tribunal Ambiental de Valdivia<\/span><\/b><\/p>\n<p class=\"v1MsoNormal\" style=\"text-align: justify;\"><span lang=\"ES\">En tanto, los d\u00edas martes 18 y mi\u00e9rcoles 19 de mayo\u00a0<a href=\"https:\/\/www.terram.cl\/2021\/05\/tribunal-ambiental-de-valdivia-fija-para-el-18-y-19-de-mayo-alegatos-por-central-los-maquis\/\" target=\"_blank\" rel=\"noopener noreferrer\">sesionar\u00e1<\/a>\u00a0el Tribunal Ambiental de Valdivia para escuchar los fundamentos de las partes en dos recursos de reclamaci\u00f3n interpuestos por un grupo de vecinos y vecinas de Puerto Guadal por lo que consideran la construcci\u00f3n ilegal de la central hidroel\u00e9ctrica Los Maquis.<\/span><\/p>\n<p class=\"v1MsoNormal\" style=\"text-align: justify;\"><span lang=\"ES\">Dos son las causas que se tramitan en sede judicial: una impulsada por 8 pobladores contra el Servicio de Evaluaci\u00f3n Ambiental (SEA) por negarse a invalidar la autorizaci\u00f3n que dio a la empresa para iniciar faenas sin someterse a evaluaci\u00f3n ambiental; la segunda en contra de la Superintendencia del Medio Ambiente por desestimar la denuncia de 51 personas sobre el actuar del SEA y Edelays\u00e9n.<\/span><\/p>\n<p class=\"v1MsoNormal\" style=\"text-align: justify;\"><span lang=\"ES\">En paralelo a estas audiencias, la semana pasada los reclamantes requirieron por segunda vez al tribunal ordenar la paralizaci\u00f3n de las obras del proyecto mientras no exista sentencia definitiva que dirima la legalidad de su construcci\u00f3n.\u00a0<\/span><\/p>\n<p class=\"v1MsoNormal\" style=\"text-align: justify;\"><span lang=\"ES\">Los argumentos aluden a la actual evidencia de afectaci\u00f3n al valor tur\u00edstico, paisaj\u00edstico y ambiental de la zona; el impacto directo (con rodados de \u00e1ridos y otros) en los pozones del r\u00edo Los Maquis; la inminente instalaci\u00f3n y construcci\u00f3n de infraestructura que generar\u00e1 efectos negativos permanentes en el \u00e1rea, entre otros.<\/span><\/p>\n<p class=\"v1MsoNormal\" style=\"text-align: justify;\"><span lang=\"ES\">Estos impactos ambientales fueron fiscalizados por la Superintendencia del Medio Ambiente junto al director regional de Sernatur, Patricio Bast\u00edas, en visita inspectiva de fines de abril, seg\u00fan ha dado cuenta la propia empresa.<\/span><\/p>\n<p class=\"v1MsoNormal\" style=\"text-align: justify;\"><span lang=\"ES\">La solicitud de paralizaci\u00f3n a\u00fan no ha sido resuelta.<\/span><\/p>\n<\/div><\/section><\/div><div  style='height:50px' class='hr hr-invisible   avia-builder-el-6  el_after_av_one_full  el_before_av_social_share '><span class='hr-inner ' ><span class='hr-inner-style'><\/span><\/span><\/div><\/p>\n<div  class='av-social-sharing-box  avia-builder-el-7  el_after_av_hr  el_before_av_hr  '><div class='av-share-box'><h5 class='av-share-link-description av-no-toc '>Compartir esta noticia<\/h5><ul class='av-share-box-list noLightbox'><li class='av-share-link av-social-link-facebook' ><a target=\"_blank\" aria-label=\"Compartir en Facebook\" href='https:\/\/www.facebook.com\/sharer.php?u=https:\/\/radiorevelacionfm.cl\/?p=4205&#038;t=Controversia%20por%20construcci%C3%B3n%20de%20hidroel%C3%A9ctrica%20Los%20Maquis%20en%20emblem%C3%A1ticas%20cascadas%20escala%20al%20Senado' aria-hidden='false' data-av_icon='\ue8f3' data-av_iconfont='entypo-fontello' title='' data-avia-related-tooltip='Compartir en Facebook' rel=\"noopener\"><span class='avia_hidden_link_text'>Compartir en Facebook<\/span><\/a><\/li><li class='av-share-link av-social-link-twitter' ><a target=\"_blank\" aria-label=\"Compartir en Twitter\" href='https:\/\/twitter.com\/share?text=Controversia%20por%20construcci%C3%B3n%20de%20hidroel%C3%A9ctrica%20Los%20Maquis%20en%20emblem%C3%A1ticas%20cascadas%20escala%20al%20Senado&#038;url=https:\/\/radiorevelacionfm.cl\/?p=4205' aria-hidden='false' data-av_icon='\ue8f1' data-av_iconfont='entypo-fontello' title='' data-avia-related-tooltip='Compartir en Twitter' rel=\"noopener\"><span class='avia_hidden_link_text'>Compartir en Twitter<\/span><\/a><\/li><li class='av-share-link av-social-link-whatsapp' ><a target=\"_blank\" aria-label=\"Compartir en Whatsapp\" href='https:\/\/api.whatsapp.com\/send?text=https:\/\/radiorevelacionfm.cl\/?p=4205' aria-hidden='false' data-av_icon='\uf232' data-av_iconfont='entypo-fontello' title='' data-avia-related-tooltip='Compartir en Whatsapp' rel=\"noopener\"><span class='avia_hidden_link_text'>Compartir en Whatsapp<\/span><\/a><\/li><li class='av-share-link av-social-link-linkedin' ><a target=\"_blank\" aria-label=\"Compartir en LinkedIn\" href='https:\/\/linkedin.com\/shareArticle?mini=true&#038;title=Controversia%20por%20construcci%C3%B3n%20de%20hidroel%C3%A9ctrica%20Los%20Maquis%20en%20emblem%C3%A1ticas%20cascadas%20escala%20al%20Senado&#038;url=https:\/\/radiorevelacionfm.cl\/?p=4205' aria-hidden='false' data-av_icon='\ue8fc' data-av_iconfont='entypo-fontello' title='' data-avia-related-tooltip='Compartir en LinkedIn' rel=\"noopener\"><span class='avia_hidden_link_text'>Compartir en LinkedIn<\/span><\/a><\/li><li class='av-share-link av-social-link-mail' ><a  aria-label=\"Compartir por correo\" href='mailto:?subject=Controversia%20por%20construcci%C3%B3n%20de%20hidroel%C3%A9ctrica%20Los%20Maquis%20en%20emblem%C3%A1ticas%20cascadas%20escala%20al%20Senado&#038;body=https:\/\/radiorevelacionfm.cl\/?p=4205' aria-hidden='false' data-av_icon='\ue805' data-av_iconfont='entypo-fontello' title='' data-avia-related-tooltip='Compartir por correo'><span class='avia_hidden_link_text'>Compartir por correo<\/span><\/a><\/li><\/ul><\/div><\/div>\n<div  style='height:50px' class='hr hr-invisible   avia-builder-el-8  el_after_av_social_share  el_before_av_comments_list '><span class='hr-inner ' ><span class='hr-inner-style'><\/span><\/span><\/div>\n<div  class='av-buildercomment  av-blog-meta-html-info-disabled av-blog-meta-tag-disabled  '><\/div>\n","protected":false},"excerpt":{"rendered":"","protected":false},"author":1,"featured_media":4206,"comment_status":"open","ping_status":"open","sticky":false,"template":"","format":"standard","meta":{"footnotes":""},"categories":[39],"tags":[],"class_list":["post-4205","post","type-post","status-publish","format-standard","has-post-thumbnail","hentry","category-medio-ambiente"],"jetpack_featured_media_url":"https:\/\/radiorevelacionfm.cl\/wp-content\/uploads\/2021\/05\/Central_LosMaquis-1-1.jpg","_links":{"self":[{"href":"https:\/\/radiorevelacionfm.cl\/index.php?rest_route=\/wp\/v2\/posts\/4205","targetHints":{"allow":["GET"]}}],"collection":[{"href":"https:\/\/radiorevelacionfm.cl\/index.php?rest_route=\/wp\/v2\/posts"}],"about":[{"href":"https:\/\/radiorevelacionfm.cl\/index.php?rest_route=\/wp\/v2\/types\/post"}],"author":[{"embeddable":true,"href":"https:\/\/radiorevelacionfm.cl\/index.php?rest_route=\/wp\/v2\/users\/1"}],"replies":[{"embeddable":true,"href":"https:\/\/radiorevelacionfm.cl\/index.php?rest_route=%2Fwp%2Fv2%2Fcomments&post=4205"}],"version-history":[{"count":1,"href":"https:\/\/radiorevelacionfm.cl\/index.php?rest_route=\/wp\/v2\/posts\/4205\/revisions"}],"predecessor-version":[{"id":4207,"href":"https:\/\/radiorevelacionfm.cl\/index.php?rest_route=\/wp\/v2\/posts\/4205\/revisions\/4207"}],"wp:featuredmedia":[{"embeddable":true,"href":"https:\/\/radiorevelacionfm.cl\/index.php?rest_route=\/wp\/v2\/media\/4206"}],"wp:attachment":[{"href":"https:\/\/radiorevelacionfm.cl\/index.php?rest_route=%2Fwp%2Fv2%2Fmedia&parent=4205"}],"wp:term":[{"taxonomy":"category","embeddable":true,"href":"https:\/\/radiorevelacionfm.cl\/index.php?rest_route=%2Fwp%2Fv2%2Fcategories&post=4205"},{"taxonomy":"post_tag","embeddable":true,"href":"https:\/\/radiorevelacionfm.cl\/index.php?rest_route=%2Fwp%2Fv2%2Ftags&post=4205"}],"curies":[{"name":"wp","href":"https:\/\/api.w.org\/{rel}","templated":true}]}}