{"id":42048,"date":"2024-05-09T15:45:38","date_gmt":"2024-05-09T18:45:38","guid":{"rendered":"https:\/\/radiorevelacionfm.cl\/?p=42048"},"modified":"2024-05-09T15:45:38","modified_gmt":"2024-05-09T18:45:38","slug":"tercera-tanda-de-conciertos-teluricos-en-centro-cultural-coyhaique","status":"publish","type":"post","link":"https:\/\/radiorevelacionfm.cl\/?p=42048","title":{"rendered":"Tercera tanda de Conciertos Tel\u00faricos en Centro Cultural Coyhaique"},"content":{"rendered":"<div class=\"flex_column av_one_full  flex_column_div av-zero-column-padding first  avia-builder-el-0  el_before_av_one_full  avia-builder-el-first  \" style='border-radius:0px; '><div  class='avia-image-container  av-styling-    avia-builder-el-1  avia-builder-el-no-sibling  avia-align-center '  itemprop=\"image\" itemscope=\"itemscope\" itemtype=\"https:\/\/schema.org\/ImageObject\"  ><div class='avia-image-container-inner'><div class='avia-image-overlay-wrap'><img decoding=\"async\" class='wp-image-42049 avia-img-lazy-loading-not-42049 avia_image' src=\"https:\/\/radiorevelacionfm.cl\/wp-content\/uploads\/2024\/05\/mbiromental-1-1.jpg\" alt='' title='mbiromental (1) (1)' height=\"600\" width=\"872\"  itemprop=\"thumbnailUrl\" srcset=\"https:\/\/radiorevelacionfm.cl\/wp-content\/uploads\/2024\/05\/mbiromental-1-1.jpg 872w, https:\/\/radiorevelacionfm.cl\/wp-content\/uploads\/2024\/05\/mbiromental-1-1-300x206.jpg 300w, https:\/\/radiorevelacionfm.cl\/wp-content\/uploads\/2024\/05\/mbiromental-1-1-768x528.jpg 768w, https:\/\/radiorevelacionfm.cl\/wp-content\/uploads\/2024\/05\/mbiromental-1-1-705x485.jpg 705w, https:\/\/radiorevelacionfm.cl\/wp-content\/uploads\/2024\/05\/mbiromental-1-1-450x310.jpg 450w, https:\/\/radiorevelacionfm.cl\/wp-content\/uploads\/2024\/05\/mbiromental-1-1-600x413.jpg 600w\" sizes=\"(max-width: 872px) 100vw, 872px\" \/><\/div><\/div><\/div><\/div><div class=\"flex_column av_one_full  flex_column_div av-zero-column-padding first  avia-builder-el-2  el_after_av_one_full  el_before_av_one_full  column-top-margin\" style='border-radius:0px; '><section class=\"av_textblock_section \"  itemscope=\"itemscope\" itemtype=\"https:\/\/schema.org\/BlogPosting\" itemprop=\"blogPost\" ><div class='avia_textblock  '   itemprop=\"text\" ><p style=\"text-align: center;\"><span style=\"font-size: 18pt;\"><b>Tercera tanda de Conciertos Tel\u00faricos en Centro Cultural Coyhaique<\/b><\/span><\/p>\n<div id=\"gtx-trans\" style=\"position: absolute; left: -50px; top: 4.31534px;\">\n<div class=\"gtx-trans-icon\"><\/div>\n<\/div>\n<\/div><\/section><\/div><div class=\"flex_column av_one_full  flex_column_div av-zero-column-padding first  avia-builder-el-4  el_after_av_one_full  el_before_av_hr  column-top-margin\" style='border-radius:0px; '><section class=\"av_textblock_section \"  itemscope=\"itemscope\" itemtype=\"https:\/\/schema.org\/BlogPosting\" itemprop=\"blogPost\" ><div class='avia_textblock  '   itemprop=\"text\" ><p style=\"text-align: justify;\">Tel\u00farica Producciones, con financiamiento del Fondo de Fomento de la M\u00fasica Nacional del Ministerio de la Culturas, las Artes y el Patrimonio, est\u00e1 llevando a cabo el ciclo de Conciertos Tel\u00faricos Sur del Sur y este s\u00e1bado se presenta la tercera parte en el Centro Cultural Coyhaique.<\/p>\n<p style=\"text-align: justify;\">El show que comienza a las siete de la tarde es una puesta en escena 100% austral y presenta a los magall\u00e1nicos Lluvia \u00c1cida y el proyecto de Alejandro C\u00e1rdenas, MbiroMental.<\/p>\n<p style=\"text-align: justify;\">Se trata de la continuaci\u00f3n del ciclo que comenz\u00f3 en marzo y que se extender\u00e1 hasta mediados de a\u00f1o con diferentes proyectos musicales que estar\u00e1n sobre el escenario del Centro Cultural Coyhaique.<\/p>\n<p style=\"text-align: justify;\">Rafael Cheuquelaf, de Lluvia \u00c1cida, dijo que \u201csin duda, es un espacio muy importante que se ha generado en torno a la m\u00fasica, especialmente la que cultivan artistas de la Patagonia y la zona austral del pa\u00eds. Con Lluvia \u00c1cida presentaremos nuestro \u00faltimo disco llamado Puntarenazo, que cuenta la historia de la resistencia durante la dictadura militar en Magallanes\u201d.<\/p>\n<p style=\"text-align: justify;\">Alejandro C\u00e1rdenas resume su proyecto MbiroMental: \u201cEs m\u00fasica electr\u00f3nica inspirada en el folclor latinoamericano; toda su influencia africana y particularmente en el cono sur. Sus paisajes, sus animales, su clima, su gente, sus historias, sus particularidades. Con eso pretendo y busco armar mi sonido\u201d.<\/p>\n<p style=\"text-align: justify;\">Sobre Sur del Sur y el trabajo de Tel\u00farica Producciones, Alejandro piensa que \u201ces una iniciativa necesaria en estos tiempos. Quienes lo est\u00e1n realizando est\u00e1n alcanzando una factura muy acabada t\u00e9cnica y profesionalmente\u201d.<\/p>\n<p style=\"text-align: justify;\">Felipe Quiroz, seremi de Culturas Ays\u00e9n, extendi\u00f3 la invitaci\u00f3n a la comunidad: \u201cDesde el Ministerio de las Culturas creemos que estas instancias fortalecen el sentido de audiencia de las comunidades, m\u00e1s a\u00fan cuando hablamos de m\u00fasica de la Patagonia que circula en los territorios. Ser\u00e1 un placer ver en el mismo escenario a m\u00fasicos magall\u00e1nicos y aysesinos en comuni\u00f3n con el p\u00fablico de Coyhaique. Queremos fortalecer las audiencias y para eso estamos trabajando\u201d.<\/p>\n<\/div><\/section><\/div><div  style='height:50px' class='hr hr-invisible   avia-builder-el-6  el_after_av_one_full  el_before_av_social_share '><span class='hr-inner ' ><span class='hr-inner-style'><\/span><\/span><\/div><\/p>\n<div  class='av-social-sharing-box  avia-builder-el-7  el_after_av_hr  el_before_av_hr  '><div class='av-share-box'><h5 class='av-share-link-description av-no-toc '>Compartir esta noticia<\/h5><ul class='av-share-box-list noLightbox'><li class='av-share-link av-social-link-facebook' ><a target=\"_blank\" aria-label=\"Compartir en Facebook\" href='https:\/\/www.facebook.com\/sharer.php?u=https:\/\/radiorevelacionfm.cl\/?p=42048&#038;t=Tercera%20tanda%20de%20Conciertos%20Tel%C3%BAricos%20en%20Centro%20Cultural%20Coyhaique' aria-hidden='false' data-av_icon='\ue8f3' data-av_iconfont='entypo-fontello' title='' data-avia-related-tooltip='Compartir en Facebook' rel=\"noopener\"><span class='avia_hidden_link_text'>Compartir en Facebook<\/span><\/a><\/li><li class='av-share-link av-social-link-twitter' ><a target=\"_blank\" aria-label=\"Compartir en Twitter\" href='https:\/\/twitter.com\/share?text=Tercera%20tanda%20de%20Conciertos%20Tel%C3%BAricos%20en%20Centro%20Cultural%20Coyhaique&#038;url=https:\/\/radiorevelacionfm.cl\/?p=42048' aria-hidden='false' data-av_icon='\ue8f1' data-av_iconfont='entypo-fontello' title='' data-avia-related-tooltip='Compartir en Twitter' rel=\"noopener\"><span class='avia_hidden_link_text'>Compartir en Twitter<\/span><\/a><\/li><li class='av-share-link av-social-link-whatsapp' ><a target=\"_blank\" aria-label=\"Compartir en Whatsapp\" href='https:\/\/api.whatsapp.com\/send?text=https:\/\/radiorevelacionfm.cl\/?p=42048' aria-hidden='false' data-av_icon='\uf232' data-av_iconfont='entypo-fontello' title='' data-avia-related-tooltip='Compartir en Whatsapp' rel=\"noopener\"><span class='avia_hidden_link_text'>Compartir en Whatsapp<\/span><\/a><\/li><li class='av-share-link av-social-link-linkedin' ><a target=\"_blank\" aria-label=\"Compartir en LinkedIn\" href='https:\/\/linkedin.com\/shareArticle?mini=true&#038;title=Tercera%20tanda%20de%20Conciertos%20Tel%C3%BAricos%20en%20Centro%20Cultural%20Coyhaique&#038;url=https:\/\/radiorevelacionfm.cl\/?p=42048' aria-hidden='false' data-av_icon='\ue8fc' data-av_iconfont='entypo-fontello' title='' data-avia-related-tooltip='Compartir en LinkedIn' rel=\"noopener\"><span class='avia_hidden_link_text'>Compartir en LinkedIn<\/span><\/a><\/li><li class='av-share-link av-social-link-mail' ><a  aria-label=\"Compartir por correo\" href='mailto:?subject=Tercera%20tanda%20de%20Conciertos%20Tel%C3%BAricos%20en%20Centro%20Cultural%20Coyhaique&#038;body=https:\/\/radiorevelacionfm.cl\/?p=42048' aria-hidden='false' data-av_icon='\ue805' data-av_iconfont='entypo-fontello' title='' data-avia-related-tooltip='Compartir por correo'><span class='avia_hidden_link_text'>Compartir por correo<\/span><\/a><\/li><\/ul><\/div><\/div>\n<div  style='height:50px' class='hr hr-invisible   avia-builder-el-8  el_after_av_social_share  el_before_av_comments_list '><span class='hr-inner ' ><span class='hr-inner-style'><\/span><\/span><\/div>\n<div  class='av-buildercomment  av-blog-meta-html-info-disabled av-blog-meta-tag-disabled  '><\/div>\n","protected":false},"excerpt":{"rendered":"","protected":false},"author":1,"featured_media":42049,"comment_status":"open","ping_status":"open","sticky":false,"template":"","format":"standard","meta":{"footnotes":""},"categories":[52],"tags":[],"class_list":["post-42048","post","type-post","status-publish","format-standard","has-post-thumbnail","hentry","category-cultura"],"jetpack_featured_media_url":"https:\/\/radiorevelacionfm.cl\/wp-content\/uploads\/2024\/05\/mbiromental-1-1.jpg","_links":{"self":[{"href":"https:\/\/radiorevelacionfm.cl\/index.php?rest_route=\/wp\/v2\/posts\/42048","targetHints":{"allow":["GET"]}}],"collection":[{"href":"https:\/\/radiorevelacionfm.cl\/index.php?rest_route=\/wp\/v2\/posts"}],"about":[{"href":"https:\/\/radiorevelacionfm.cl\/index.php?rest_route=\/wp\/v2\/types\/post"}],"author":[{"embeddable":true,"href":"https:\/\/radiorevelacionfm.cl\/index.php?rest_route=\/wp\/v2\/users\/1"}],"replies":[{"embeddable":true,"href":"https:\/\/radiorevelacionfm.cl\/index.php?rest_route=%2Fwp%2Fv2%2Fcomments&post=42048"}],"version-history":[{"count":1,"href":"https:\/\/radiorevelacionfm.cl\/index.php?rest_route=\/wp\/v2\/posts\/42048\/revisions"}],"predecessor-version":[{"id":42050,"href":"https:\/\/radiorevelacionfm.cl\/index.php?rest_route=\/wp\/v2\/posts\/42048\/revisions\/42050"}],"wp:featuredmedia":[{"embeddable":true,"href":"https:\/\/radiorevelacionfm.cl\/index.php?rest_route=\/wp\/v2\/media\/42049"}],"wp:attachment":[{"href":"https:\/\/radiorevelacionfm.cl\/index.php?rest_route=%2Fwp%2Fv2%2Fmedia&parent=42048"}],"wp:term":[{"taxonomy":"category","embeddable":true,"href":"https:\/\/radiorevelacionfm.cl\/index.php?rest_route=%2Fwp%2Fv2%2Fcategories&post=42048"},{"taxonomy":"post_tag","embeddable":true,"href":"https:\/\/radiorevelacionfm.cl\/index.php?rest_route=%2Fwp%2Fv2%2Ftags&post=42048"}],"curies":[{"name":"wp","href":"https:\/\/api.w.org\/{rel}","templated":true}]}}