{"id":42044,"date":"2024-05-09T13:52:13","date_gmt":"2024-05-09T16:52:13","guid":{"rendered":"https:\/\/radiorevelacionfm.cl\/?p=42044"},"modified":"2024-05-09T13:52:13","modified_gmt":"2024-05-09T16:52:13","slug":"capital-semilla-de-sercotec-se-inicia-la-postulacion-a-fondo-que-impulsa-la-creacion-de-pequenas-empresas","status":"publish","type":"post","link":"https:\/\/radiorevelacionfm.cl\/?p=42044","title":{"rendered":"Capital Semilla de Sercotec: Se inicia la postulaci\u00f3n a fondo que impulsa la creaci\u00f3n de peque\u00f1as empresas"},"content":{"rendered":"<div class=\"flex_column av_one_full  flex_column_div av-zero-column-padding first  avia-builder-el-0  el_before_av_one_full  avia-builder-el-first  \" style='border-radius:0px; '><div  class='avia-image-container  av-styling-    avia-builder-el-1  avia-builder-el-no-sibling  avia-align-center '  itemprop=\"image\" itemscope=\"itemscope\" itemtype=\"https:\/\/schema.org\/ImageObject\"  ><div class='avia-image-container-inner'><div class='avia-image-overlay-wrap'><img decoding=\"async\" class='wp-image-42045 avia-img-lazy-loading-not-42045 avia_image' src=\"https:\/\/radiorevelacionfm.cl\/wp-content\/uploads\/2024\/05\/capital-semilla-1_optimized.jpeg\" alt='' title='capital-semilla-(1)_optimized' height=\"600\" width=\"827\"  itemprop=\"thumbnailUrl\" srcset=\"https:\/\/radiorevelacionfm.cl\/wp-content\/uploads\/2024\/05\/capital-semilla-1_optimized.jpeg 827w, https:\/\/radiorevelacionfm.cl\/wp-content\/uploads\/2024\/05\/capital-semilla-1_optimized-300x218.jpeg 300w, https:\/\/radiorevelacionfm.cl\/wp-content\/uploads\/2024\/05\/capital-semilla-1_optimized-768x557.jpeg 768w, https:\/\/radiorevelacionfm.cl\/wp-content\/uploads\/2024\/05\/capital-semilla-1_optimized-705x511.jpeg 705w, https:\/\/radiorevelacionfm.cl\/wp-content\/uploads\/2024\/05\/capital-semilla-1_optimized-450x326.jpeg 450w, https:\/\/radiorevelacionfm.cl\/wp-content\/uploads\/2024\/05\/capital-semilla-1_optimized-600x435.jpeg 600w\" sizes=\"(max-width: 827px) 100vw, 827px\" \/><\/div><\/div><\/div><\/div><div class=\"flex_column av_one_full  flex_column_div av-zero-column-padding first  avia-builder-el-2  el_after_av_one_full  el_before_av_one_full  column-top-margin\" style='border-radius:0px; '><section class=\"av_textblock_section \"  itemscope=\"itemscope\" itemtype=\"https:\/\/schema.org\/BlogPosting\" itemprop=\"blogPost\" ><div class='avia_textblock  '   itemprop=\"text\" ><p style=\"text-align: center;\"><strong><span style=\"font-size: 18pt;\">Capital Semilla de Sercotec: Se inicia la postulaci\u00f3n a fondo que impulsa la creaci\u00f3n de peque\u00f1as empresas<\/span><\/strong><\/p>\n<div id=\"gtx-trans\" style=\"position: absolute; left: -50px; top: 4.31534px;\">\n<div class=\"gtx-trans-icon\"><\/div>\n<\/div>\n<\/div><\/section><\/div><div class=\"flex_column av_one_full  flex_column_div av-zero-column-padding first  avia-builder-el-4  el_after_av_one_full  el_before_av_hr  column-top-margin\" style='border-radius:0px; '><section class=\"av_textblock_section \"  itemscope=\"itemscope\" itemtype=\"https:\/\/schema.org\/BlogPosting\" itemprop=\"blogPost\" ><div class='avia_textblock  '   itemprop=\"text\" ><p style=\"text-align: justify;\">El Capital Semilla de Sercotec otorgar\u00e1 subsidios a m\u00e1s de mil emprendedores y emprendedoras para que puedan llevar a cabo sus ideas de negocio. Se puede postular hasta el 17 de mayo en <a href=\"http:\/\/www.sercotec.cl\">www.sercotec.cl<\/a>.<\/p>\n<p style=\"text-align: justify;\">Para fomentar la creaci\u00f3n de empresas formales en Chile, el Servicio de Cooperaci\u00f3n T\u00e9cnica, Sercotec, abri\u00f3 una nueva convocatoria del Capital Semilla Emprende, que otorga subsidios para apoyar a los emprendedores y emprendedoras que buscan llevar a cabo una idea de negocio.<\/p>\n<p style=\"text-align: justify;\">El fondo concursable entrega financiamiento por $3,5 millones para costear inversiones, infraestructura, asistencia t\u00e9cnica, capacitaci\u00f3n, marketing, capital de trabajo y los gastos de formalizaci\u00f3n de la empresa. Para ello, cuenta con un presupuesto total de $4.632 millones, con los que beneficiar\u00e1 a 1.001 emprendedores y emprendedoras del pa\u00eds.<\/p>\n<p style=\"text-align: justify;\">La convocatoria 2024 del Capital Semilla Emprende fue anunciada por el ministro de Econom\u00eda, Fomento y Turismo, Nicol\u00e1s Grau, quien junto a la gerenta general de Sercotec, Mar\u00eda Jos\u00e9 Becerra Moro, y la alcaldesa, Emilia R\u00edos, visitaron una muestra de emprendimientos que se instal\u00f3 en el Centro de Desarrollo de Negocios Sercotec \u00d1u\u00f1oa y que reuni\u00f3 a pymes creadas formalmente en a\u00f1os anteriores con apoyo de este programa.<\/p>\n<p style=\"text-align: justify;\">La gerenta general de Sercotec Mar\u00eda Jos\u00e9 Becerra Moro enfatiz\u00f3 que \u201cnuestra experiencia cercana con los emprendedores y emprendedoras de Chile ha evidenciado que muchas personas anhelan iniciar un negocio propio porque tienen una idea innovadora, porque desean conciliar el trabajo remunerado con el de cuidado de sus hijas e hijos o porque lo hacen por necesidad. Todos ellos necesitan una mano amiga que los apoye en su etapa inicial. Para eso Sercotec cuenta con el Capital Semilla Emprende, un fondo concursable que les permitir\u00e1 invertir en sus capacidades, as\u00ed como a trav\u00e9s de inversi\u00f3n en infraestructura, capital de trabajo e insumos, como en los propios procesos de formalizaci\u00f3n ante el Ministerio de Econom\u00eda y el Servicio de Impuestos Internos\u00bb.<\/p>\n<p style=\"text-align: justify;\">Por su Parte la Directora Regional\u00a0 de Ays\u00e9n \u00a0Nelly Vargas Mansilla se\u00f1alo \u201c es un fondo muy esperado por emprendedoras y emprendedores \u00a0que buscan formalizar su negocio,\u00a0 nuestro compromiso\u00a0 como instituci\u00f3n est\u00e1 en apoyarlas y apoyarlos en la concreci\u00f3n de sus proyectos\u00a0 de negocios y a trav\u00e9s de la entrega de este fondo , poder\u00a0\u00a0 implementar acciones que logren la\u00a0 sostenibilidad de su emprendimiento\u201d.<\/p>\n<p style=\"text-align: justify;\">\u00a0Finalmente en\u00a0 Coyhaique la beneficiaria del a convocatoria a\u00f1o 2023 Camila Saldias de la empresa \u201c Las Carpinteras\u201d , quien junto a su hermana Carla\u00a0 trabajan haciendo muebles, se\u00f1alo: \u201c el fondo me ayudo a adquirir\u00a0 diversas maquinarias necesarias para mejorar mi proceso de producci\u00f3n y asimismo aumentar la producci\u00f3n para dar respuesta\u00a0 al aumento de demanda que ten\u00eda\u00a0 y que me permiti\u00f3 hacer crecer mi emprendimiento, por eso las invito a\u00a0 participar\u00a0 y que postulen , es importante siempre leer las bases porque ah\u00ed te entregan las orientaciones para saber c\u00f3mo postular \u201d.<\/p>\n<p style=\"text-align: justify;\">Al fondo pueden postular personas mayores de edad (igual o mayor a 18 a\u00f1os) sin inicio de actividades en primera categor\u00eda ante el Servicio de Impuestos Internos, que no tengan deudas laborales, previsionales ni tributarias, y que no figuren en el Registro Nacional de Deudores de Pensiones de Alimentos.<\/p>\n<p style=\"text-align: justify;\"><strong>La postulaci\u00f3n se realiza a trav\u00e9s del sitio <\/strong><a href=\"http:\/\/www.sercotec.cl\"><strong>www.sercotec.cl<\/strong><\/a><strong>, hasta el viernes 17 de mayo. <\/strong>En caso de dudas se puede contactar con el Punto Mipe de Sercotec al fono +56920639826 o presencial de 8.30 a 13.00 horas, en Riquelme 255, Coyhaique.<\/p>\n<\/div><\/section><\/div><div  style='height:50px' class='hr hr-invisible   avia-builder-el-6  el_after_av_one_full  el_before_av_social_share '><span class='hr-inner ' ><span class='hr-inner-style'><\/span><\/span><\/div><\/p>\n<div  class='av-social-sharing-box  avia-builder-el-7  el_after_av_hr  el_before_av_hr  '><div class='av-share-box'><h5 class='av-share-link-description av-no-toc '>Compartir esta noticia<\/h5><ul class='av-share-box-list noLightbox'><li class='av-share-link av-social-link-facebook' ><a target=\"_blank\" aria-label=\"Compartir en Facebook\" href='https:\/\/www.facebook.com\/sharer.php?u=https:\/\/radiorevelacionfm.cl\/?p=42044&#038;t=Capital%20Semilla%20de%20Sercotec%3A%20Se%20inicia%20la%20postulaci%C3%B3n%20a%20fondo%20que%20impulsa%20la%20creaci%C3%B3n%20de%20peque%C3%B1as%20empresas' aria-hidden='false' data-av_icon='\ue8f3' data-av_iconfont='entypo-fontello' title='' data-avia-related-tooltip='Compartir en Facebook' rel=\"noopener\"><span class='avia_hidden_link_text'>Compartir en Facebook<\/span><\/a><\/li><li class='av-share-link av-social-link-twitter' ><a target=\"_blank\" aria-label=\"Compartir en Twitter\" href='https:\/\/twitter.com\/share?text=Capital%20Semilla%20de%20Sercotec%3A%20Se%20inicia%20la%20postulaci%C3%B3n%20a%20fondo%20que%20impulsa%20la%20creaci%C3%B3n%20de%20peque%C3%B1as%20empresas&#038;url=https:\/\/radiorevelacionfm.cl\/?p=42044' aria-hidden='false' data-av_icon='\ue8f1' data-av_iconfont='entypo-fontello' title='' data-avia-related-tooltip='Compartir en Twitter' rel=\"noopener\"><span class='avia_hidden_link_text'>Compartir en Twitter<\/span><\/a><\/li><li class='av-share-link av-social-link-whatsapp' ><a target=\"_blank\" aria-label=\"Compartir en Whatsapp\" href='https:\/\/api.whatsapp.com\/send?text=https:\/\/radiorevelacionfm.cl\/?p=42044' aria-hidden='false' data-av_icon='\uf232' data-av_iconfont='entypo-fontello' title='' data-avia-related-tooltip='Compartir en Whatsapp' rel=\"noopener\"><span class='avia_hidden_link_text'>Compartir en Whatsapp<\/span><\/a><\/li><li class='av-share-link av-social-link-linkedin' ><a target=\"_blank\" aria-label=\"Compartir en LinkedIn\" href='https:\/\/linkedin.com\/shareArticle?mini=true&#038;title=Capital%20Semilla%20de%20Sercotec%3A%20Se%20inicia%20la%20postulaci%C3%B3n%20a%20fondo%20que%20impulsa%20la%20creaci%C3%B3n%20de%20peque%C3%B1as%20empresas&#038;url=https:\/\/radiorevelacionfm.cl\/?p=42044' aria-hidden='false' data-av_icon='\ue8fc' data-av_iconfont='entypo-fontello' title='' data-avia-related-tooltip='Compartir en LinkedIn' rel=\"noopener\"><span class='avia_hidden_link_text'>Compartir en LinkedIn<\/span><\/a><\/li><li class='av-share-link av-social-link-mail' ><a  aria-label=\"Compartir por correo\" href='mailto:?subject=Capital%20Semilla%20de%20Sercotec%3A%20Se%20inicia%20la%20postulaci%C3%B3n%20a%20fondo%20que%20impulsa%20la%20creaci%C3%B3n%20de%20peque%C3%B1as%20empresas&#038;body=https:\/\/radiorevelacionfm.cl\/?p=42044' aria-hidden='false' data-av_icon='\ue805' data-av_iconfont='entypo-fontello' title='' data-avia-related-tooltip='Compartir por correo'><span class='avia_hidden_link_text'>Compartir por correo<\/span><\/a><\/li><\/ul><\/div><\/div>\n<div  style='height:50px' class='hr hr-invisible   avia-builder-el-8  el_after_av_social_share  el_before_av_comments_list '><span class='hr-inner ' ><span class='hr-inner-style'><\/span><\/span><\/div>\n<div  class='av-buildercomment  av-blog-meta-html-info-disabled av-blog-meta-tag-disabled  '><\/div>\n","protected":false},"excerpt":{"rendered":"","protected":false},"author":1,"featured_media":42045,"comment_status":"open","ping_status":"open","sticky":false,"template":"","format":"standard","meta":{"footnotes":""},"categories":[38],"tags":[],"class_list":["post-42044","post","type-post","status-publish","format-standard","has-post-thumbnail","hentry","category-regional"],"jetpack_featured_media_url":"https:\/\/radiorevelacionfm.cl\/wp-content\/uploads\/2024\/05\/capital-semilla-1_optimized.jpeg","_links":{"self":[{"href":"https:\/\/radiorevelacionfm.cl\/index.php?rest_route=\/wp\/v2\/posts\/42044","targetHints":{"allow":["GET"]}}],"collection":[{"href":"https:\/\/radiorevelacionfm.cl\/index.php?rest_route=\/wp\/v2\/posts"}],"about":[{"href":"https:\/\/radiorevelacionfm.cl\/index.php?rest_route=\/wp\/v2\/types\/post"}],"author":[{"embeddable":true,"href":"https:\/\/radiorevelacionfm.cl\/index.php?rest_route=\/wp\/v2\/users\/1"}],"replies":[{"embeddable":true,"href":"https:\/\/radiorevelacionfm.cl\/index.php?rest_route=%2Fwp%2Fv2%2Fcomments&post=42044"}],"version-history":[{"count":1,"href":"https:\/\/radiorevelacionfm.cl\/index.php?rest_route=\/wp\/v2\/posts\/42044\/revisions"}],"predecessor-version":[{"id":42046,"href":"https:\/\/radiorevelacionfm.cl\/index.php?rest_route=\/wp\/v2\/posts\/42044\/revisions\/42046"}],"wp:featuredmedia":[{"embeddable":true,"href":"https:\/\/radiorevelacionfm.cl\/index.php?rest_route=\/wp\/v2\/media\/42045"}],"wp:attachment":[{"href":"https:\/\/radiorevelacionfm.cl\/index.php?rest_route=%2Fwp%2Fv2%2Fmedia&parent=42044"}],"wp:term":[{"taxonomy":"category","embeddable":true,"href":"https:\/\/radiorevelacionfm.cl\/index.php?rest_route=%2Fwp%2Fv2%2Fcategories&post=42044"},{"taxonomy":"post_tag","embeddable":true,"href":"https:\/\/radiorevelacionfm.cl\/index.php?rest_route=%2Fwp%2Fv2%2Ftags&post=42044"}],"curies":[{"name":"wp","href":"https:\/\/api.w.org\/{rel}","templated":true}]}}