{"id":42041,"date":"2024-05-10T11:00:12","date_gmt":"2024-05-10T14:00:12","guid":{"rendered":"https:\/\/radiorevelacionfm.cl\/?p=42041"},"modified":"2024-05-10T11:00:12","modified_gmt":"2024-05-10T14:00:12","slug":"en-su-ultima-etapa-se-encuentra-consulta-indigena-que-busca-modificar-reglamento-de-establecimientos-penitenciarios","status":"publish","type":"post","link":"https:\/\/radiorevelacionfm.cl\/?p=42041","title":{"rendered":"En su \u00faltima etapa se encuentra consulta ind\u00edgena que busca modificar Reglamento de Establecimientos Penitenciarios"},"content":{"rendered":"<div class=\"flex_column av_one_full  flex_column_div av-zero-column-padding first  avia-builder-el-0  el_before_av_one_full  avia-builder-el-first  \" style='border-radius:0px; '><div  class='avia-image-container  av-styling-    avia-builder-el-1  avia-builder-el-no-sibling  avia-align-center '  itemprop=\"image\" itemscope=\"itemscope\" itemtype=\"https:\/\/schema.org\/ImageObject\"  ><div class='avia-image-container-inner'><div class='avia-image-overlay-wrap'><img decoding=\"async\" class='wp-image-42042 avia-img-lazy-loading-not-42042 avia_image' src=\"https:\/\/radiorevelacionfm.cl\/wp-content\/uploads\/2024\/05\/consulta-indigena-1-1_optimized.jpg\" alt='' title='consulta-indigena-1-(1)_optimized' height=\"600\" width=\"988\"  itemprop=\"thumbnailUrl\" srcset=\"https:\/\/radiorevelacionfm.cl\/wp-content\/uploads\/2024\/05\/consulta-indigena-1-1_optimized.jpg 988w, https:\/\/radiorevelacionfm.cl\/wp-content\/uploads\/2024\/05\/consulta-indigena-1-1_optimized-300x182.jpg 300w, https:\/\/radiorevelacionfm.cl\/wp-content\/uploads\/2024\/05\/consulta-indigena-1-1_optimized-768x466.jpg 768w, https:\/\/radiorevelacionfm.cl\/wp-content\/uploads\/2024\/05\/consulta-indigena-1-1_optimized-705x428.jpg 705w, https:\/\/radiorevelacionfm.cl\/wp-content\/uploads\/2024\/05\/consulta-indigena-1-1_optimized-450x273.jpg 450w, https:\/\/radiorevelacionfm.cl\/wp-content\/uploads\/2024\/05\/consulta-indigena-1-1_optimized-600x364.jpg 600w\" sizes=\"(max-width: 988px) 100vw, 988px\" \/><\/div><\/div><\/div><\/div><div class=\"flex_column av_one_full  flex_column_div av-zero-column-padding first  avia-builder-el-2  el_after_av_one_full  el_before_av_one_full  column-top-margin\" style='border-radius:0px; '><section class=\"av_textblock_section \"  itemscope=\"itemscope\" itemtype=\"https:\/\/schema.org\/BlogPosting\" itemprop=\"blogPost\" ><div class='avia_textblock  '   itemprop=\"text\" ><p style=\"text-align: center;\"><strong><span style=\"font-size: 18pt;\">En su \u00faltima etapa se encuentra consulta ind\u00edgena que busca modificar Reglamento de Establecimientos Penitenciarios<\/span><\/strong><\/p>\n<div id=\"gtx-trans\" style=\"position: absolute; left: -50px; top: 4.31534px;\">\n<div class=\"gtx-trans-icon\"><\/div>\n<\/div>\n<\/div><\/section><\/div><div class=\"flex_column av_one_full  flex_column_div av-zero-column-padding first  avia-builder-el-4  el_after_av_one_full  el_before_av_hr  column-top-margin\" style='border-radius:0px; '><section class=\"av_textblock_section \"  itemscope=\"itemscope\" itemtype=\"https:\/\/schema.org\/BlogPosting\" itemprop=\"blogPost\" ><div class='avia_textblock  '   itemprop=\"text\" ><p style=\"text-align: justify;\">En su etapa final se encuentra el proceso de consulta ind\u00edgena impulsada por el Ministerio de Justicia y Derechos Humanos, Gendarmer\u00eda de Chile y la colaboraci\u00f3n de la Universidad de Magallanes, la que tiene como objetivo trabajar una propuesta de modificaci\u00f3n del \u00a0Reglamento de Establecimientos Penitenciarios, el cual regula la manera en que se organizan y funcionan los establecimientos, as\u00ed como tambi\u00e9n aquellas materias relacionadas con la ejecuci\u00f3n de las penas privativas de libertad al interior de las unidades penales del pa\u00eds.<\/p>\n<p style=\"text-align: justify;\">Cabe se\u00f1alar que esta consulta es parte de la aplicaci\u00f3n de una serie de instancias que buscaban recoger informaci\u00f3n respecto a las consideraciones que deben tenerse presente, en el marco de las modificaciones que se realizar\u00e1n al Reglamento de Establecimientos Penitenciarios, desde la perspectiva de aquella poblaci\u00f3n que se autodefine como de pueblos ind\u00edgenas.<\/p>\n<p style=\"text-align: justify;\">Respecto al trabajo realizado hasta el momento, los representantes de la comunidad ind\u00edgena Raipillan Colin, Elizabeth Raipill\u00e1n y Marcos LLaipen explicaron que \u201cestamos contentos de que se abran procesos a nivel local, hoy cuando hablamos de nuevo reglamento que va a regular a los privados de libertad, han sido encuentros que se iniciaron primero invitando a todas las organizaciones ind\u00edgenas de la regi\u00f3n y de la comuna de Coyhaique, para ello se pidieron los antecedentes a la CONADI para que de esa forma fuera transparente, el primer encuentro fue para informar, luego fue la bajada del reglamento, se consult\u00f3 a todos quienes quisieran recibir el documento retirarlo en la oficina de la Seremi de Justicia y DDHH, hoy cuando estamos a punto de cerrar la consulta, la gente ya est\u00e1 informada de cuales son las oportunidades que tienen y la mayor\u00eda pide que la cosmovisi\u00f3n de nuestro pueblo ind\u00edgena se introduzca en un futuro cercano, es decir cuando se construya una c\u00e1rcel moderna se considere un paliwe, donde se puedan hacer ceremonias para la gente en general sea o no sea ind\u00edgena, el paliwe es un lugar de ceremonial donde se hace rogativa y donde se pide lo mejor para que la gente privada de libertad pueda bajar sus emociones y concentrar nuevas energ\u00edas, as\u00ed tambi\u00e9n esperamos que los pactos internacionales que reconoce Chile se cumplan, hoy contamos con una persona que nos va a asesorar en la tem\u00e1tica ind\u00edgena para hacer el resumen, el cual va a ser entregado en la \u00faltima etapa por parte de las comunidades ind\u00edgenas participantes, y agradecer la presencia en los encuentros de Derechos Humanos a trav\u00e9s de su director Joaqu\u00edn Bizama\u201d.<\/p>\n<p style=\"text-align: justify;\">En tanto, el Seremi de Justicia y Derechos Humanos Samuel Navarro explic\u00f3 que \u201crecientemente tuvimos la cuarta sesi\u00f3n, donde ya se le entregaron insumos sustantivos a los asistentes respecto a la propuesta de modificaci\u00f3n del reglamento de establecimientos penitenciarios, y con esos insumos m\u00e1s la participaci\u00f3n de un asesor en una quinta sesi\u00f3n\u00a0 las comunidades, las asociaciones y quienes participen van a poder deliberar y entregar su opini\u00f3n en relaci\u00f3n a esta modificaci\u00f3n al reglamento penitenciario, ya nos encontramos en la etapa final, donde se van recibiendo las propuestas, ya con anterioridad hemos trabajado con otro grupo de especial inter\u00e9s como mujeres, migrantes, personas mayores, discapacidad y diversidad sexo gen\u00e9ricas y con la consulta ind\u00edgena, la idea es ir recogiendo todas las opiniones y cumpliendo las exigencias legales para hacer una propuesta de reglamento\u201d.<\/p>\n<p style=\"text-align: justify;\">Cabe mencionar que dicha consulta consider\u00f3 adem\u00e1s la participaci\u00f3n voluntaria de personas privadas de libertad que ten\u00edan pertenencia con alg\u00fan pueblo originario, esto a trav\u00e9s de\u00a0 diversos talleres realizados al interior de los recintos penitenciarios.<\/p>\n<p style=\"text-align: justify;\">En este sentido, el acad\u00e9mico del Departamento de Ciencias Jur\u00eddicas de la Universidad de Magallanes, Sebasti\u00e1n Larrondo explic\u00f3 que \u201cesta consulta ind\u00edgena trata sobre la modificaci\u00f3n al reglamento de recintos penitenciarios, es decir aquella norma que b\u00e1sicamente indica como funcionan las c\u00e1rceles, por lo mismo tiene una caracter\u00edstica muy particular ya que se est\u00e1 consultando a las comunidades ind\u00edgenas que se encuentran fuera de los recintos ya sean las comunidades establecidas, como tambi\u00e9n a aquellas personas que se identifican con un pueblo ind\u00edgena que se encuentran privadas de libertad, por lo que se ha requerido \u00a0de mucha coordinaci\u00f3n tanto con Gendarmer\u00eda como con la Seremi de Justicia, pero hasta el momento ha funcionado bastante bien y en un plazo muy razonable para una consulta ind\u00edgena, que son procesos relativamente largos, hasta el momento se ha completado lo que se denomina la etapa de planificaci\u00f3n y la etapa de informaci\u00f3n en el que b\u00e1sicamente se le ha entregado a las personas pertenecientes a las comunidades ind\u00edgenas tanto en el centro penitenciario de Ays\u00e9n y de Coyhaique, como a las comunidades en general, la informaci\u00f3n sobre la norma que se busca ratificar y tambi\u00e9n los cambios que se proponen hacer, y esto se ha ido conversando y discutiendo con distintos representantes del Estado y ahora se encuentra en la etapa de deliberaci\u00f3n interna, ya se entreg\u00f3 la informaci\u00f3n, ahora ellos cuentan con un asesor que han elegido por su cuenta con quien van a trabajar para manifestar sus acuerdos y desacuerdos, los cambios que proponen en la propuesta, y as\u00ed llegar a una etapa final de di\u00e1logo que va a ser con la autoridad correspondiente\u201d.<\/p>\n<p style=\"text-align: justify;\">Finalmente, se\u00f1alar que junto con este trabajo, se debe asegurar la necesaria coherencia que nuestra normativa penitenciaria debe tener con los principios y est\u00e1ndares que exigen los tratados internacionales ratificados por Chile sobre la materia, como son la Convenci\u00f3n Interamericana de DDHH; las Reglas M\u00ednimas de Naciones Unidas para el tratamiento de reclusos (Reglas de Mandela); el Convenio N\u00b0 169 de la OIT sobre pueblos ind\u00edgenas y tribales en pa\u00edses independientes; o la Declaraci\u00f3n de las Naciones Unidas sobre los Derechos de los Pueblos Ind\u00edgenas.<\/p>\n<\/div><\/section><\/div><div  style='height:50px' class='hr hr-invisible   avia-builder-el-6  el_after_av_one_full  el_before_av_social_share '><span class='hr-inner ' ><span class='hr-inner-style'><\/span><\/span><\/div><\/p>\n<div  class='av-social-sharing-box  avia-builder-el-7  el_after_av_hr  el_before_av_hr  '><div class='av-share-box'><h5 class='av-share-link-description av-no-toc '>Compartir esta noticia<\/h5><ul class='av-share-box-list noLightbox'><li class='av-share-link av-social-link-facebook' ><a target=\"_blank\" aria-label=\"Compartir en Facebook\" href='https:\/\/www.facebook.com\/sharer.php?u=https:\/\/radiorevelacionfm.cl\/?p=42041&#038;t=En%20su%20%C3%BAltima%20etapa%20se%20encuentra%20consulta%20ind%C3%ADgena%20que%20busca%20modificar%20Reglamento%20de%20Establecimientos%20Penitenciarios' aria-hidden='false' data-av_icon='\ue8f3' data-av_iconfont='entypo-fontello' title='' data-avia-related-tooltip='Compartir en Facebook' rel=\"noopener\"><span class='avia_hidden_link_text'>Compartir en Facebook<\/span><\/a><\/li><li class='av-share-link av-social-link-twitter' ><a target=\"_blank\" aria-label=\"Compartir en Twitter\" href='https:\/\/twitter.com\/share?text=En%20su%20%C3%BAltima%20etapa%20se%20encuentra%20consulta%20ind%C3%ADgena%20que%20busca%20modificar%20Reglamento%20de%20Establecimientos%20Penitenciarios&#038;url=https:\/\/radiorevelacionfm.cl\/?p=42041' aria-hidden='false' data-av_icon='\ue8f1' data-av_iconfont='entypo-fontello' title='' data-avia-related-tooltip='Compartir en Twitter' rel=\"noopener\"><span class='avia_hidden_link_text'>Compartir en Twitter<\/span><\/a><\/li><li class='av-share-link av-social-link-whatsapp' ><a target=\"_blank\" aria-label=\"Compartir en Whatsapp\" href='https:\/\/api.whatsapp.com\/send?text=https:\/\/radiorevelacionfm.cl\/?p=42041' aria-hidden='false' data-av_icon='\uf232' data-av_iconfont='entypo-fontello' title='' data-avia-related-tooltip='Compartir en Whatsapp' rel=\"noopener\"><span class='avia_hidden_link_text'>Compartir en Whatsapp<\/span><\/a><\/li><li class='av-share-link av-social-link-linkedin' ><a target=\"_blank\" aria-label=\"Compartir en LinkedIn\" href='https:\/\/linkedin.com\/shareArticle?mini=true&#038;title=En%20su%20%C3%BAltima%20etapa%20se%20encuentra%20consulta%20ind%C3%ADgena%20que%20busca%20modificar%20Reglamento%20de%20Establecimientos%20Penitenciarios&#038;url=https:\/\/radiorevelacionfm.cl\/?p=42041' aria-hidden='false' data-av_icon='\ue8fc' data-av_iconfont='entypo-fontello' title='' data-avia-related-tooltip='Compartir en LinkedIn' rel=\"noopener\"><span class='avia_hidden_link_text'>Compartir en LinkedIn<\/span><\/a><\/li><li class='av-share-link av-social-link-mail' ><a  aria-label=\"Compartir por correo\" href='mailto:?subject=En%20su%20%C3%BAltima%20etapa%20se%20encuentra%20consulta%20ind%C3%ADgena%20que%20busca%20modificar%20Reglamento%20de%20Establecimientos%20Penitenciarios&#038;body=https:\/\/radiorevelacionfm.cl\/?p=42041' aria-hidden='false' data-av_icon='\ue805' data-av_iconfont='entypo-fontello' title='' data-avia-related-tooltip='Compartir por correo'><span class='avia_hidden_link_text'>Compartir por correo<\/span><\/a><\/li><\/ul><\/div><\/div>\n<div  style='height:50px' class='hr hr-invisible   avia-builder-el-8  el_after_av_social_share  el_before_av_comments_list '><span class='hr-inner ' ><span class='hr-inner-style'><\/span><\/span><\/div>\n<div  class='av-buildercomment  av-blog-meta-html-info-disabled av-blog-meta-tag-disabled  '><\/div>\n","protected":false},"excerpt":{"rendered":"","protected":false},"author":1,"featured_media":42042,"comment_status":"open","ping_status":"open","sticky":false,"template":"","format":"standard","meta":{"footnotes":""},"categories":[55],"tags":[],"class_list":["post-42041","post","type-post","status-publish","format-standard","has-post-thumbnail","hentry","category-justicia"],"jetpack_featured_media_url":"https:\/\/radiorevelacionfm.cl\/wp-content\/uploads\/2024\/05\/consulta-indigena-1-1_optimized.jpg","_links":{"self":[{"href":"https:\/\/radiorevelacionfm.cl\/index.php?rest_route=\/wp\/v2\/posts\/42041","targetHints":{"allow":["GET"]}}],"collection":[{"href":"https:\/\/radiorevelacionfm.cl\/index.php?rest_route=\/wp\/v2\/posts"}],"about":[{"href":"https:\/\/radiorevelacionfm.cl\/index.php?rest_route=\/wp\/v2\/types\/post"}],"author":[{"embeddable":true,"href":"https:\/\/radiorevelacionfm.cl\/index.php?rest_route=\/wp\/v2\/users\/1"}],"replies":[{"embeddable":true,"href":"https:\/\/radiorevelacionfm.cl\/index.php?rest_route=%2Fwp%2Fv2%2Fcomments&post=42041"}],"version-history":[{"count":1,"href":"https:\/\/radiorevelacionfm.cl\/index.php?rest_route=\/wp\/v2\/posts\/42041\/revisions"}],"predecessor-version":[{"id":42043,"href":"https:\/\/radiorevelacionfm.cl\/index.php?rest_route=\/wp\/v2\/posts\/42041\/revisions\/42043"}],"wp:featuredmedia":[{"embeddable":true,"href":"https:\/\/radiorevelacionfm.cl\/index.php?rest_route=\/wp\/v2\/media\/42042"}],"wp:attachment":[{"href":"https:\/\/radiorevelacionfm.cl\/index.php?rest_route=%2Fwp%2Fv2%2Fmedia&parent=42041"}],"wp:term":[{"taxonomy":"category","embeddable":true,"href":"https:\/\/radiorevelacionfm.cl\/index.php?rest_route=%2Fwp%2Fv2%2Fcategories&post=42041"},{"taxonomy":"post_tag","embeddable":true,"href":"https:\/\/radiorevelacionfm.cl\/index.php?rest_route=%2Fwp%2Fv2%2Ftags&post=42041"}],"curies":[{"name":"wp","href":"https:\/\/api.w.org\/{rel}","templated":true}]}}