{"id":42038,"date":"2024-05-09T12:06:43","date_gmt":"2024-05-09T15:06:43","guid":{"rendered":"https:\/\/radiorevelacionfm.cl\/?p=42038"},"modified":"2024-05-09T12:06:43","modified_gmt":"2024-05-09T15:06:43","slug":"extienden-plazo-para-postulacion-al-fondo-de-fortalecimiento-de-organizaciones-de-interes-publico-ffoip","status":"publish","type":"post","link":"https:\/\/radiorevelacionfm.cl\/?p=42038","title":{"rendered":"Extienden plazo para postulaci\u00f3n al Fondo de Fortalecimiento de Organizaciones de Inter\u00e9s P\u00fablico (FFOIP)"},"content":{"rendered":"<div class=\"flex_column av_one_full  flex_column_div av-zero-column-padding first  avia-builder-el-0  el_before_av_one_full  avia-builder-el-first  \" style='border-radius:0px; '><div  class='avia-image-container  av-styling-    avia-builder-el-1  avia-builder-el-no-sibling  avia-align-center '  itemprop=\"image\" itemscope=\"itemscope\" itemtype=\"https:\/\/schema.org\/ImageObject\"  ><div class='avia-image-container-inner'><div class='avia-image-overlay-wrap'><img decoding=\"async\" class='wp-image-42039 avia-img-lazy-loading-not-42039 avia_image' src=\"https:\/\/radiorevelacionfm.cl\/wp-content\/uploads\/2024\/05\/difusion-ffoip-1-1.jpg\" alt='' title='difusi\u00f3n ffoip (1) (1)' height=\"600\" width=\"900\"  itemprop=\"thumbnailUrl\" srcset=\"https:\/\/radiorevelacionfm.cl\/wp-content\/uploads\/2024\/05\/difusion-ffoip-1-1.jpg 900w, https:\/\/radiorevelacionfm.cl\/wp-content\/uploads\/2024\/05\/difusion-ffoip-1-1-300x200.jpg 300w, https:\/\/radiorevelacionfm.cl\/wp-content\/uploads\/2024\/05\/difusion-ffoip-1-1-768x512.jpg 768w, https:\/\/radiorevelacionfm.cl\/wp-content\/uploads\/2024\/05\/difusion-ffoip-1-1-705x470.jpg 705w, https:\/\/radiorevelacionfm.cl\/wp-content\/uploads\/2024\/05\/difusion-ffoip-1-1-450x300.jpg 450w, https:\/\/radiorevelacionfm.cl\/wp-content\/uploads\/2024\/05\/difusion-ffoip-1-1-600x400.jpg 600w\" sizes=\"(max-width: 900px) 100vw, 900px\" \/><\/div><\/div><\/div><\/div><div class=\"flex_column av_one_full  flex_column_div av-zero-column-padding first  avia-builder-el-2  el_after_av_one_full  el_before_av_one_full  column-top-margin\" style='border-radius:0px; '><section class=\"av_textblock_section \"  itemscope=\"itemscope\" itemtype=\"https:\/\/schema.org\/BlogPosting\" itemprop=\"blogPost\" ><div class='avia_textblock  '   itemprop=\"text\" ><p style=\"text-align: center;\"><strong><span style=\"font-size: 18pt;\">Extienden plazo para postulaci\u00f3n al Fondo de Fortalecimiento de Organizaciones de Inter\u00e9s P\u00fablico (FFOIP)<\/span><\/strong><\/p>\n<div id=\"gtx-trans\" style=\"position: absolute; left: -50px; top: 4.31534px;\">\n<div class=\"gtx-trans-icon\"><\/div>\n<\/div>\n<\/div><\/section><\/div><div class=\"flex_column av_one_full  flex_column_div av-zero-column-padding first  avia-builder-el-4  el_after_av_one_full  el_before_av_hr  column-top-margin\" style='border-radius:0px; '><section class=\"av_textblock_section \"  itemscope=\"itemscope\" itemtype=\"https:\/\/schema.org\/BlogPosting\" itemprop=\"blogPost\" ><div class='avia_textblock  '   itemprop=\"text\" ><p style=\"text-align: justify;\">Hasta el lunes 13 de mayo fueron extendidas las postulaciones al Fondo de Fortalecimiento de Organizaciones de Inter\u00e9s P\u00fablico (FFOIP), que entrega el Ministerio Secretar\u00eda General de Gobierno. El formulario de postulaci\u00f3n se encuentra en: <a href=\"https:\/\/fondos.gob.cl\/ficha\/segegob\/ffoip\/\">https:\/\/fondos.gob.cl\/ficha\/segegob\/ffoip\/<\/a><\/p>\n<p style=\"text-align: justify;\">\u201cQueremos contarle a la comunidad, especialmente a las organizaciones de la sociedad civil, juntas de vecinos, clubes de adulto mayor, comit\u00e9s, agrupaciones culturales, deportivas, de pueblos originarios y otras, que extendimos el plazo para postular al Fondo de Fortalecimiento de Organizaciones de Inter\u00e9s P\u00fablico, FFOIP, hasta el lunes 13 de mayo a las 23:59 horas. Toda la informaci\u00f3n acerca de este Fondo, est\u00e1 en <a href=\"https:\/\/fondodefortalecimiento.gob.cl\/\">https:\/\/fondodefortalecimiento.gob.cl\/<\/a> , donde podr\u00e1s encontrar el calendario de postulaci\u00f3n, las bases, la gu\u00eda de enfoque de g\u00e9nero, documentos de ayuda y preguntas frecuentes. Tambi\u00e9n puedes acercarte a nuestra oficina, ubicada en Avenida Ogana N\u00b0 798, Coyhaique o llamar al 2217545\u201d, se\u00f1al\u00f3 Tatiana Pl\u00e1 \u00c1lvarez, seremi de Gobierno regi\u00f3n de Ays\u00e9n.<\/p>\n<p style=\"text-align: justify;\">Las organizaciones postulantes podr\u00e1n acceder a un m\u00e1ximo de $2 millones cuando se trate de proyectos locales (una comuna), $4 millones para aquellos de car\u00e1cter regional (dos o m\u00e1s comunas de una misma regi\u00f3n) y un l\u00edmite de $10 millones para iniciativas de alcance nacional (m\u00e1s de una regi\u00f3n).<\/p>\n<p style=\"text-align: justify;\">Una novedad de este concurso es que, por primera vez, el FFOIP contempla una l\u00ednea tem\u00e1tica para el fortalecimiento de la participaci\u00f3n ciudadana de ni\u00f1os, ni\u00f1as y adolescentes. Esta l\u00ednea, fruto de una alianza con la Subsecretar\u00eda de la Ni\u00f1ez, est\u00e1 dirigida a organizaciones que desarrollen proyectos a nivel local para promover la participaci\u00f3n social y comunitaria de personas menores de 18 a\u00f1os. Sin embargo, otras \u00e1reas a las que pueden postular las organizaciones son: Derechos\/ asistencia y cohesi\u00f3n social, Educaci\u00f3n, Pueblos originarios, Protecci\u00f3n animal, entre otros.<\/p>\n<p style=\"text-align: justify;\">Cabe se\u00f1alar, que las organizaciones pueden utilizar estos fondos en: operaci\u00f3n y difusi\u00f3n de sus organizaciones y proyectos, honorarios de quienes ejecutar\u00e1n el proyecto y gastos de inversi\u00f3n.<\/p>\n<\/div><\/section><\/div><div  style='height:50px' class='hr hr-invisible   avia-builder-el-6  el_after_av_one_full  el_before_av_social_share '><span class='hr-inner ' ><span class='hr-inner-style'><\/span><\/span><\/div><\/p>\n<div  class='av-social-sharing-box  avia-builder-el-7  el_after_av_hr  el_before_av_hr  '><div class='av-share-box'><h5 class='av-share-link-description av-no-toc '>Compartir esta noticia<\/h5><ul class='av-share-box-list noLightbox'><li class='av-share-link av-social-link-facebook' ><a target=\"_blank\" aria-label=\"Compartir en Facebook\" href='https:\/\/www.facebook.com\/sharer.php?u=https:\/\/radiorevelacionfm.cl\/?p=42038&#038;t=Extienden%20plazo%20para%20postulaci%C3%B3n%20al%20Fondo%20de%20Fortalecimiento%20de%20Organizaciones%20de%20Inter%C3%A9s%20P%C3%BAblico%20%28FFOIP%29' aria-hidden='false' data-av_icon='\ue8f3' data-av_iconfont='entypo-fontello' title='' data-avia-related-tooltip='Compartir en Facebook' rel=\"noopener\"><span class='avia_hidden_link_text'>Compartir en Facebook<\/span><\/a><\/li><li class='av-share-link av-social-link-twitter' ><a target=\"_blank\" aria-label=\"Compartir en Twitter\" href='https:\/\/twitter.com\/share?text=Extienden%20plazo%20para%20postulaci%C3%B3n%20al%20Fondo%20de%20Fortalecimiento%20de%20Organizaciones%20de%20Inter%C3%A9s%20P%C3%BAblico%20%28FFOIP%29&#038;url=https:\/\/radiorevelacionfm.cl\/?p=42038' aria-hidden='false' data-av_icon='\ue8f1' data-av_iconfont='entypo-fontello' title='' data-avia-related-tooltip='Compartir en Twitter' rel=\"noopener\"><span class='avia_hidden_link_text'>Compartir en Twitter<\/span><\/a><\/li><li class='av-share-link av-social-link-whatsapp' ><a target=\"_blank\" aria-label=\"Compartir en Whatsapp\" href='https:\/\/api.whatsapp.com\/send?text=https:\/\/radiorevelacionfm.cl\/?p=42038' aria-hidden='false' data-av_icon='\uf232' data-av_iconfont='entypo-fontello' title='' data-avia-related-tooltip='Compartir en Whatsapp' rel=\"noopener\"><span class='avia_hidden_link_text'>Compartir en Whatsapp<\/span><\/a><\/li><li class='av-share-link av-social-link-linkedin' ><a target=\"_blank\" aria-label=\"Compartir en LinkedIn\" href='https:\/\/linkedin.com\/shareArticle?mini=true&#038;title=Extienden%20plazo%20para%20postulaci%C3%B3n%20al%20Fondo%20de%20Fortalecimiento%20de%20Organizaciones%20de%20Inter%C3%A9s%20P%C3%BAblico%20%28FFOIP%29&#038;url=https:\/\/radiorevelacionfm.cl\/?p=42038' aria-hidden='false' data-av_icon='\ue8fc' data-av_iconfont='entypo-fontello' title='' data-avia-related-tooltip='Compartir en LinkedIn' rel=\"noopener\"><span class='avia_hidden_link_text'>Compartir en LinkedIn<\/span><\/a><\/li><li class='av-share-link av-social-link-mail' ><a  aria-label=\"Compartir por correo\" href='mailto:?subject=Extienden%20plazo%20para%20postulaci%C3%B3n%20al%20Fondo%20de%20Fortalecimiento%20de%20Organizaciones%20de%20Inter%C3%A9s%20P%C3%BAblico%20%28FFOIP%29&#038;body=https:\/\/radiorevelacionfm.cl\/?p=42038' aria-hidden='false' data-av_icon='\ue805' data-av_iconfont='entypo-fontello' title='' data-avia-related-tooltip='Compartir por correo'><span class='avia_hidden_link_text'>Compartir por correo<\/span><\/a><\/li><\/ul><\/div><\/div>\n<div  style='height:50px' class='hr hr-invisible   avia-builder-el-8  el_after_av_social_share  el_before_av_comments_list '><span class='hr-inner ' ><span class='hr-inner-style'><\/span><\/span><\/div>\n<div  class='av-buildercomment  av-blog-meta-html-info-disabled av-blog-meta-tag-disabled  '><\/div>\n","protected":false},"excerpt":{"rendered":"","protected":false},"author":1,"featured_media":42039,"comment_status":"open","ping_status":"open","sticky":false,"template":"","format":"standard","meta":{"footnotes":""},"categories":[38],"tags":[],"class_list":["post-42038","post","type-post","status-publish","format-standard","has-post-thumbnail","hentry","category-regional"],"jetpack_featured_media_url":"https:\/\/radiorevelacionfm.cl\/wp-content\/uploads\/2024\/05\/difusion-ffoip-1-1.jpg","_links":{"self":[{"href":"https:\/\/radiorevelacionfm.cl\/index.php?rest_route=\/wp\/v2\/posts\/42038","targetHints":{"allow":["GET"]}}],"collection":[{"href":"https:\/\/radiorevelacionfm.cl\/index.php?rest_route=\/wp\/v2\/posts"}],"about":[{"href":"https:\/\/radiorevelacionfm.cl\/index.php?rest_route=\/wp\/v2\/types\/post"}],"author":[{"embeddable":true,"href":"https:\/\/radiorevelacionfm.cl\/index.php?rest_route=\/wp\/v2\/users\/1"}],"replies":[{"embeddable":true,"href":"https:\/\/radiorevelacionfm.cl\/index.php?rest_route=%2Fwp%2Fv2%2Fcomments&post=42038"}],"version-history":[{"count":1,"href":"https:\/\/radiorevelacionfm.cl\/index.php?rest_route=\/wp\/v2\/posts\/42038\/revisions"}],"predecessor-version":[{"id":42040,"href":"https:\/\/radiorevelacionfm.cl\/index.php?rest_route=\/wp\/v2\/posts\/42038\/revisions\/42040"}],"wp:featuredmedia":[{"embeddable":true,"href":"https:\/\/radiorevelacionfm.cl\/index.php?rest_route=\/wp\/v2\/media\/42039"}],"wp:attachment":[{"href":"https:\/\/radiorevelacionfm.cl\/index.php?rest_route=%2Fwp%2Fv2%2Fmedia&parent=42038"}],"wp:term":[{"taxonomy":"category","embeddable":true,"href":"https:\/\/radiorevelacionfm.cl\/index.php?rest_route=%2Fwp%2Fv2%2Fcategories&post=42038"},{"taxonomy":"post_tag","embeddable":true,"href":"https:\/\/radiorevelacionfm.cl\/index.php?rest_route=%2Fwp%2Fv2%2Ftags&post=42038"}],"curies":[{"name":"wp","href":"https:\/\/api.w.org\/{rel}","templated":true}]}}