{"id":42025,"date":"2024-05-09T12:19:30","date_gmt":"2024-05-09T15:19:30","guid":{"rendered":"https:\/\/radiorevelacionfm.cl\/?p=42025"},"modified":"2024-05-09T12:19:30","modified_gmt":"2024-05-09T15:19:30","slug":"gobernadora-andrea-macias-firma-convenio-para-habilitacion-de-escuela-despertar-en-puerto-aysen","status":"publish","type":"post","link":"https:\/\/radiorevelacionfm.cl\/?p=42025","title":{"rendered":"Gobernadora Andrea Mac\u00edas firma convenio para habilitaci\u00f3n de Escuela Despertar en Puerto Ays\u00e9n"},"content":{"rendered":"<div class=\"flex_column av_one_full  flex_column_div av-zero-column-padding first  avia-builder-el-0  el_before_av_one_full  avia-builder-el-first  \" style='border-radius:0px; '><div  class='avia-image-container  av-styling-    avia-builder-el-1  avia-builder-el-no-sibling  avia-align-center '  itemprop=\"image\" itemscope=\"itemscope\" itemtype=\"https:\/\/schema.org\/ImageObject\"  ><div class='avia-image-container-inner'><div class='avia-image-overlay-wrap'><img decoding=\"async\" class='wp-image-42026 avia-img-lazy-loading-not-42026 avia_image' src=\"https:\/\/radiorevelacionfm.cl\/wp-content\/uploads\/2024\/05\/WhatsApp-Image-2024-05-08-at-1.14.55-PM-1-1.jpeg\" alt='' title='WhatsApp Image 2024-05-08 at 1.14.55 PM (1) (1)' height=\"600\" width=\"1090\"  itemprop=\"thumbnailUrl\" srcset=\"https:\/\/radiorevelacionfm.cl\/wp-content\/uploads\/2024\/05\/WhatsApp-Image-2024-05-08-at-1.14.55-PM-1-1.jpeg 1090w, https:\/\/radiorevelacionfm.cl\/wp-content\/uploads\/2024\/05\/WhatsApp-Image-2024-05-08-at-1.14.55-PM-1-1-300x165.jpeg 300w, https:\/\/radiorevelacionfm.cl\/wp-content\/uploads\/2024\/05\/WhatsApp-Image-2024-05-08-at-1.14.55-PM-1-1-1030x567.jpeg 1030w, https:\/\/radiorevelacionfm.cl\/wp-content\/uploads\/2024\/05\/WhatsApp-Image-2024-05-08-at-1.14.55-PM-1-1-768x423.jpeg 768w, https:\/\/radiorevelacionfm.cl\/wp-content\/uploads\/2024\/05\/WhatsApp-Image-2024-05-08-at-1.14.55-PM-1-1-705x388.jpeg 705w, https:\/\/radiorevelacionfm.cl\/wp-content\/uploads\/2024\/05\/WhatsApp-Image-2024-05-08-at-1.14.55-PM-1-1-450x248.jpeg 450w, https:\/\/radiorevelacionfm.cl\/wp-content\/uploads\/2024\/05\/WhatsApp-Image-2024-05-08-at-1.14.55-PM-1-1-600x330.jpeg 600w\" sizes=\"(max-width: 1090px) 100vw, 1090px\" \/><\/div><\/div><\/div><\/div><div class=\"flex_column av_one_full  flex_column_div av-zero-column-padding first  avia-builder-el-2  el_after_av_one_full  el_before_av_one_full  column-top-margin\" style='border-radius:0px; '><section class=\"av_textblock_section \"  itemscope=\"itemscope\" itemtype=\"https:\/\/schema.org\/BlogPosting\" itemprop=\"blogPost\" ><div class='avia_textblock  '   itemprop=\"text\" ><p style=\"text-align: center;\"><strong><span style=\"font-size: 18pt;\">Gobernadora Andrea Mac\u00edas firma convenio para habilitaci\u00f3n de Escuela Despertar en Puerto Ays\u00e9n<\/span><\/strong><\/p>\n<div id=\"gtx-trans\" style=\"position: absolute; left: -50px; top: 4.31534px;\">\n<div class=\"gtx-trans-icon\"><\/div>\n<\/div>\n<\/div><\/section><\/div><div class=\"flex_column av_one_full  flex_column_div av-zero-column-padding first  avia-builder-el-4  el_after_av_one_full  el_before_av_hr  column-top-margin\" style='border-radius:0px; '><section class=\"av_textblock_section \"  itemscope=\"itemscope\" itemtype=\"https:\/\/schema.org\/BlogPosting\" itemprop=\"blogPost\" ><div class='avia_textblock  '   itemprop=\"text\" ><p dir=\"ltr\" style=\"text-align: justify;\">Luego de su aprobaci\u00f3n en el Consejo Regional, la Gobernadora Regional Andrea Mac\u00edas Palma, firm\u00f3 junto al alcalde de Ays\u00e9n, Julio Uribe el convenio para la habilitaci\u00f3n de las dependencias transitorias para el funcionamiento de la Escuela Despertar de Puerto Ays\u00e9n.<\/p>\n<p dir=\"ltr\" style=\"text-align: justify;\">Cabe recordar que en el mes de abril, la Gobernadora y el alcalde, junto a otros actores pol\u00edticos del Gobierno central y del Servicio Local de Educaci\u00f3n P\u00fablica (SLEP) Ays\u00e9n participaron en una asamblea con la comunidad donde se expuso la preocupaci\u00f3n de madres, padres y apoderados por las condiciones en que funciona el establecimiento.<\/p>\n<p dir=\"ltr\" style=\"text-align: justify;\">En la ocasi\u00f3n la Gobernadora comprometi\u00f3 poner el proyecto para habilitar la infraestructura de la ex Escuela Sina\u00ed de Ays\u00e9n, con car\u00e1cter de urgencia en el pleno del Consejo Consejo, para que el establecimiento especial pueda funcionar mientras se tramita la reposici\u00f3n total de la Escuela Despertar.<\/p>\n<p dir=\"ltr\" style=\"text-align: justify;\">\u00abExiste esta necesidad de contar con un espacio transitorio y son estos poco m\u00e1s de 180 millones de pesos, una iniciativa que fue elaborada por el municipio de Ays\u00e9n, que estamos financiando como Gobierno Regional y que esperamos que pueda ejecutarse de la mejor manera\u00bb, manifest\u00f3 la primera autoridad regional.<\/p>\n<p dir=\"ltr\" style=\"text-align: justify;\">Por su parte, el alcalde Julio Uribe record\u00f3 el trabajo en conjunto con la Gobernadora Andrea Mac\u00edas. \u00abEl 2022 nosotros viajamos a Santiago, 2023 logramos obtener el RS y hoy d\u00eda 2024 ya est\u00e1 en licitaci\u00f3n. Por lo tanto, al ser uno de los proyectos m\u00e1s grandes de inversi\u00f3n del municipio, tiene mucha revisi\u00f3n, mucha instalaci\u00f3n desde la misma licitaci\u00f3n. Son alrededor de 180 carpetas que tienen que entrar a la licitaci\u00f3n y en ese intertanto este es el primer proyecto FRIL 2024 que aprueban de toda la regi\u00f3n. Ah\u00ed se puede ver la importancia que nosotros estamos dando a la necesidad del colegio\u00bb, expres\u00f3.<\/p>\n<p dir=\"ltr\" style=\"text-align: justify;\"><strong>Municipalidad entregar\u00e1 le\u00f1a de programa CONAF<\/strong><\/p>\n<p dir=\"ltr\" style=\"text-align: justify;\">Por otra parte, tambi\u00e9n se firm\u00f3 un convenio junto al director regional de CONAF, Ronald Valenzuela, mediante el que se estableci\u00f3 que la Municipalidad de Ays\u00e9n se har\u00e1 cargo de la entrega de la le\u00f1a que se entrega a adultos mayores y grupos vulnerables.<\/p>\n<p dir=\"ltr\" style=\"text-align: justify;\">El encargado regional de la Corporaci\u00f3n Nacional Forestal explic\u00f3 que este programa financiado con recursos del Fondo Nacional de Desarrollo Regional (FNDR) tiene tres ejes, que son el manejo de bosques (ambiental), generaci\u00f3n de empleo (productivo) y social.<\/p>\n<p dir=\"ltr\" style=\"text-align: justify;\">\u00abEs precisamente en el productivo donde se enlaza este beneficio para la comunidad, m\u00e1s all\u00e1 de lo que significa el manejo y restauraci\u00f3n y recuperaci\u00f3n de los ecosistemas originales en cuanto se traspasan los productos que se obtienen, en este caso precisamente 2.800 metros de le\u00f1a que se van a distribuir entre las localidades de Puerto Cisnes, Puerto Ays\u00e9n, Ma\u00f1ihuales, Islas Huichas y Melinka\u00bb.<\/p>\n<p dir=\"ltr\" style=\"text-align: justify;\">Por su parte, el alcalde Uribe agreg\u00f3 que \u00abeste es un convenio muy esperado por nuestros adultos mayores y personas en situaci\u00f3n de discapacidad. Para nosotros es muy importante esta distribuci\u00f3n. la hacemos a trav\u00e9s de nuestra direcci\u00f3n de desarrollo comunitario y hoy d\u00eda los listados ya est\u00e1n y est\u00e1 todo listo para ser entregado\u00bb.<\/p>\n<p dir=\"ltr\" style=\"text-align: justify;\">Finalmente la Gobernadora Andrea Mac\u00edas manifest\u00f3 que \u00abhoy d\u00eda CONAF cuenta con todos los metros de le\u00f1a que est\u00e1n a disposici\u00f3n de la comunidad ya elaborados se han incorporado tambi\u00e9n la posibilidad para personas mayores o con mayores niveles de dependencias de poder entregar esta le\u00f1a picada, eso es algo que Conaf lo realiza justamente como una forma de apoyar a las personas\u00bb.<\/p>\n<p dir=\"ltr\" style=\"text-align: justify;\">CONAF dispuso para la comuna 2.200 mts3 de le\u00f1a de pino, los que ser\u00e1n distribu\u00eddos en Puerto Ays\u00e9n (1.600 mts) Islas Huichas (300 mts) y Ma\u00f1ihuales (300 mts). La entrega ser\u00e1 coordinada en las oficinas del municipio.<\/p>\n<\/div><\/section><\/div><div  style='height:50px' class='hr hr-invisible   avia-builder-el-6  el_after_av_one_full  el_before_av_social_share '><span class='hr-inner ' ><span class='hr-inner-style'><\/span><\/span><\/div><\/p>\n<div  class='av-social-sharing-box  avia-builder-el-7  el_after_av_hr  el_before_av_hr  '><div class='av-share-box'><h5 class='av-share-link-description av-no-toc '>Compartir esta noticia<\/h5><ul class='av-share-box-list noLightbox'><li class='av-share-link av-social-link-facebook' ><a target=\"_blank\" aria-label=\"Compartir en Facebook\" href='https:\/\/www.facebook.com\/sharer.php?u=https:\/\/radiorevelacionfm.cl\/?p=42025&#038;t=Gobernadora%20Andrea%20Mac%C3%ADas%20firma%20convenio%20para%20habilitaci%C3%B3n%20de%20Escuela%20Despertar%20en%20Puerto%20Ays%C3%A9n' aria-hidden='false' data-av_icon='\ue8f3' data-av_iconfont='entypo-fontello' title='' data-avia-related-tooltip='Compartir en Facebook' rel=\"noopener\"><span class='avia_hidden_link_text'>Compartir en Facebook<\/span><\/a><\/li><li class='av-share-link av-social-link-twitter' ><a target=\"_blank\" aria-label=\"Compartir en Twitter\" href='https:\/\/twitter.com\/share?text=Gobernadora%20Andrea%20Mac%C3%ADas%20firma%20convenio%20para%20habilitaci%C3%B3n%20de%20Escuela%20Despertar%20en%20Puerto%20Ays%C3%A9n&#038;url=https:\/\/radiorevelacionfm.cl\/?p=42025' aria-hidden='false' data-av_icon='\ue8f1' data-av_iconfont='entypo-fontello' title='' data-avia-related-tooltip='Compartir en Twitter' rel=\"noopener\"><span class='avia_hidden_link_text'>Compartir en Twitter<\/span><\/a><\/li><li class='av-share-link av-social-link-whatsapp' ><a target=\"_blank\" aria-label=\"Compartir en Whatsapp\" href='https:\/\/api.whatsapp.com\/send?text=https:\/\/radiorevelacionfm.cl\/?p=42025' aria-hidden='false' data-av_icon='\uf232' data-av_iconfont='entypo-fontello' title='' data-avia-related-tooltip='Compartir en Whatsapp' rel=\"noopener\"><span class='avia_hidden_link_text'>Compartir en Whatsapp<\/span><\/a><\/li><li class='av-share-link av-social-link-linkedin' ><a target=\"_blank\" aria-label=\"Compartir en LinkedIn\" href='https:\/\/linkedin.com\/shareArticle?mini=true&#038;title=Gobernadora%20Andrea%20Mac%C3%ADas%20firma%20convenio%20para%20habilitaci%C3%B3n%20de%20Escuela%20Despertar%20en%20Puerto%20Ays%C3%A9n&#038;url=https:\/\/radiorevelacionfm.cl\/?p=42025' aria-hidden='false' data-av_icon='\ue8fc' data-av_iconfont='entypo-fontello' title='' data-avia-related-tooltip='Compartir en LinkedIn' rel=\"noopener\"><span class='avia_hidden_link_text'>Compartir en LinkedIn<\/span><\/a><\/li><li class='av-share-link av-social-link-mail' ><a  aria-label=\"Compartir por correo\" href='mailto:?subject=Gobernadora%20Andrea%20Mac%C3%ADas%20firma%20convenio%20para%20habilitaci%C3%B3n%20de%20Escuela%20Despertar%20en%20Puerto%20Ays%C3%A9n&#038;body=https:\/\/radiorevelacionfm.cl\/?p=42025' aria-hidden='false' data-av_icon='\ue805' data-av_iconfont='entypo-fontello' title='' data-avia-related-tooltip='Compartir por correo'><span class='avia_hidden_link_text'>Compartir por correo<\/span><\/a><\/li><\/ul><\/div><\/div>\n<div  style='height:50px' class='hr hr-invisible   avia-builder-el-8  el_after_av_social_share  el_before_av_comments_list '><span class='hr-inner ' ><span class='hr-inner-style'><\/span><\/span><\/div>\n<div  class='av-buildercomment  av-blog-meta-html-info-disabled av-blog-meta-tag-disabled  '><\/div>\n","protected":false},"excerpt":{"rendered":"","protected":false},"author":1,"featured_media":42026,"comment_status":"open","ping_status":"open","sticky":false,"template":"","format":"standard","meta":{"footnotes":""},"categories":[38],"tags":[],"class_list":["post-42025","post","type-post","status-publish","format-standard","has-post-thumbnail","hentry","category-regional"],"jetpack_featured_media_url":"https:\/\/radiorevelacionfm.cl\/wp-content\/uploads\/2024\/05\/WhatsApp-Image-2024-05-08-at-1.14.55-PM-1-1.jpeg","_links":{"self":[{"href":"https:\/\/radiorevelacionfm.cl\/index.php?rest_route=\/wp\/v2\/posts\/42025","targetHints":{"allow":["GET"]}}],"collection":[{"href":"https:\/\/radiorevelacionfm.cl\/index.php?rest_route=\/wp\/v2\/posts"}],"about":[{"href":"https:\/\/radiorevelacionfm.cl\/index.php?rest_route=\/wp\/v2\/types\/post"}],"author":[{"embeddable":true,"href":"https:\/\/radiorevelacionfm.cl\/index.php?rest_route=\/wp\/v2\/users\/1"}],"replies":[{"embeddable":true,"href":"https:\/\/radiorevelacionfm.cl\/index.php?rest_route=%2Fwp%2Fv2%2Fcomments&post=42025"}],"version-history":[{"count":1,"href":"https:\/\/radiorevelacionfm.cl\/index.php?rest_route=\/wp\/v2\/posts\/42025\/revisions"}],"predecessor-version":[{"id":42027,"href":"https:\/\/radiorevelacionfm.cl\/index.php?rest_route=\/wp\/v2\/posts\/42025\/revisions\/42027"}],"wp:featuredmedia":[{"embeddable":true,"href":"https:\/\/radiorevelacionfm.cl\/index.php?rest_route=\/wp\/v2\/media\/42026"}],"wp:attachment":[{"href":"https:\/\/radiorevelacionfm.cl\/index.php?rest_route=%2Fwp%2Fv2%2Fmedia&parent=42025"}],"wp:term":[{"taxonomy":"category","embeddable":true,"href":"https:\/\/radiorevelacionfm.cl\/index.php?rest_route=%2Fwp%2Fv2%2Fcategories&post=42025"},{"taxonomy":"post_tag","embeddable":true,"href":"https:\/\/radiorevelacionfm.cl\/index.php?rest_route=%2Fwp%2Fv2%2Ftags&post=42025"}],"curies":[{"name":"wp","href":"https:\/\/api.w.org\/{rel}","templated":true}]}}