{"id":42022,"date":"2024-05-08T19:02:11","date_gmt":"2024-05-08T22:02:11","guid":{"rendered":"https:\/\/radiorevelacionfm.cl\/?p=42022"},"modified":"2024-05-08T19:02:11","modified_gmt":"2024-05-08T22:02:11","slug":"lanzan-programa-piloto-para-mejoramiento-integral-de-viviendas-y-recambio-de-calefactores-en-puerto-aysen-y-cochrane","status":"publish","type":"post","link":"https:\/\/radiorevelacionfm.cl\/?p=42022","title":{"rendered":"Lanzan programa piloto para mejoramiento integral de viviendas y recambio de calefactores en Puerto Ays\u00e9n y Cochrane"},"content":{"rendered":"<div class=\"flex_column av_one_full  flex_column_div av-zero-column-padding first  avia-builder-el-0  el_before_av_one_full  avia-builder-el-first  \" style='border-radius:0px; '><div  class='avia-image-container  av-styling-    avia-builder-el-1  avia-builder-el-no-sibling  avia-align-center '  itemprop=\"image\" itemscope=\"itemscope\" itemtype=\"https:\/\/schema.org\/ImageObject\"  ><div class='avia-image-container-inner'><div class='avia-image-overlay-wrap'><img decoding=\"async\" class='wp-image-42023 avia-img-lazy-loading-not-42023 avia_image' src=\"https:\/\/radiorevelacionfm.cl\/wp-content\/uploads\/2024\/05\/DPP-y-Sremis-en-lanzamiento-programa-piloto-mejoramiento-integral-viviendas-en-Cochrane-1-1.jpeg\" alt='' title='DPP y Sremis en lanzamiento programa piloto mejoramiento integral viviendas en Cochrane (1) (1)' height=\"600\" width=\"907\"  itemprop=\"thumbnailUrl\" srcset=\"https:\/\/radiorevelacionfm.cl\/wp-content\/uploads\/2024\/05\/DPP-y-Sremis-en-lanzamiento-programa-piloto-mejoramiento-integral-viviendas-en-Cochrane-1-1.jpeg 907w, https:\/\/radiorevelacionfm.cl\/wp-content\/uploads\/2024\/05\/DPP-y-Sremis-en-lanzamiento-programa-piloto-mejoramiento-integral-viviendas-en-Cochrane-1-1-300x198.jpeg 300w, https:\/\/radiorevelacionfm.cl\/wp-content\/uploads\/2024\/05\/DPP-y-Sremis-en-lanzamiento-programa-piloto-mejoramiento-integral-viviendas-en-Cochrane-1-1-768x508.jpeg 768w, https:\/\/radiorevelacionfm.cl\/wp-content\/uploads\/2024\/05\/DPP-y-Sremis-en-lanzamiento-programa-piloto-mejoramiento-integral-viviendas-en-Cochrane-1-1-705x466.jpeg 705w, https:\/\/radiorevelacionfm.cl\/wp-content\/uploads\/2024\/05\/DPP-y-Sremis-en-lanzamiento-programa-piloto-mejoramiento-integral-viviendas-en-Cochrane-1-1-450x298.jpeg 450w, https:\/\/radiorevelacionfm.cl\/wp-content\/uploads\/2024\/05\/DPP-y-Sremis-en-lanzamiento-programa-piloto-mejoramiento-integral-viviendas-en-Cochrane-1-1-600x397.jpeg 600w\" sizes=\"(max-width: 907px) 100vw, 907px\" \/><\/div><\/div><\/div><\/div><div class=\"flex_column av_one_full  flex_column_div av-zero-column-padding first  avia-builder-el-2  el_after_av_one_full  el_before_av_one_full  column-top-margin\" style='border-radius:0px; '><section class=\"av_textblock_section \"  itemscope=\"itemscope\" itemtype=\"https:\/\/schema.org\/BlogPosting\" itemprop=\"blogPost\" ><div class='avia_textblock  '   itemprop=\"text\" ><p style=\"text-align: center;\"><strong><span style=\"font-size: 18pt;\">Lanzan programa piloto para mejoramiento integral de viviendas y recambio de calefactores en Puerto Ays\u00e9n y Cochrane<\/span><\/strong><\/p>\n<div id=\"gtx-trans\" style=\"position: absolute; left: -50px; top: 4.31534px;\">\n<div class=\"gtx-trans-icon\"><\/div>\n<\/div>\n<\/div><\/section><\/div><div class=\"flex_column av_one_full  flex_column_div av-zero-column-padding first  avia-builder-el-4  el_after_av_one_full  el_before_av_hr  column-top-margin\" style='border-radius:0px; '><section class=\"av_textblock_section \"  itemscope=\"itemscope\" itemtype=\"https:\/\/schema.org\/BlogPosting\" itemprop=\"blogPost\" ><div class='avia_textblock  '   itemprop=\"text\" ><p style=\"text-align: justify;\">Un llamado a las familias de Puerto Ays\u00e9n y Cochrane para que puedan postular al mejoramiento t\u00e9rmico integral de sus viviendas junto al recambio de calefactores a trav\u00e9s de un programa piloto impulsado por los ministerios de Vivienda y Urbanismo y del Medio Ambiente, hicieron esta semana los representantes regionales de cada cartera, Paulina Ruz Delf\u00edn y Yoal D\u00edaz Reyes.<\/p>\n<p style=\"text-align: justify;\">De acuerdo a la informaci\u00f3n entregada, este trabajo mancomunado entre Vivienda y Medio Ambiente tiene como objetivo no solo mejorar la calidad de vida de las familias en sus hogares sino tambi\u00e9n tomar medidas concretas para afrontar los crecientes \u00edndices de mala calidad del aire que est\u00e1 afectando a las dos capitales comunales desde hace algunos a\u00f1os y en forma especial durante la temporada de invierno.<\/p>\n<p style=\"text-align: justify;\">Seg\u00fan detall\u00f3 la Seremi de Vivienda, Paulina Ruz, este programa piloto permitir\u00e1 realizar una intervenci\u00f3n integral de las viviendas seleccionadas, considerando tanto las obras de mejoramiento t\u00e9rmico como el recambio de calefacci\u00f3n a un sistema el\u00e9ctrico respaldado con energ\u00edas renovables no convencionales.<\/p>\n<p style=\"text-align: justify;\">De esta forma, indic\u00f3 la autoridad, se descentraliza el trabajo que se ha venido realizando en Coyhaique, para dar cabida y prioridad a otras comunas de la regi\u00f3n que tambi\u00e9n presentan problemas de contaminaci\u00f3n del aire. \u201cDestacar la importancia que reviste la eficiencia energ\u00e9tica para poder aminorar la contaminaci\u00f3n en la regi\u00f3n de Ays\u00e9n, donde Cochrane tambi\u00e9n se encuentra involucrada como una zona saturada. Nosotros, a trav\u00e9s de los diversos programas que ya tenemos como Minvu, realizamos actualmente un mejoramiento integral de la Vivienda con los m\u00e1s altos est\u00e1ndares de PDA (Plan de Descontaminaci\u00f3n Atmosf\u00e9rica), pero este es otro tipo de programa donde por nuestra parte, mejoraremos el aislamiento del techo, de los muros, un cambio de las ventanas certificadas, como son las termopanel y los marcos Pvc. Tambi\u00e9n se contempla el control de las filtraciones, donde se sellar\u00e1n las viviendas y en algunos casos se cambiar\u00e1n las puertas, se colocar\u00e1n o mejorar\u00e1n los sellos de aislamiento, extractores de aire y de filtro. Es decir, con ello queremos descentralizar los beneficios y por supuesto mejorar la calidad de vida de las familias de Cochrane y de Puerto Ays\u00e9n\u201d, precis\u00f3.<\/p>\n<p style=\"text-align: justify;\">De igual forma el Seremi del Medio Ambiente, Yoal D\u00edaz, destac\u00f3 la importancia de que ambos ministerios puedan trabajar en conjunto para descentralizar la atenci\u00f3n y permitir que las familias de toda la regi\u00f3n puedan acceder a soluciones integrales en temas que inciden directamente en su entorno y su calidad de vida.\u00a0 \u201cEstamos muy esperanzados en este proceso, ya que esta medida busca primero generar mejoramientos integrales, pero adem\u00e1s de eso son medidas ambientales que permitan descontaminar el aire de la ciudad y tambi\u00e9n avanzar en mejorar la calidad de vida. Para nosotros como Ministerio del Medio Ambiente es fundamental poder avanzar con estos procesos, mirando tambi\u00e9n la descentralizaci\u00f3n como un eje estructurante y que ello permita que todos y todas en los distintos territorios del pa\u00eds puedan tambi\u00e9n avanzar con esta oportunidad y beneficios para todas las comunidades\u201d, manifest\u00f3.<\/p>\n<p style=\"text-align: justify;\">Cabe recordar que dentro de los criterios de evaluaci\u00f3n para los postulantes se entregar\u00e1 m\u00e1s puntaje a quienes tengan mayor cantidad de integrantes en el grupo familiar, con menores de 8 a\u00f1os y mayores a 60 y que presenten alguna discapacidad o enfermedad cr\u00f3nica cardiorrespiratoria. Tambi\u00e9n se evaluar\u00e1 el tipo de artefacto, el a\u00f1o de construcci\u00f3n de la vivienda y el estado de conservaci\u00f3n.<\/p>\n<p style=\"text-align: justify;\">Finalmente, Paulina Ruz y Yoal D\u00edaz extendieron una invitaci\u00f3n a las familias de Puerto Ays\u00e9n y Cochrane a estar informados para ver si cumplen con los requisitos que les permitan postular a este programa piloto hasta el pr\u00f3ximo <strong>viernes 17 de mayo<\/strong>. Estas postulaciones las pueden hacer en forma presencial en las oficinas de las delegaciones Serviu o v\u00eda online a trav\u00e9s de la p\u00e1gina web del Ministerio del Medio Ambiente <strong>calefactores.mma.gob.cl<\/strong>\u201d.<\/p>\n<p style=\"text-align: justify;\">Entre los requisitos para para postular destacan: Aceptar que se realizar\u00e1 cambio del sistema de calefacci\u00f3n por uno el\u00e9ctrico. Tener instalado un artefacto a le\u00f1a que debe entregar una vez realizado el recambio. Permitir el acceso para que personal de SERVIU o quien se designe realice el levantamiento de planimetr\u00edas y an\u00e1lisis t\u00e9cnico de la vivienda. La vivienda debe estar ubicada en la zona saturada de Puerto Ays\u00e9n y en el \u00e1rea urbana de Cochrane. No haber sido beneficiado con alg\u00fan programa de recambio anterior. El artefacto a recambiar no corresponda a un artefacto de alg\u00fan programa de recambio anterior. La vivienda debe estar completamente regularizada y el postulante debe vivir en ella.<\/p>\n<\/div><\/section><\/div><div  style='height:50px' class='hr hr-invisible   avia-builder-el-6  el_after_av_one_full  el_before_av_social_share '><span class='hr-inner ' ><span class='hr-inner-style'><\/span><\/span><\/div><\/p>\n<div  class='av-social-sharing-box  avia-builder-el-7  el_after_av_hr  el_before_av_hr  '><div class='av-share-box'><h5 class='av-share-link-description av-no-toc '>Compartir esta noticia<\/h5><ul class='av-share-box-list noLightbox'><li class='av-share-link av-social-link-facebook' ><a target=\"_blank\" aria-label=\"Compartir en Facebook\" href='https:\/\/www.facebook.com\/sharer.php?u=https:\/\/radiorevelacionfm.cl\/?p=42022&#038;t=Lanzan%20programa%20piloto%20para%20mejoramiento%20integral%20de%20viviendas%20y%20recambio%20de%20calefactores%20en%20Puerto%20Ays%C3%A9n%20y%20Cochrane' aria-hidden='false' data-av_icon='\ue8f3' data-av_iconfont='entypo-fontello' title='' data-avia-related-tooltip='Compartir en Facebook' rel=\"noopener\"><span class='avia_hidden_link_text'>Compartir en Facebook<\/span><\/a><\/li><li class='av-share-link av-social-link-twitter' ><a target=\"_blank\" aria-label=\"Compartir en Twitter\" href='https:\/\/twitter.com\/share?text=Lanzan%20programa%20piloto%20para%20mejoramiento%20integral%20de%20viviendas%20y%20recambio%20de%20calefactores%20en%20Puerto%20Ays%C3%A9n%20y%20Cochrane&#038;url=https:\/\/radiorevelacionfm.cl\/?p=42022' aria-hidden='false' data-av_icon='\ue8f1' data-av_iconfont='entypo-fontello' title='' data-avia-related-tooltip='Compartir en Twitter' rel=\"noopener\"><span class='avia_hidden_link_text'>Compartir en Twitter<\/span><\/a><\/li><li class='av-share-link av-social-link-whatsapp' ><a target=\"_blank\" aria-label=\"Compartir en Whatsapp\" href='https:\/\/api.whatsapp.com\/send?text=https:\/\/radiorevelacionfm.cl\/?p=42022' aria-hidden='false' data-av_icon='\uf232' data-av_iconfont='entypo-fontello' title='' data-avia-related-tooltip='Compartir en Whatsapp' rel=\"noopener\"><span class='avia_hidden_link_text'>Compartir en Whatsapp<\/span><\/a><\/li><li class='av-share-link av-social-link-linkedin' ><a target=\"_blank\" aria-label=\"Compartir en LinkedIn\" href='https:\/\/linkedin.com\/shareArticle?mini=true&#038;title=Lanzan%20programa%20piloto%20para%20mejoramiento%20integral%20de%20viviendas%20y%20recambio%20de%20calefactores%20en%20Puerto%20Ays%C3%A9n%20y%20Cochrane&#038;url=https:\/\/radiorevelacionfm.cl\/?p=42022' aria-hidden='false' data-av_icon='\ue8fc' data-av_iconfont='entypo-fontello' title='' data-avia-related-tooltip='Compartir en LinkedIn' rel=\"noopener\"><span class='avia_hidden_link_text'>Compartir en LinkedIn<\/span><\/a><\/li><li class='av-share-link av-social-link-mail' ><a  aria-label=\"Compartir por correo\" href='mailto:?subject=Lanzan%20programa%20piloto%20para%20mejoramiento%20integral%20de%20viviendas%20y%20recambio%20de%20calefactores%20en%20Puerto%20Ays%C3%A9n%20y%20Cochrane&#038;body=https:\/\/radiorevelacionfm.cl\/?p=42022' aria-hidden='false' data-av_icon='\ue805' data-av_iconfont='entypo-fontello' title='' data-avia-related-tooltip='Compartir por correo'><span class='avia_hidden_link_text'>Compartir por correo<\/span><\/a><\/li><\/ul><\/div><\/div>\n<div  style='height:50px' class='hr hr-invisible   avia-builder-el-8  el_after_av_social_share  el_before_av_comments_list '><span class='hr-inner ' ><span class='hr-inner-style'><\/span><\/span><\/div>\n<div  class='av-buildercomment  av-blog-meta-html-info-disabled av-blog-meta-tag-disabled  '><\/div>\n","protected":false},"excerpt":{"rendered":"","protected":false},"author":1,"featured_media":42023,"comment_status":"open","ping_status":"open","sticky":false,"template":"","format":"standard","meta":{"footnotes":""},"categories":[57],"tags":[],"class_list":["post-42022","post","type-post","status-publish","format-standard","has-post-thumbnail","hentry","category-vivienda"],"jetpack_featured_media_url":"https:\/\/radiorevelacionfm.cl\/wp-content\/uploads\/2024\/05\/DPP-y-Sremis-en-lanzamiento-programa-piloto-mejoramiento-integral-viviendas-en-Cochrane-1-1.jpeg","_links":{"self":[{"href":"https:\/\/radiorevelacionfm.cl\/index.php?rest_route=\/wp\/v2\/posts\/42022","targetHints":{"allow":["GET"]}}],"collection":[{"href":"https:\/\/radiorevelacionfm.cl\/index.php?rest_route=\/wp\/v2\/posts"}],"about":[{"href":"https:\/\/radiorevelacionfm.cl\/index.php?rest_route=\/wp\/v2\/types\/post"}],"author":[{"embeddable":true,"href":"https:\/\/radiorevelacionfm.cl\/index.php?rest_route=\/wp\/v2\/users\/1"}],"replies":[{"embeddable":true,"href":"https:\/\/radiorevelacionfm.cl\/index.php?rest_route=%2Fwp%2Fv2%2Fcomments&post=42022"}],"version-history":[{"count":1,"href":"https:\/\/radiorevelacionfm.cl\/index.php?rest_route=\/wp\/v2\/posts\/42022\/revisions"}],"predecessor-version":[{"id":42024,"href":"https:\/\/radiorevelacionfm.cl\/index.php?rest_route=\/wp\/v2\/posts\/42022\/revisions\/42024"}],"wp:featuredmedia":[{"embeddable":true,"href":"https:\/\/radiorevelacionfm.cl\/index.php?rest_route=\/wp\/v2\/media\/42023"}],"wp:attachment":[{"href":"https:\/\/radiorevelacionfm.cl\/index.php?rest_route=%2Fwp%2Fv2%2Fmedia&parent=42022"}],"wp:term":[{"taxonomy":"category","embeddable":true,"href":"https:\/\/radiorevelacionfm.cl\/index.php?rest_route=%2Fwp%2Fv2%2Fcategories&post=42022"},{"taxonomy":"post_tag","embeddable":true,"href":"https:\/\/radiorevelacionfm.cl\/index.php?rest_route=%2Fwp%2Fv2%2Ftags&post=42022"}],"curies":[{"name":"wp","href":"https:\/\/api.w.org\/{rel}","templated":true}]}}