{"id":4202,"date":"2021-05-17T11:39:57","date_gmt":"2021-05-17T14:39:57","guid":{"rendered":"https:\/\/radiorevelacionfm.cl\/?p=4202"},"modified":"2021-05-17T11:39:57","modified_gmt":"2021-05-17T14:39:57","slug":"carabineros-cobertura-y-seguridad-en-historico-proceso-eleccionario","status":"publish","type":"post","link":"https:\/\/radiorevelacionfm.cl\/?p=4202","title":{"rendered":"Carabineros: Cobertura y seguridad en hist\u00f3rico proceso eleccionario"},"content":{"rendered":"<div class=\"flex_column av_one_full  flex_column_div av-zero-column-padding first  avia-builder-el-0  el_before_av_one_full  avia-builder-el-first  \" style='border-radius:0px; '><div  class='avia-image-container  av-styling-    avia-builder-el-1  avia-builder-el-no-sibling  avia-align-center '  itemprop=\"image\" itemscope=\"itemscope\" itemtype=\"https:\/\/schema.org\/ImageObject\"  ><div class='avia-image-container-inner'><div class='avia-image-overlay-wrap'><img decoding=\"async\" class='wp-image-4203 avia-img-lazy-loading-not-4203 avia_image' src=\"https:\/\/radiorevelacionfm.cl\/wp-content\/uploads\/2021\/05\/carabineros-e_optimized.jpg\" alt='' title='carabineros-e_optimized' height=\"720\" width=\"1280\"  itemprop=\"thumbnailUrl\" srcset=\"https:\/\/radiorevelacionfm.cl\/wp-content\/uploads\/2021\/05\/carabineros-e_optimized.jpg 1280w, https:\/\/radiorevelacionfm.cl\/wp-content\/uploads\/2021\/05\/carabineros-e_optimized-300x169.jpg 300w, https:\/\/radiorevelacionfm.cl\/wp-content\/uploads\/2021\/05\/carabineros-e_optimized-1030x579.jpg 1030w, https:\/\/radiorevelacionfm.cl\/wp-content\/uploads\/2021\/05\/carabineros-e_optimized-768x432.jpg 768w, https:\/\/radiorevelacionfm.cl\/wp-content\/uploads\/2021\/05\/carabineros-e_optimized-705x397.jpg 705w, https:\/\/radiorevelacionfm.cl\/wp-content\/uploads\/2021\/05\/carabineros-e_optimized-600x338.jpg 600w\" sizes=\"(max-width: 1280px) 100vw, 1280px\" \/><\/div><\/div><\/div><\/div><div class=\"flex_column av_one_full  flex_column_div av-zero-column-padding first  avia-builder-el-2  el_after_av_one_full  el_before_av_one_full  column-top-margin\" style='border-radius:0px; '><section class=\"av_textblock_section \"  itemscope=\"itemscope\" itemtype=\"https:\/\/schema.org\/BlogPosting\" itemprop=\"blogPost\" ><div class='avia_textblock  '   itemprop=\"text\" ><p style=\"text-align: center;\"><strong><span style=\"font-size: 18pt;\">Carabineros: Cobertura y seguridad en hist\u00f3rico proceso eleccionario<\/span><\/strong><\/p>\n<div id=\"gtx-trans\" style=\"position: absolute; left: -50px; top: 4.31534px;\">\n<div class=\"gtx-trans-icon\"><\/div>\n<\/div>\n<\/div><\/section><\/div><div class=\"flex_column av_one_full  flex_column_div av-zero-column-padding first  avia-builder-el-4  el_after_av_one_full  el_before_av_hr  column-top-margin\" style='border-radius:0px; '><section class=\"av_textblock_section \"  itemscope=\"itemscope\" itemtype=\"https:\/\/schema.org\/BlogPosting\" itemprop=\"blogPost\" ><div class='avia_textblock  '   itemprop=\"text\" ><p class=\"v1MsoNormal\" style=\"text-align: justify;\">Como en cada momento importante de la historia de Chile y tal como ha ocurrido durante m\u00e1s de 94 a\u00f1os, Carabineros ha estado acompa\u00f1ando a la ciudadan\u00eda y trabajando durante dos extensas jornadas colaborando con la seguridad y tranquilidad de este proceso eleccionario hist\u00f3rico para nuestro pa\u00eds.<\/p>\n<p class=\"v1MsoNormal\" style=\"text-align: justify;\">El General Hugo Zenteno V\u00e1squez, Jefe de la XI Zona de Carabineros Ays\u00e9n, indic\u00f3 que m\u00e1s de cien funcionarios fueron desplegados a primera hora de ambas jornadas a lo largo de la regi\u00f3n. La Instituci\u00f3n resguard\u00f3 el proceso a trav\u00e9s de tres anillos de seguridad en el per\u00edmetro exterior de los locales de votaci\u00f3n distribuidos en las 10 comunas de la regi\u00f3n de Ays\u00e9n.<\/p>\n<p class=\"v1MsoNormal\" style=\"text-align: justify;\">\u00abLos Carabineros fueron distribuidos muy tempranamente para que est\u00e9 todo en un ambiente de normalidad y tranquilidad para que la ciudadan\u00eda pueda votar sin ning\u00fan contratiempo\u00bb, indic\u00f3, tras efectuar un recorrido a las facciones instaladas en las afueras de cada local de votaci\u00f3n en la ciudad de Coyhaique y la regi\u00f3n.<\/p>\n<p class=\"v1MsoNormal\" style=\"text-align: justify;\">Por su parte el Teniente Coronel Rafael Cares Sep\u00falveda, Subprefecto de los Servicios de la Prefectura de Carabineros Ays\u00e9n, se\u00f1al\u00f3 que la planificaci\u00f3n del servicio comenz\u00f3 hace mucho tiempo para dar la debida seguridad que un proceso de esta magnitud requiere.<\/p>\n<p class=\"v1MsoNormal\" style=\"text-align: justify;\">\u00abDesde el inicio y con el traslado del material necesario para ejecutar esta elecci\u00f3n, se ha concretado durante el d\u00eda s\u00e1bado y domingo el servicio operativo policial para garantizar el normal orden en el desarrollo de esta hist\u00f3rica jornada\u00bb,\u00a0 indic\u00f3 el Oficial.<\/p>\n<p class=\"v1MsoNormal\" style=\"text-align: justify;\">Asimismo, destac\u00f3 que entre los objetivos del trabajo que realiza Carabineros est\u00e1 el apoyar o auxiliar a las personas que presentan mayor vulnerabilidad, tras lo cual se desarrollaron m\u00faltiples acciones orientadas a facilitar el acceso de las personas \u2013especialmente de la tercera edad- con problemas f\u00edsicos o movilidad reducida para que pudieran sufragar.<\/p>\n<p class=\"v1MsoNormal\" style=\"text-align: justify;\">\u00abFue una de las prioridades por parte del Alto Mando y por parte de nuestro Jefe de Zona, General Hugo Zenteno. Ciertamente fue una preocupaci\u00f3n especial para todos los carabineros aparte de poder realizar todos los servicios operativos\u00bb, resalt\u00f3.<\/p>\n<p class=\"v1MsoNormal\" style=\"text-align: justify;\"><b>Covid-19\u00a0\u00a0<\/b><\/p>\n<p class=\"v1MsoNormal\" style=\"text-align: justify;\">El Oficial Jefe indic\u00f3 que en t\u00e9rminos generales fueron dos jornadas tranquilas, exceptuando un caso positivo de Covid-19 por parte de un vocal de mesa en la comuna de Lago Verde.<\/p>\n<p class=\"v1MsoNormal\" style=\"text-align: justify;\">\u00abGener\u00f3 todo un protocolo de sanitizaci\u00f3n y poder mantener el lugar para que pudiera funcionar. Fue muy importante que la ciudadan\u00eda respondiera al uso de los elementos de protecci\u00f3n personal para evitar estos contactos estrechos, afortunadamente el Servel \u2013a trav\u00e9s de la aplicaci\u00f3n de los protocolos Covid-19 logr\u00f3 r\u00e1pidamente solucionar la situaci\u00f3n y el local pudo funcionar normalmente en esta jornada\u00bb, detall\u00f3.<\/p>\n<p class=\"v1MsoNormal\" style=\"text-align: justify;\">Una situaci\u00f3n similar se registr\u00f3 en un local de votaci\u00f3n en Puerto Ays\u00e9n, siendo aplicado el protocolo de bioseguridad, pudiendo subsanar el inconveniente.<\/p>\n<p class=\"v1MsoNormal\" style=\"text-align: justify;\"><b>Fotograf\u00eda a voto<\/b><\/p>\n<p class=\"v1MsoNormal\" style=\"text-align: justify;\">Por otra parte, una persona que prest\u00f3 asistencia para la ejecuci\u00f3n un voto al interior de un local de Lago Verde y que habr\u00eda fotografiado dicho voto \u2013situaci\u00f3n que es materia de investigaci\u00f3n- motiv\u00f3 adoptar un procedimiento por parte de Carabineros, situaci\u00f3n que deriv\u00f3 en la detenci\u00f3n de una persona, siendo los antecedentes puestos en conocimiento de la Fiscal\u00eda, la cual dispuso su libertad, quedando en espera de citaci\u00f3n, seg\u00fan indic\u00f3 el Subprefecto de los Servicios.<\/p>\n<p style=\"text-align: justify;\">Hasta el cierre de esta edici\u00f3n, mientras se desarrolla el conteo de votos, Carabineros mantiene los servicios preventivos hasta una vez finalizado el proceso y en las horas posteriores, con la finalidad de mantener la seguridad y acudir ante alg\u00fan inconveniente que se pueda suscitar.<\/p>\n<\/div><\/section><\/div><div  style='height:50px' class='hr hr-invisible   avia-builder-el-6  el_after_av_one_full  el_before_av_social_share '><span class='hr-inner ' ><span class='hr-inner-style'><\/span><\/span><\/div><\/p>\n<div  class='av-social-sharing-box  avia-builder-el-7  el_after_av_hr  el_before_av_hr  '><div class='av-share-box'><h5 class='av-share-link-description av-no-toc '>Compartir esta noticia<\/h5><ul class='av-share-box-list noLightbox'><li class='av-share-link av-social-link-facebook' ><a target=\"_blank\" aria-label=\"Compartir en Facebook\" href='https:\/\/www.facebook.com\/sharer.php?u=https:\/\/radiorevelacionfm.cl\/?p=4202&#038;t=Carabineros%3A%20Cobertura%20y%20seguridad%20en%20hist%C3%B3rico%20proceso%20eleccionario' aria-hidden='false' data-av_icon='\ue8f3' data-av_iconfont='entypo-fontello' title='' data-avia-related-tooltip='Compartir en Facebook' rel=\"noopener\"><span class='avia_hidden_link_text'>Compartir en Facebook<\/span><\/a><\/li><li class='av-share-link av-social-link-twitter' ><a target=\"_blank\" aria-label=\"Compartir en Twitter\" href='https:\/\/twitter.com\/share?text=Carabineros%3A%20Cobertura%20y%20seguridad%20en%20hist%C3%B3rico%20proceso%20eleccionario&#038;url=https:\/\/radiorevelacionfm.cl\/?p=4202' aria-hidden='false' data-av_icon='\ue8f1' data-av_iconfont='entypo-fontello' title='' data-avia-related-tooltip='Compartir en Twitter' rel=\"noopener\"><span class='avia_hidden_link_text'>Compartir en Twitter<\/span><\/a><\/li><li class='av-share-link av-social-link-whatsapp' ><a target=\"_blank\" aria-label=\"Compartir en Whatsapp\" href='https:\/\/api.whatsapp.com\/send?text=https:\/\/radiorevelacionfm.cl\/?p=4202' aria-hidden='false' data-av_icon='\uf232' data-av_iconfont='entypo-fontello' title='' data-avia-related-tooltip='Compartir en Whatsapp' rel=\"noopener\"><span class='avia_hidden_link_text'>Compartir en Whatsapp<\/span><\/a><\/li><li class='av-share-link av-social-link-linkedin' ><a target=\"_blank\" aria-label=\"Compartir en LinkedIn\" href='https:\/\/linkedin.com\/shareArticle?mini=true&#038;title=Carabineros%3A%20Cobertura%20y%20seguridad%20en%20hist%C3%B3rico%20proceso%20eleccionario&#038;url=https:\/\/radiorevelacionfm.cl\/?p=4202' aria-hidden='false' data-av_icon='\ue8fc' data-av_iconfont='entypo-fontello' title='' data-avia-related-tooltip='Compartir en LinkedIn' rel=\"noopener\"><span class='avia_hidden_link_text'>Compartir en LinkedIn<\/span><\/a><\/li><li class='av-share-link av-social-link-mail' ><a  aria-label=\"Compartir por correo\" href='mailto:?subject=Carabineros%3A%20Cobertura%20y%20seguridad%20en%20hist%C3%B3rico%20proceso%20eleccionario&#038;body=https:\/\/radiorevelacionfm.cl\/?p=4202' aria-hidden='false' data-av_icon='\ue805' data-av_iconfont='entypo-fontello' title='' data-avia-related-tooltip='Compartir por correo'><span class='avia_hidden_link_text'>Compartir por correo<\/span><\/a><\/li><\/ul><\/div><\/div>\n<div  style='height:50px' class='hr hr-invisible   avia-builder-el-8  el_after_av_social_share  el_before_av_comments_list '><span class='hr-inner ' ><span class='hr-inner-style'><\/span><\/span><\/div>\n<div  class='av-buildercomment  av-blog-meta-html-info-disabled av-blog-meta-tag-disabled  '><\/div>\n","protected":false},"excerpt":{"rendered":"","protected":false},"author":1,"featured_media":4203,"comment_status":"open","ping_status":"open","sticky":false,"template":"","format":"standard","meta":{"footnotes":""},"categories":[38],"tags":[],"class_list":["post-4202","post","type-post","status-publish","format-standard","has-post-thumbnail","hentry","category-regional"],"jetpack_featured_media_url":"https:\/\/radiorevelacionfm.cl\/wp-content\/uploads\/2021\/05\/carabineros-e_optimized.jpg","_links":{"self":[{"href":"https:\/\/radiorevelacionfm.cl\/index.php?rest_route=\/wp\/v2\/posts\/4202","targetHints":{"allow":["GET"]}}],"collection":[{"href":"https:\/\/radiorevelacionfm.cl\/index.php?rest_route=\/wp\/v2\/posts"}],"about":[{"href":"https:\/\/radiorevelacionfm.cl\/index.php?rest_route=\/wp\/v2\/types\/post"}],"author":[{"embeddable":true,"href":"https:\/\/radiorevelacionfm.cl\/index.php?rest_route=\/wp\/v2\/users\/1"}],"replies":[{"embeddable":true,"href":"https:\/\/radiorevelacionfm.cl\/index.php?rest_route=%2Fwp%2Fv2%2Fcomments&post=4202"}],"version-history":[{"count":1,"href":"https:\/\/radiorevelacionfm.cl\/index.php?rest_route=\/wp\/v2\/posts\/4202\/revisions"}],"predecessor-version":[{"id":4204,"href":"https:\/\/radiorevelacionfm.cl\/index.php?rest_route=\/wp\/v2\/posts\/4202\/revisions\/4204"}],"wp:featuredmedia":[{"embeddable":true,"href":"https:\/\/radiorevelacionfm.cl\/index.php?rest_route=\/wp\/v2\/media\/4203"}],"wp:attachment":[{"href":"https:\/\/radiorevelacionfm.cl\/index.php?rest_route=%2Fwp%2Fv2%2Fmedia&parent=4202"}],"wp:term":[{"taxonomy":"category","embeddable":true,"href":"https:\/\/radiorevelacionfm.cl\/index.php?rest_route=%2Fwp%2Fv2%2Fcategories&post=4202"},{"taxonomy":"post_tag","embeddable":true,"href":"https:\/\/radiorevelacionfm.cl\/index.php?rest_route=%2Fwp%2Fv2%2Ftags&post=4202"}],"curies":[{"name":"wp","href":"https:\/\/api.w.org\/{rel}","templated":true}]}}