{"id":42019,"date":"2024-05-08T21:23:40","date_gmt":"2024-05-09T00:23:40","guid":{"rendered":"https:\/\/radiorevelacionfm.cl\/?p=42019"},"modified":"2024-05-08T21:23:40","modified_gmt":"2024-05-09T00:23:40","slug":"en-mesa-tripartita-analizan-conectividad-maritima-del-litoral-norte-y-transporte-de-carga","status":"publish","type":"post","link":"https:\/\/radiorevelacionfm.cl\/?p=42019","title":{"rendered":"En mesa tripartita analizan conectividad mar\u00edtima del litoral norte y transporte de carga"},"content":{"rendered":"<div class=\"flex_column av_one_full  flex_column_div av-zero-column-padding first  avia-builder-el-0  el_before_av_one_full  avia-builder-el-first  \" style='border-radius:0px; '><div  class='avia-image-container  av-styling-    avia-builder-el-1  avia-builder-el-no-sibling  avia-align-center '  itemprop=\"image\" itemscope=\"itemscope\" itemtype=\"https:\/\/schema.org\/ImageObject\"  ><div class='avia-image-container-inner'><div class='avia-image-overlay-wrap'><img decoding=\"async\" class='wp-image-42020 avia-img-lazy-loading-not-42020 avia_image' src=\"https:\/\/radiorevelacionfm.cl\/wp-content\/uploads\/2024\/05\/dsc_7779-1_optimized.jpg\" alt='' title='dsc_7779-(1)_optimized' height=\"600\" width=\"903\"  itemprop=\"thumbnailUrl\" srcset=\"https:\/\/radiorevelacionfm.cl\/wp-content\/uploads\/2024\/05\/dsc_7779-1_optimized.jpg 903w, https:\/\/radiorevelacionfm.cl\/wp-content\/uploads\/2024\/05\/dsc_7779-1_optimized-300x199.jpg 300w, https:\/\/radiorevelacionfm.cl\/wp-content\/uploads\/2024\/05\/dsc_7779-1_optimized-768x510.jpg 768w, https:\/\/radiorevelacionfm.cl\/wp-content\/uploads\/2024\/05\/dsc_7779-1_optimized-705x468.jpg 705w, https:\/\/radiorevelacionfm.cl\/wp-content\/uploads\/2024\/05\/dsc_7779-1_optimized-450x299.jpg 450w, https:\/\/radiorevelacionfm.cl\/wp-content\/uploads\/2024\/05\/dsc_7779-1_optimized-600x399.jpg 600w\" sizes=\"(max-width: 903px) 100vw, 903px\" \/><\/div><\/div><\/div><\/div><div class=\"flex_column av_one_full  flex_column_div av-zero-column-padding first  avia-builder-el-2  el_after_av_one_full  el_before_av_one_full  column-top-margin\" style='border-radius:0px; '><section class=\"av_textblock_section \"  itemscope=\"itemscope\" itemtype=\"https:\/\/schema.org\/BlogPosting\" itemprop=\"blogPost\" ><div class='avia_textblock  '   itemprop=\"text\" ><p style=\"text-align: center;\"><span style=\"font-size: 18pt;\"><b>En mesa tripartita analizan conectividad mar\u00edtima del litoral norte y transporte de carga<\/b><\/span><\/p>\n<div id=\"gtx-trans\" style=\"position: absolute; left: -50px; top: 4.31534px;\">\n<div class=\"gtx-trans-icon\"><\/div>\n<\/div>\n<\/div><\/section><\/div><div class=\"flex_column av_one_full  flex_column_div av-zero-column-padding first  avia-builder-el-4  el_after_av_one_full  el_before_av_hr  column-top-margin\" style='border-radius:0px; '><section class=\"av_textblock_section \"  itemscope=\"itemscope\" itemtype=\"https:\/\/schema.org\/BlogPosting\" itemprop=\"blogPost\" ><div class='avia_textblock  '   itemprop=\"text\" ><p style=\"font-weight: 400; text-align: justify;\"><em>En instancia encabezada por seremiTT Hans Zimmermann, ejecutivos de empresa Naviera Austral y dirigentes del transporte de carga regional evaluaron operaci\u00f3n del servicio subvencionado Ruta Cordillera e identificaron medidas que puedan fortalecer la labor de los transportistas.<\/em><\/p>\n<p style=\"font-weight: 400; text-align: justify;\">Mediante un di\u00e1logo propositivo que incluy\u00f3 a actores claves para la conectividad mar\u00edtima de la Ruta Cordillera, se conform\u00f3 una mesa de trabajo convocado por el ministerio de Transportes y Telecomunicaciones (MTT) a trav\u00e9s del seremiTT Hans Zimmermann. En la instancia se sum\u00f3 el gerente de la empresa operadora del contrato Naviera Austral, C\u00e9sar Hechenleitner y dirigentes del transporte de carga en donde destac\u00f3 la presencia de Conrado Redlich, Nelson Ram\u00edrez y Omar Torres, presidentes de la \u00a0Asociaci\u00f3n Gremial de Transporte de Carga de Ays\u00e9n y Chacabuco (AGRECACh), \u00a0Asociaci\u00f3n Gremial de Due\u00f1os de Camiones de Coyhaique (ASODUCAM) y \u00a0AG Transportes de la Patagonia, respectivamente.<\/p>\n<p style=\"font-weight: 400; text-align: justify;\">En este encuentro los transportistas pudieron dar a conocer sus solicitudes en torno al servicio otorgado por la empresa, as\u00ed como otras gestiones que pueden resolverse en forma conjunta. La autoridad sectorial se refiri\u00f3 a la importancia de poder canalizar en forma oportuna dichos requerimientos.<\/p>\n<p style=\"font-weight: 400; text-align: justify;\">\u201cParte importante de la cadena de suministro, fluye por estos servicios mar\u00edtimos que son subsidiados por el Ministerio de Transporte. Para nosotros como serem\u00eda de Transportes de la Regi\u00f3n de Ays\u00e9n es muy importante poder generar estas instancias de conversaci\u00f3n y di\u00e1logo con los principales actores y usuarios de nuestros servicios subsidiados, en pos de ir avanzando siempre en la posibilidad de mejoras que \u00e9stas sean continuas para poder brindar una mejor calidad en el transporte que conecta a nuestra regi\u00f3n con el resto del pa\u00eds\u201d, a\u00f1adi\u00f3 Zimmermann.<\/p>\n<p style=\"font-weight: 400; text-align: justify;\">C\u00e9sar Hechenleitner, gerente general de Naviera Austral, valor\u00f3 la retroalimentaci\u00f3n sostenida con el ministerio y los usuarios transportistas, insumo que, en sus propias palabras, permitir\u00e1 \u201crevisar las condiciones y mejoras necesarias en el servicio mar\u00edtimo subsidiado que conecta a Quell\u00f3n con Puerto Cisnes y Chacabuco. Nos vamos con varias tareas y puntos a mejorar, pero siempre una buena coordinaci\u00f3n junto con la autoridad regional de Transportes y el gremio de transportistas\u201d.<\/p>\n<p style=\"font-weight: 400; text-align: justify;\">Similar apreciaci\u00f3n fue compartida con el dirigente del transporte de carga Conrado Redlich, quien adem\u00e1s de destacar la disposici\u00f3n de la autoridad para concretar viajes adicionales en las rutas Cisnes \u2013 Quell\u00f3n y Melinka \u2013 Quell\u00f3n, destac\u00f3 la necesidad de implementar medidas de seguridad al gremio. \u201cPedimos involucrar a la Armada de Chile para que tengamos, insisto, mayor seguridad en los embarques y tambi\u00e9n varios temas m\u00e1s en los que la Naviera se comprometi\u00f3 a trabajar. Por ejemplo, implementaci\u00f3n de un parqueadero para los camiones en los embarques, tanto en la comuna de Quell\u00f3n como en Puerto Cisnes, as\u00ed es que desde ya, muy agradecidos por la disposici\u00f3n del seremi, de la Naviera y de todos los colegas que participamos en esta reuni\u00f3n\u201d.<\/p>\n<\/div><\/section><\/div><div  style='height:50px' class='hr hr-invisible   avia-builder-el-6  el_after_av_one_full  el_before_av_social_share '><span class='hr-inner ' ><span class='hr-inner-style'><\/span><\/span><\/div><\/p>\n<div  class='av-social-sharing-box  avia-builder-el-7  el_after_av_hr  el_before_av_hr  '><div class='av-share-box'><h5 class='av-share-link-description av-no-toc '>Compartir esta noticia<\/h5><ul class='av-share-box-list noLightbox'><li class='av-share-link av-social-link-facebook' ><a target=\"_blank\" aria-label=\"Compartir en Facebook\" href='https:\/\/www.facebook.com\/sharer.php?u=https:\/\/radiorevelacionfm.cl\/?p=42019&#038;t=En%20mesa%20tripartita%20analizan%20conectividad%20mar%C3%ADtima%20del%20litoral%20norte%20y%20transporte%20de%20carga' aria-hidden='false' data-av_icon='\ue8f3' data-av_iconfont='entypo-fontello' title='' data-avia-related-tooltip='Compartir en Facebook' rel=\"noopener\"><span class='avia_hidden_link_text'>Compartir en Facebook<\/span><\/a><\/li><li class='av-share-link av-social-link-twitter' ><a target=\"_blank\" aria-label=\"Compartir en Twitter\" href='https:\/\/twitter.com\/share?text=En%20mesa%20tripartita%20analizan%20conectividad%20mar%C3%ADtima%20del%20litoral%20norte%20y%20transporte%20de%20carga&#038;url=https:\/\/radiorevelacionfm.cl\/?p=42019' aria-hidden='false' data-av_icon='\ue8f1' data-av_iconfont='entypo-fontello' title='' data-avia-related-tooltip='Compartir en Twitter' rel=\"noopener\"><span class='avia_hidden_link_text'>Compartir en Twitter<\/span><\/a><\/li><li class='av-share-link av-social-link-whatsapp' ><a target=\"_blank\" aria-label=\"Compartir en Whatsapp\" href='https:\/\/api.whatsapp.com\/send?text=https:\/\/radiorevelacionfm.cl\/?p=42019' aria-hidden='false' data-av_icon='\uf232' data-av_iconfont='entypo-fontello' title='' data-avia-related-tooltip='Compartir en Whatsapp' rel=\"noopener\"><span class='avia_hidden_link_text'>Compartir en Whatsapp<\/span><\/a><\/li><li class='av-share-link av-social-link-linkedin' ><a target=\"_blank\" aria-label=\"Compartir en LinkedIn\" href='https:\/\/linkedin.com\/shareArticle?mini=true&#038;title=En%20mesa%20tripartita%20analizan%20conectividad%20mar%C3%ADtima%20del%20litoral%20norte%20y%20transporte%20de%20carga&#038;url=https:\/\/radiorevelacionfm.cl\/?p=42019' aria-hidden='false' data-av_icon='\ue8fc' data-av_iconfont='entypo-fontello' title='' data-avia-related-tooltip='Compartir en LinkedIn' rel=\"noopener\"><span class='avia_hidden_link_text'>Compartir en LinkedIn<\/span><\/a><\/li><li class='av-share-link av-social-link-mail' ><a  aria-label=\"Compartir por correo\" href='mailto:?subject=En%20mesa%20tripartita%20analizan%20conectividad%20mar%C3%ADtima%20del%20litoral%20norte%20y%20transporte%20de%20carga&#038;body=https:\/\/radiorevelacionfm.cl\/?p=42019' aria-hidden='false' data-av_icon='\ue805' data-av_iconfont='entypo-fontello' title='' data-avia-related-tooltip='Compartir por correo'><span class='avia_hidden_link_text'>Compartir por correo<\/span><\/a><\/li><\/ul><\/div><\/div>\n<div  style='height:50px' class='hr hr-invisible   avia-builder-el-8  el_after_av_social_share  el_before_av_comments_list '><span class='hr-inner ' ><span class='hr-inner-style'><\/span><\/span><\/div>\n<div  class='av-buildercomment  av-blog-meta-html-info-disabled av-blog-meta-tag-disabled  '><\/div>\n","protected":false},"excerpt":{"rendered":"","protected":false},"author":1,"featured_media":42020,"comment_status":"open","ping_status":"open","sticky":false,"template":"","format":"standard","meta":{"footnotes":""},"categories":[59],"tags":[],"class_list":["post-42019","post","type-post","status-publish","format-standard","has-post-thumbnail","hentry","category-transporte"],"jetpack_featured_media_url":"https:\/\/radiorevelacionfm.cl\/wp-content\/uploads\/2024\/05\/dsc_7779-1_optimized.jpg","_links":{"self":[{"href":"https:\/\/radiorevelacionfm.cl\/index.php?rest_route=\/wp\/v2\/posts\/42019","targetHints":{"allow":["GET"]}}],"collection":[{"href":"https:\/\/radiorevelacionfm.cl\/index.php?rest_route=\/wp\/v2\/posts"}],"about":[{"href":"https:\/\/radiorevelacionfm.cl\/index.php?rest_route=\/wp\/v2\/types\/post"}],"author":[{"embeddable":true,"href":"https:\/\/radiorevelacionfm.cl\/index.php?rest_route=\/wp\/v2\/users\/1"}],"replies":[{"embeddable":true,"href":"https:\/\/radiorevelacionfm.cl\/index.php?rest_route=%2Fwp%2Fv2%2Fcomments&post=42019"}],"version-history":[{"count":1,"href":"https:\/\/radiorevelacionfm.cl\/index.php?rest_route=\/wp\/v2\/posts\/42019\/revisions"}],"predecessor-version":[{"id":42021,"href":"https:\/\/radiorevelacionfm.cl\/index.php?rest_route=\/wp\/v2\/posts\/42019\/revisions\/42021"}],"wp:featuredmedia":[{"embeddable":true,"href":"https:\/\/radiorevelacionfm.cl\/index.php?rest_route=\/wp\/v2\/media\/42020"}],"wp:attachment":[{"href":"https:\/\/radiorevelacionfm.cl\/index.php?rest_route=%2Fwp%2Fv2%2Fmedia&parent=42019"}],"wp:term":[{"taxonomy":"category","embeddable":true,"href":"https:\/\/radiorevelacionfm.cl\/index.php?rest_route=%2Fwp%2Fv2%2Fcategories&post=42019"},{"taxonomy":"post_tag","embeddable":true,"href":"https:\/\/radiorevelacionfm.cl\/index.php?rest_route=%2Fwp%2Fv2%2Ftags&post=42019"}],"curies":[{"name":"wp","href":"https:\/\/api.w.org\/{rel}","templated":true}]}}