{"id":42013,"date":"2024-05-08T17:39:02","date_gmt":"2024-05-08T20:39:02","guid":{"rendered":"https:\/\/radiorevelacionfm.cl\/?p=42013"},"modified":"2024-05-08T17:44:34","modified_gmt":"2024-05-08T20:44:34","slug":"con-exito-culmino-el-campeonato-de-tenis-aysen-open-mayo-2024","status":"publish","type":"post","link":"https:\/\/radiorevelacionfm.cl\/?p=42013","title":{"rendered":"Con \u00e9xito culmin\u00f3 el Campeonato de Tenis Ays\u00e9n Open Mayo 2024"},"content":{"rendered":"<div class=\"flex_column av_one_full  flex_column_div av-zero-column-padding first  avia-builder-el-0  el_before_av_one_full  avia-builder-el-first  \" style='border-radius:0px; '><div  class='avia-image-container  av-styling-    avia-builder-el-1  avia-builder-el-no-sibling  avia-align-center '  itemprop=\"image\" itemscope=\"itemscope\" itemtype=\"https:\/\/schema.org\/ImageObject\"  ><div class='avia-image-container-inner'><div class='avia-image-overlay-wrap'><img decoding=\"async\" class='wp-image-42014 avia-img-lazy-loading-not-42014 avia_image' src=\"https:\/\/radiorevelacionfm.cl\/wp-content\/uploads\/2024\/05\/pto-aysen-tenis1-1_optimized.jpeg\" alt='' title='pto-aysen-tenis1-(1)_optimized' height=\"600\" width=\"800\"  itemprop=\"thumbnailUrl\" srcset=\"https:\/\/radiorevelacionfm.cl\/wp-content\/uploads\/2024\/05\/pto-aysen-tenis1-1_optimized.jpeg 800w, https:\/\/radiorevelacionfm.cl\/wp-content\/uploads\/2024\/05\/pto-aysen-tenis1-1_optimized-300x225.jpeg 300w, https:\/\/radiorevelacionfm.cl\/wp-content\/uploads\/2024\/05\/pto-aysen-tenis1-1_optimized-768x576.jpeg 768w, https:\/\/radiorevelacionfm.cl\/wp-content\/uploads\/2024\/05\/pto-aysen-tenis1-1_optimized-705x529.jpeg 705w, https:\/\/radiorevelacionfm.cl\/wp-content\/uploads\/2024\/05\/pto-aysen-tenis1-1_optimized-450x338.jpeg 450w, https:\/\/radiorevelacionfm.cl\/wp-content\/uploads\/2024\/05\/pto-aysen-tenis1-1_optimized-600x450.jpeg 600w\" sizes=\"(max-width: 800px) 100vw, 800px\" \/><\/div><\/div><\/div><\/div>\n<div class=\"flex_column av_one_full  flex_column_div av-zero-column-padding first  avia-builder-el-2  el_after_av_one_full  el_before_av_one_full  column-top-margin\" style='border-radius:0px; '><section class=\"av_textblock_section \"  itemscope=\"itemscope\" itemtype=\"https:\/\/schema.org\/BlogPosting\" itemprop=\"blogPost\" ><div class='avia_textblock  '   itemprop=\"text\" ><p style=\"text-align: center;\"><strong><span style=\"font-size: 18pt;\">Con \u00e9xito culmin\u00f3 el Campeonato de Tenis Ays\u00e9n Open Mayo 2024<\/span><\/strong><\/p>\n<div id=\"gtx-trans\" style=\"position: absolute; left: -50px; top: 4.31534px;\">\n<div class=\"gtx-trans-icon\"><\/div>\n<\/div>\n<\/div><\/section><\/div>\n<div class=\"flex_column av_one_full  flex_column_div av-zero-column-padding first  avia-builder-el-4  el_after_av_one_full  el_before_av_hr  column-top-margin\" style='border-radius:0px; '><section class=\"av_textblock_section \"  itemscope=\"itemscope\" itemtype=\"https:\/\/schema.org\/BlogPosting\" itemprop=\"blogPost\" ><div class='avia_textblock  '   itemprop=\"text\" ><p style=\"text-align: justify;\">Destacada participaci\u00f3n tuvo el Campeonato de Tenis \u201cAys\u00e9n Open Mayo 2024\u201d, actividad organizada por el Club de Tenis Puerto Ays\u00e9n con la colaboraci\u00f3n de la empresa privada Ays\u00e9n Rov SPA la cual entrego la hidrataci\u00f3n necesaria para cada jugador presente en el torneo y la Corporaci\u00f3n de Deporte y Recreaci\u00f3n de la Municipalidad de Ays\u00e9n facilit\u00f3 el espacio de la cancha central del Polideportivo 21 de Abril.<\/p>\n<p style=\"text-align: justify;\">La jornada deportiva se concret\u00f3 con un cuadro principal de 16 jugadores durante los d\u00edas 04 y 05 de mayo, con el desarrollo de estas actividades el Club de Tenis Puerto Ays\u00e9n busca potenciar la pr\u00e1ctica y la visualizaci\u00f3n de este de este deporte que cada d\u00eda suma m\u00e1s adeptos en la comuna.<\/p>\n<p style=\"text-align: justify;\">En esta oportunidad el primer lugar se lo adjudico Francisco Ibera, quien derrot\u00f3 en la final al jugador local Jos\u00e9 Molina el cual se qued\u00f3 con el 2\u00b0 lugar de la competencia, por la definici\u00f3n del 3\u00b0 lugar se enfrentaros los jugadores Ignacio Valenzuela y Patricio Planeta siendo este \u00faltimo el ganador del encuentro qued\u00e1ndose con el tercer puesto de la competencia.<\/p>\n<p style=\"text-align: justify;\">La organizaci\u00f3n, se mostr\u00f3 contenta con la realizaci\u00f3n de este torneo el cual conto con la participaci\u00f3n 16 jugadores, tanto del club de tenis como jugadores no inscritos en el club, por lo tanto se cumple uno de nuestros primeros objetivos el cual es fomentar y visualizar el deporte en la comuna ya que las canchas existentes para practica del Tenis en Ays\u00e9n es casi nula, \u201clo que nos motiva a seguir realizando actividades tanto internas como abiertas a la comunidad. Agradecemos a la empresa Ays\u00e9n Rov, la cual facilito la hidrataci\u00f3n necesaria para cada jugador y al polideportivo por permitir hacer uso de la cancha central, para llevar a cabo esta actividad\u201d, se\u00f1alaron desde el club de tenis de Puerto Ays\u00e9n.<\/p>\n<\/div><\/section><\/div><div  style='height:50px' class='hr hr-invisible   avia-builder-el-6  el_after_av_one_full  el_before_av_social_share '><span class='hr-inner ' ><span class='hr-inner-style'><\/span><\/span><\/div><\/p>\n<div  class='av-social-sharing-box  avia-builder-el-7  el_after_av_hr  el_before_av_hr  '><div class='av-share-box'><h5 class='av-share-link-description av-no-toc '>Compartir esta noticia<\/h5><ul class='av-share-box-list noLightbox'><li class='av-share-link av-social-link-facebook' ><a target=\"_blank\" aria-label=\"Compartir en Facebook\" href='https:\/\/www.facebook.com\/sharer.php?u=https:\/\/radiorevelacionfm.cl\/?p=42013&#038;t=Con%20%C3%A9xito%20culmin%C3%B3%20el%20Campeonato%20de%20Tenis%20Ays%C3%A9n%20Open%20Mayo%202024' aria-hidden='false' data-av_icon='\ue8f3' data-av_iconfont='entypo-fontello' title='' data-avia-related-tooltip='Compartir en Facebook' rel=\"noopener\"><span class='avia_hidden_link_text'>Compartir en Facebook<\/span><\/a><\/li><li class='av-share-link av-social-link-twitter' ><a target=\"_blank\" aria-label=\"Compartir en Twitter\" href='https:\/\/twitter.com\/share?text=Con%20%C3%A9xito%20culmin%C3%B3%20el%20Campeonato%20de%20Tenis%20Ays%C3%A9n%20Open%20Mayo%202024&#038;url=https:\/\/radiorevelacionfm.cl\/?p=42013' aria-hidden='false' data-av_icon='\ue8f1' data-av_iconfont='entypo-fontello' title='' data-avia-related-tooltip='Compartir en Twitter' rel=\"noopener\"><span class='avia_hidden_link_text'>Compartir en Twitter<\/span><\/a><\/li><li class='av-share-link av-social-link-whatsapp' ><a target=\"_blank\" aria-label=\"Compartir en Whatsapp\" href='https:\/\/api.whatsapp.com\/send?text=https:\/\/radiorevelacionfm.cl\/?p=42013' aria-hidden='false' data-av_icon='\uf232' data-av_iconfont='entypo-fontello' title='' data-avia-related-tooltip='Compartir en Whatsapp' rel=\"noopener\"><span class='avia_hidden_link_text'>Compartir en Whatsapp<\/span><\/a><\/li><li class='av-share-link av-social-link-linkedin' ><a target=\"_blank\" aria-label=\"Compartir en LinkedIn\" href='https:\/\/linkedin.com\/shareArticle?mini=true&#038;title=Con%20%C3%A9xito%20culmin%C3%B3%20el%20Campeonato%20de%20Tenis%20Ays%C3%A9n%20Open%20Mayo%202024&#038;url=https:\/\/radiorevelacionfm.cl\/?p=42013' aria-hidden='false' data-av_icon='\ue8fc' data-av_iconfont='entypo-fontello' title='' data-avia-related-tooltip='Compartir en LinkedIn' rel=\"noopener\"><span class='avia_hidden_link_text'>Compartir en LinkedIn<\/span><\/a><\/li><li class='av-share-link av-social-link-mail' ><a  aria-label=\"Compartir por correo\" href='mailto:?subject=Con%20%C3%A9xito%20culmin%C3%B3%20el%20Campeonato%20de%20Tenis%20Ays%C3%A9n%20Open%20Mayo%202024&#038;body=https:\/\/radiorevelacionfm.cl\/?p=42013' aria-hidden='false' data-av_icon='\ue805' data-av_iconfont='entypo-fontello' title='' data-avia-related-tooltip='Compartir por correo'><span class='avia_hidden_link_text'>Compartir por correo<\/span><\/a><\/li><\/ul><\/div><\/div>\n<div  style='height:50px' class='hr hr-invisible   avia-builder-el-8  el_after_av_social_share  el_before_av_comments_list '><span class='hr-inner ' ><span class='hr-inner-style'><\/span><\/span><\/div>\n<div  class='av-buildercomment  av-blog-meta-html-info-disabled av-blog-meta-tag-disabled  '><\/div>\n","protected":false},"excerpt":{"rendered":"","protected":false},"author":1,"featured_media":42014,"comment_status":"open","ping_status":"open","sticky":false,"template":"","format":"standard","meta":{"footnotes":""},"categories":[40],"tags":[],"class_list":["post-42013","post","type-post","status-publish","format-standard","has-post-thumbnail","hentry","category-deportes"],"jetpack_featured_media_url":"https:\/\/radiorevelacionfm.cl\/wp-content\/uploads\/2024\/05\/pto-aysen-tenis1-1_optimized.jpeg","_links":{"self":[{"href":"https:\/\/radiorevelacionfm.cl\/index.php?rest_route=\/wp\/v2\/posts\/42013","targetHints":{"allow":["GET"]}}],"collection":[{"href":"https:\/\/radiorevelacionfm.cl\/index.php?rest_route=\/wp\/v2\/posts"}],"about":[{"href":"https:\/\/radiorevelacionfm.cl\/index.php?rest_route=\/wp\/v2\/types\/post"}],"author":[{"embeddable":true,"href":"https:\/\/radiorevelacionfm.cl\/index.php?rest_route=\/wp\/v2\/users\/1"}],"replies":[{"embeddable":true,"href":"https:\/\/radiorevelacionfm.cl\/index.php?rest_route=%2Fwp%2Fv2%2Fcomments&post=42013"}],"version-history":[{"count":2,"href":"https:\/\/radiorevelacionfm.cl\/index.php?rest_route=\/wp\/v2\/posts\/42013\/revisions"}],"predecessor-version":[{"id":42016,"href":"https:\/\/radiorevelacionfm.cl\/index.php?rest_route=\/wp\/v2\/posts\/42013\/revisions\/42016"}],"wp:featuredmedia":[{"embeddable":true,"href":"https:\/\/radiorevelacionfm.cl\/index.php?rest_route=\/wp\/v2\/media\/42014"}],"wp:attachment":[{"href":"https:\/\/radiorevelacionfm.cl\/index.php?rest_route=%2Fwp%2Fv2%2Fmedia&parent=42013"}],"wp:term":[{"taxonomy":"category","embeddable":true,"href":"https:\/\/radiorevelacionfm.cl\/index.php?rest_route=%2Fwp%2Fv2%2Fcategories&post=42013"},{"taxonomy":"post_tag","embeddable":true,"href":"https:\/\/radiorevelacionfm.cl\/index.php?rest_route=%2Fwp%2Fv2%2Ftags&post=42013"}],"curies":[{"name":"wp","href":"https:\/\/api.w.org\/{rel}","templated":true}]}}