{"id":42009,"date":"2024-05-08T15:51:45","date_gmt":"2024-05-08T18:51:45","guid":{"rendered":"https:\/\/radiorevelacionfm.cl\/?p=42009"},"modified":"2024-05-13T11:45:06","modified_gmt":"2024-05-13T14:45:06","slug":"marcelo-santana-apuesta-a-sintonizar-al-gobierno-regional-con-los-municipios-de-la-region-para-llevar-inversion-y-desarrollo-a-zonas-rurales-e-insulares","status":"publish","type":"post","link":"https:\/\/radiorevelacionfm.cl\/?p=42009","title":{"rendered":"Marcelo Santana apuesta a sintonizar al Gobierno Regional con los municipios de la regi\u00f3n para llevar inversi\u00f3n y desarrollo a zonas rurales e insulares"},"content":{"rendered":"<div class=\"flex_column av_one_full  flex_column_div av-zero-column-padding first  avia-builder-el-0  el_before_av_one_full  avia-builder-el-first  \" style='border-radius:0px; '><div  class='avia-image-container  av-styling-    avia-builder-el-1  avia-builder-el-no-sibling  avia-align-center '  itemprop=\"image\" itemscope=\"itemscope\" itemtype=\"https:\/\/schema.org\/ImageObject\"  ><div class='avia-image-container-inner'><div class='avia-image-overlay-wrap'><img decoding=\"async\" class='wp-image-42010 avia-img-lazy-loading-not-42010 avia_image' src=\"https:\/\/radiorevelacionfm.cl\/wp-content\/uploads\/2024\/05\/marcelo-santana-2-1-1.jpg\" alt='' title='marcelo santana (2) (1) (1)' height=\"600\" width=\"874\"  itemprop=\"thumbnailUrl\" srcset=\"https:\/\/radiorevelacionfm.cl\/wp-content\/uploads\/2024\/05\/marcelo-santana-2-1-1.jpg 874w, https:\/\/radiorevelacionfm.cl\/wp-content\/uploads\/2024\/05\/marcelo-santana-2-1-1-300x206.jpg 300w, https:\/\/radiorevelacionfm.cl\/wp-content\/uploads\/2024\/05\/marcelo-santana-2-1-1-768x527.jpg 768w, https:\/\/radiorevelacionfm.cl\/wp-content\/uploads\/2024\/05\/marcelo-santana-2-1-1-705x484.jpg 705w, https:\/\/radiorevelacionfm.cl\/wp-content\/uploads\/2024\/05\/marcelo-santana-2-1-1-450x309.jpg 450w, https:\/\/radiorevelacionfm.cl\/wp-content\/uploads\/2024\/05\/marcelo-santana-2-1-1-600x412.jpg 600w\" sizes=\"(max-width: 874px) 100vw, 874px\" \/><\/div><\/div><\/div><\/div><div class=\"flex_column av_one_full  flex_column_div av-zero-column-padding first  avia-builder-el-2  el_after_av_one_full  el_before_av_one_full  column-top-margin\" style='border-radius:0px; '><section class=\"av_textblock_section \"  itemscope=\"itemscope\" itemtype=\"https:\/\/schema.org\/BlogPosting\" itemprop=\"blogPost\" ><div class='avia_textblock  '   itemprop=\"text\" ><p style=\"font-weight: 400; text-align: center;\"><span style=\"font-size: 18pt;\"><strong>Marcelo Santana apuesta a sintonizar al Gobierno Regional con los municipios de la regi\u00f3n para llevar inversi\u00f3n y desarrollo a zonas rurales e insulares<\/strong><\/span><\/p>\n<p style=\"font-weight: 400;\"><strong>\u00a0<\/strong><\/p>\n<div id=\"gtx-trans\" style=\"position: absolute; left: -50px; top: 4.31534px;\">\n<div class=\"gtx-trans-icon\"><\/div>\n<\/div>\n<\/div><\/section><\/div><div class=\"flex_column av_one_full  flex_column_div av-zero-column-padding first  avia-builder-el-4  el_after_av_one_full  el_before_av_hr  column-top-margin\" style='border-radius:0px; '><section class=\"av_textblock_section \"  itemscope=\"itemscope\" itemtype=\"https:\/\/schema.org\/BlogPosting\" itemprop=\"blogPost\" ><div class='avia_textblock  '   itemprop=\"text\" ><p class=\"v1MsoNormal\" style=\"text-align: justify;\">La propuesta program\u00e1tica de unos de los principales candidatos a Gobernador Regional de ChileVamos, est\u00e1 centrada, en mejorar la calidad de los sectores y comunas m\u00e1s postergadas de la regi\u00f3n, espec\u00edficamente en lo que se refiere al litoral y a al sector rural alejados de los grandes centros urbanos. \u00abHay un abandono evidente, donde la carencia de servicios b\u00e1sicos, la falta de conectividad: digital y de transporte, sumado al creciente desempleo, tienen &#8216;en jaque&#8217; a quienes dan vida a localidades que son el origen e impulso de nuestra regi\u00f3n. Tenemos que asumir con sentido de urgencia y con eficiencia el desaf\u00edo que ser\u00e1 la herencia del per\u00edodo actual\u00bb, replic\u00f3 el ex alcalde de R\u00edo Ib\u00e1\u00f1ez.<\/p>\n<p class=\"v1MsoNormal\" style=\"text-align: justify;\">Marcelo Santana Vargas ha visto con una gran preocupaci\u00f3n el abandono de las zonas rurales y del litoral de la regi\u00f3n, en lo que los mismos habitantes le llaman &#8216;el olvido de las autoridades&#8217;. En ese contexto, el candidato a Gobernador Regional ha levantado este tema en el debate p\u00fablico regional y ha preparado en su Programa, una apuesta que busca &#8216;sintonizar al Gobierno Regional con los municipios&#8217; para suministrar los recursos adecuados en un plan eficiente de inversi\u00f3n y desarrollo para las zonas m\u00e1s aisladas.<\/p>\n<p class=\"v1MsoNormal\" style=\"text-align: justify;\">\u00abYa estamos agotados de Diagn\u00f3sticos que se financian una y otra vez, y que suman miles de millones en recursos y nunca se pase a la etapa de las propuestas y la ejecuci\u00f3n de \u00e9stas. Hoy hay que &#8216;que pisar el acelerador&#8217;. Sin embargo, con la responsabilidad de la experiencia y el compromiso que tienen los profesionales del Gobierno Regional de Ays\u00e9n y de los respectivos municipios, en donde hay talento t\u00e9cnico para llevar adelante aristas que tienen que mejorar la calidad de vida de las personas \u00bfC\u00f3mo puede ser posible? Que en pleno Siglo XXI sigamos con problemas de conectividad celular e Internet, que nos cueste trasladarnos desde y hacia la capital regional por temas m\u00e9dicos o de otra \u00edndole, que no haya electricidad las 24 horas o que pasen semanas sin suministro el\u00e9ctrico. Eso no da para m\u00e1s\u00bb, destac\u00f3 Marcelo Santana.<\/p>\n<p class=\"v1MsoNormal\" style=\"text-align: justify;\">Dentro de sus propuestas, el Ingeniero Ambiental, desarroll\u00f3 un plan que conjuga \u00a0la experiencia del Gobierno Regional y los profesionales y t\u00e9cnicos de los diez municipios de la regi\u00f3n, con el objetivo de asistir las demandas de las localidades rurales y del litoral, que \u00abse sienten abandonados y lo peor de todo, desilusionados de la administraci\u00f3n de la gobernadora regional y el Gabinete actual, donde no hay respuestas concretas, no hay compromisos, ni menos indicios de soluciones para problem\u00e1ticas b\u00e1sicas que s\u00f3lo necesitan gesti\u00f3n e inyecci\u00f3n de recursos. \u00abS\u00ed, esos mismos recursos que abundan y se terminan devolviendo a Santiago por parte del Gore, tras sus p\u00e9simas ejecuciones presupuestarias\u00bb, recalc\u00f3 Santana.<\/p>\n<p class=\"v1MsoNormal\" style=\"text-align: justify;\">\u00abLas personan necesitan buenas carreteras, telefon\u00eda celular, pavimento, veredas, espacios deportivos, recursos para iniciar o fortalecer sus negocios, etc\u00e9tera. No puede ser posible que las localidades pioneras en el desarrollo de la Regi\u00f3n de Ays\u00e9n hoy est\u00e9n abandonadas, que se sientan abandonadas y que est\u00e9n faltas de una operatividad decente de los servicios b\u00e1sicos en sus comunidades. Esto es insostenible\u00bb, puntualiz\u00f3.<\/p>\n<\/div><\/section><\/div><div  style='height:50px' class='hr hr-invisible   avia-builder-el-6  el_after_av_one_full  el_before_av_social_share '><span class='hr-inner ' ><span class='hr-inner-style'><\/span><\/span><\/div><\/p>\n<div  class='av-social-sharing-box  avia-builder-el-7  el_after_av_hr  el_before_av_hr  '><div class='av-share-box'><h5 class='av-share-link-description av-no-toc '>Compartir esta noticia<\/h5><ul class='av-share-box-list noLightbox'><li class='av-share-link av-social-link-facebook' ><a target=\"_blank\" aria-label=\"Compartir en Facebook\" href='https:\/\/www.facebook.com\/sharer.php?u=https:\/\/radiorevelacionfm.cl\/?p=42009&#038;t=Marcelo%20Santana%20apuesta%20a%20sintonizar%20al%20Gobierno%20Regional%20con%20los%20municipios%20de%20la%20regi%C3%B3n%20para%20llevar%20inversi%C3%B3n%20y%20desarrollo%20a%20zonas%20rurales%20e%20insulares' aria-hidden='false' data-av_icon='\ue8f3' data-av_iconfont='entypo-fontello' title='' data-avia-related-tooltip='Compartir en Facebook' rel=\"noopener\"><span class='avia_hidden_link_text'>Compartir en Facebook<\/span><\/a><\/li><li class='av-share-link av-social-link-twitter' ><a target=\"_blank\" aria-label=\"Compartir en Twitter\" href='https:\/\/twitter.com\/share?text=Marcelo%20Santana%20apuesta%20a%20sintonizar%20al%20Gobierno%20Regional%20con%20los%20municipios%20de%20la%20regi%C3%B3n%20para%20llevar%20inversi%C3%B3n%20y%20desarrollo%20a%20zonas%20rurales%20e%20insulares&#038;url=https:\/\/radiorevelacionfm.cl\/?p=42009' aria-hidden='false' data-av_icon='\ue8f1' data-av_iconfont='entypo-fontello' title='' data-avia-related-tooltip='Compartir en Twitter' rel=\"noopener\"><span class='avia_hidden_link_text'>Compartir en Twitter<\/span><\/a><\/li><li class='av-share-link av-social-link-whatsapp' ><a target=\"_blank\" aria-label=\"Compartir en Whatsapp\" href='https:\/\/api.whatsapp.com\/send?text=https:\/\/radiorevelacionfm.cl\/?p=42009' aria-hidden='false' data-av_icon='\uf232' data-av_iconfont='entypo-fontello' title='' data-avia-related-tooltip='Compartir en Whatsapp' rel=\"noopener\"><span class='avia_hidden_link_text'>Compartir en Whatsapp<\/span><\/a><\/li><li class='av-share-link av-social-link-linkedin' ><a target=\"_blank\" aria-label=\"Compartir en LinkedIn\" href='https:\/\/linkedin.com\/shareArticle?mini=true&#038;title=Marcelo%20Santana%20apuesta%20a%20sintonizar%20al%20Gobierno%20Regional%20con%20los%20municipios%20de%20la%20regi%C3%B3n%20para%20llevar%20inversi%C3%B3n%20y%20desarrollo%20a%20zonas%20rurales%20e%20insulares&#038;url=https:\/\/radiorevelacionfm.cl\/?p=42009' aria-hidden='false' data-av_icon='\ue8fc' data-av_iconfont='entypo-fontello' title='' data-avia-related-tooltip='Compartir en LinkedIn' rel=\"noopener\"><span class='avia_hidden_link_text'>Compartir en LinkedIn<\/span><\/a><\/li><li class='av-share-link av-social-link-mail' ><a  aria-label=\"Compartir por correo\" href='mailto:?subject=Marcelo%20Santana%20apuesta%20a%20sintonizar%20al%20Gobierno%20Regional%20con%20los%20municipios%20de%20la%20regi%C3%B3n%20para%20llevar%20inversi%C3%B3n%20y%20desarrollo%20a%20zonas%20rurales%20e%20insulares&#038;body=https:\/\/radiorevelacionfm.cl\/?p=42009' aria-hidden='false' data-av_icon='\ue805' data-av_iconfont='entypo-fontello' title='' data-avia-related-tooltip='Compartir por correo'><span class='avia_hidden_link_text'>Compartir por correo<\/span><\/a><\/li><\/ul><\/div><\/div>\n<div  style='height:50px' class='hr hr-invisible   avia-builder-el-8  el_after_av_social_share  el_before_av_comments_list '><span class='hr-inner ' ><span class='hr-inner-style'><\/span><\/span><\/div>\n<div  class='av-buildercomment  av-blog-meta-html-info-disabled av-blog-meta-tag-disabled  '><\/div>\n","protected":false},"excerpt":{"rendered":"","protected":false},"author":1,"featured_media":42010,"comment_status":"open","ping_status":"open","sticky":false,"template":"","format":"standard","meta":{"footnotes":""},"categories":[35],"tags":[],"class_list":["post-42009","post","type-post","status-publish","format-standard","has-post-thumbnail","hentry","category-politica"],"jetpack_featured_media_url":"https:\/\/radiorevelacionfm.cl\/wp-content\/uploads\/2024\/05\/marcelo-santana-2-1-1.jpg","_links":{"self":[{"href":"https:\/\/radiorevelacionfm.cl\/index.php?rest_route=\/wp\/v2\/posts\/42009","targetHints":{"allow":["GET"]}}],"collection":[{"href":"https:\/\/radiorevelacionfm.cl\/index.php?rest_route=\/wp\/v2\/posts"}],"about":[{"href":"https:\/\/radiorevelacionfm.cl\/index.php?rest_route=\/wp\/v2\/types\/post"}],"author":[{"embeddable":true,"href":"https:\/\/radiorevelacionfm.cl\/index.php?rest_route=\/wp\/v2\/users\/1"}],"replies":[{"embeddable":true,"href":"https:\/\/radiorevelacionfm.cl\/index.php?rest_route=%2Fwp%2Fv2%2Fcomments&post=42009"}],"version-history":[{"count":1,"href":"https:\/\/radiorevelacionfm.cl\/index.php?rest_route=\/wp\/v2\/posts\/42009\/revisions"}],"predecessor-version":[{"id":42011,"href":"https:\/\/radiorevelacionfm.cl\/index.php?rest_route=\/wp\/v2\/posts\/42009\/revisions\/42011"}],"wp:featuredmedia":[{"embeddable":true,"href":"https:\/\/radiorevelacionfm.cl\/index.php?rest_route=\/wp\/v2\/media\/42010"}],"wp:attachment":[{"href":"https:\/\/radiorevelacionfm.cl\/index.php?rest_route=%2Fwp%2Fv2%2Fmedia&parent=42009"}],"wp:term":[{"taxonomy":"category","embeddable":true,"href":"https:\/\/radiorevelacionfm.cl\/index.php?rest_route=%2Fwp%2Fv2%2Fcategories&post=42009"},{"taxonomy":"post_tag","embeddable":true,"href":"https:\/\/radiorevelacionfm.cl\/index.php?rest_route=%2Fwp%2Fv2%2Ftags&post=42009"}],"curies":[{"name":"wp","href":"https:\/\/api.w.org\/{rel}","templated":true}]}}