{"id":42006,"date":"2024-05-08T17:05:12","date_gmt":"2024-05-08T20:05:12","guid":{"rendered":"https:\/\/radiorevelacionfm.cl\/?p=42006"},"modified":"2024-05-08T17:05:12","modified_gmt":"2024-05-08T20:05:12","slug":"publican-nomina-preliminar-de-embarcaciones-artesanales-proximas-a-caducar-y-llaman-a-regularizar-situacion","status":"publish","type":"post","link":"https:\/\/radiorevelacionfm.cl\/?p=42006","title":{"rendered":"Publican n\u00f3mina preliminar de embarcaciones artesanales pr\u00f3ximas a caducar y llaman a regularizar situaci\u00f3n"},"content":{"rendered":"<div class=\"flex_column av_one_full  flex_column_div av-zero-column-padding first  avia-builder-el-0  el_before_av_one_full  avia-builder-el-first  \" style='border-radius:0px; '><div  class='avia-image-container  av-styling-    avia-builder-el-1  avia-builder-el-no-sibling  avia-align-center '  itemprop=\"image\" itemscope=\"itemscope\" itemtype=\"https:\/\/schema.org\/ImageObject\"  ><div class='avia-image-container-inner'><div class='avia-image-overlay-wrap'><img decoding=\"async\" class='wp-image-42007 avia-img-lazy-loading-not-42007 avia_image' src=\"https:\/\/radiorevelacionfm.cl\/wp-content\/uploads\/2024\/05\/img-20170417-wa0016-1_optimized-1.jpg\" alt='' title='img-20170417-wa0016-(1)_optimized (1)' height=\"600\" width=\"1067\"  itemprop=\"thumbnailUrl\" srcset=\"https:\/\/radiorevelacionfm.cl\/wp-content\/uploads\/2024\/05\/img-20170417-wa0016-1_optimized-1.jpg 1067w, https:\/\/radiorevelacionfm.cl\/wp-content\/uploads\/2024\/05\/img-20170417-wa0016-1_optimized-1-300x169.jpg 300w, https:\/\/radiorevelacionfm.cl\/wp-content\/uploads\/2024\/05\/img-20170417-wa0016-1_optimized-1-1030x579.jpg 1030w, https:\/\/radiorevelacionfm.cl\/wp-content\/uploads\/2024\/05\/img-20170417-wa0016-1_optimized-1-768x432.jpg 768w, https:\/\/radiorevelacionfm.cl\/wp-content\/uploads\/2024\/05\/img-20170417-wa0016-1_optimized-1-705x396.jpg 705w, https:\/\/radiorevelacionfm.cl\/wp-content\/uploads\/2024\/05\/img-20170417-wa0016-1_optimized-1-450x253.jpg 450w, https:\/\/radiorevelacionfm.cl\/wp-content\/uploads\/2024\/05\/img-20170417-wa0016-1_optimized-1-600x337.jpg 600w\" sizes=\"(max-width: 1067px) 100vw, 1067px\" \/><\/div><\/div><\/div><\/div><div class=\"flex_column av_one_full  flex_column_div av-zero-column-padding first  avia-builder-el-2  el_after_av_one_full  el_before_av_one_full  column-top-margin\" style='border-radius:0px; '><section class=\"av_textblock_section \"  itemscope=\"itemscope\" itemtype=\"https:\/\/schema.org\/BlogPosting\" itemprop=\"blogPost\" ><div class='avia_textblock  '   itemprop=\"text\" ><p style=\"text-align: center;\"><strong><span style=\"font-size: 18pt;\">Publican n\u00f3mina preliminar de embarcaciones artesanales pr\u00f3ximas a caducar y llaman a regularizar situaci\u00f3n<\/span><\/strong><\/p>\n<div id=\"gtx-trans\" style=\"position: absolute; left: -50px; top: 4.31534px;\">\n<div class=\"gtx-trans-icon\"><\/div>\n<\/div>\n<\/div><\/section><\/div><div class=\"flex_column av_one_full  flex_column_div av-zero-column-padding first  avia-builder-el-4  el_after_av_one_full  el_before_av_hr  column-top-margin\" style='border-radius:0px; '><section class=\"av_textblock_section \"  itemscope=\"itemscope\" itemtype=\"https:\/\/schema.org\/BlogPosting\" itemprop=\"blogPost\" ><div class='avia_textblock  '   itemprop=\"text\" ><p style=\"text-align: justify;\">La Ley de Pesca y Acuicultura contempla un proceso anual de caducidad de inscripciones en el Registro Pesquero Artesanal, el que actualmente est\u00e1 suspendido para las distintas causales de forma excepcional hasta el 31 de diciembre de 2024 por la ley 21.588, a excepci\u00f3n de la declaraci\u00f3n de caducidad por no pago de la patente pesquera correspondiente, cuya suspensi\u00f3n rigi\u00f3 hasta el 31 de diciembre de 2023.<\/p>\n<p style=\"text-align: justify;\">Es por esto que el Servicio Nacional de Pesca y Acuicultura dio inicio al proceso de caducidades solamente para las inscripciones en el RPA que no hayan regularizado el pago de la patente pesquera, para lo cual ya public\u00f3 una n\u00f3mina preliminar de aquellas embarcaciones que podr\u00edan ser caducadas este pr\u00f3ximo 30 de junio.<\/p>\n<p style=\"text-align: justify;\">Es por esta raz\u00f3n que desde el Sernapesca se hace un llamado a los pescadores y pescadoras artesanales para revisar la lista provisional de inscripciones que caducar\u00e1n en junio, la que est\u00e1\u00a0<a href=\"https:\/\/www.sernapesca.cl\/normativas\/res-ex-n-660-22-03-2024-dispone-publicacion-nomina-de-inscripciones-de-embarcaciones-artesanales-proximas-a-caducar-de-conformidad-a-las-causales-establecidas-en-literales-bd-parte-final\/\">disponible en este link<\/a>. Este listado que tambi\u00e9n estar\u00e1 disponible en todas las oficinas de Sernapesca a lo largo del pa\u00eds, para que las y los inscritos puedan revisar su situaci\u00f3n y, en el caso de que vean su embarcaci\u00f3n en la lista, puedan regularizarla.<\/p>\n<p style=\"text-align: justify;\">En tal sentido, desde la entidad a\u00f1adieron que \u201clos inscritos e inscritas que se encuentren en esta situaci\u00f3n, tienen plazo hasta el 31 de mayo para presentar los documentos o antecedentes que certifiquen que cumplen con los requisitos para mantenerse en el Registro Pesquero Artesanal y no se ha configurado la causal de caducidad vinculada al pago de la patente pesquera\u201d.<\/p>\n<p style=\"text-align: justify;\">Para ellos, los interesados e interesadas deben presentar el formulario que\u00a0<a href=\"https:\/\/www.sernapesca.cl\/normativas\/res-ex-n-660-22-03-2024-dispone-publicacion-nomina-de-inscripciones-de-embarcaciones-artesanales-proximas-a-caducar-de-conformidad-a-las-causales-establecidas-en-literales-bd-parte-final\/\">est\u00e1 en este link<\/a>, donde deber\u00e1n incluir todos sus descargos y la documentaci\u00f3n que lo acredite, en cualquiera de las oficinas de Sernapesca a lo largo del pa\u00eds.<\/p>\n<\/div><\/section><\/div><div  style='height:50px' class='hr hr-invisible   avia-builder-el-6  el_after_av_one_full  el_before_av_social_share '><span class='hr-inner ' ><span class='hr-inner-style'><\/span><\/span><\/div><\/p>\n<div  class='av-social-sharing-box  avia-builder-el-7  el_after_av_hr  el_before_av_hr  '><div class='av-share-box'><h5 class='av-share-link-description av-no-toc '>Compartir esta noticia<\/h5><ul class='av-share-box-list noLightbox'><li class='av-share-link av-social-link-facebook' ><a target=\"_blank\" aria-label=\"Compartir en Facebook\" href='https:\/\/www.facebook.com\/sharer.php?u=https:\/\/radiorevelacionfm.cl\/?p=42006&#038;t=Publican%20n%C3%B3mina%20preliminar%20de%20embarcaciones%20artesanales%20pr%C3%B3ximas%20a%20caducar%20y%20llaman%20a%20regularizar%20situaci%C3%B3n' aria-hidden='false' data-av_icon='\ue8f3' data-av_iconfont='entypo-fontello' title='' data-avia-related-tooltip='Compartir en Facebook' rel=\"noopener\"><span class='avia_hidden_link_text'>Compartir en Facebook<\/span><\/a><\/li><li class='av-share-link av-social-link-twitter' ><a target=\"_blank\" aria-label=\"Compartir en Twitter\" href='https:\/\/twitter.com\/share?text=Publican%20n%C3%B3mina%20preliminar%20de%20embarcaciones%20artesanales%20pr%C3%B3ximas%20a%20caducar%20y%20llaman%20a%20regularizar%20situaci%C3%B3n&#038;url=https:\/\/radiorevelacionfm.cl\/?p=42006' aria-hidden='false' data-av_icon='\ue8f1' data-av_iconfont='entypo-fontello' title='' data-avia-related-tooltip='Compartir en Twitter' rel=\"noopener\"><span class='avia_hidden_link_text'>Compartir en Twitter<\/span><\/a><\/li><li class='av-share-link av-social-link-whatsapp' ><a target=\"_blank\" aria-label=\"Compartir en Whatsapp\" href='https:\/\/api.whatsapp.com\/send?text=https:\/\/radiorevelacionfm.cl\/?p=42006' aria-hidden='false' data-av_icon='\uf232' data-av_iconfont='entypo-fontello' title='' data-avia-related-tooltip='Compartir en Whatsapp' rel=\"noopener\"><span class='avia_hidden_link_text'>Compartir en Whatsapp<\/span><\/a><\/li><li class='av-share-link av-social-link-linkedin' ><a target=\"_blank\" aria-label=\"Compartir en LinkedIn\" href='https:\/\/linkedin.com\/shareArticle?mini=true&#038;title=Publican%20n%C3%B3mina%20preliminar%20de%20embarcaciones%20artesanales%20pr%C3%B3ximas%20a%20caducar%20y%20llaman%20a%20regularizar%20situaci%C3%B3n&#038;url=https:\/\/radiorevelacionfm.cl\/?p=42006' aria-hidden='false' data-av_icon='\ue8fc' data-av_iconfont='entypo-fontello' title='' data-avia-related-tooltip='Compartir en LinkedIn' rel=\"noopener\"><span class='avia_hidden_link_text'>Compartir en LinkedIn<\/span><\/a><\/li><li class='av-share-link av-social-link-mail' ><a  aria-label=\"Compartir por correo\" href='mailto:?subject=Publican%20n%C3%B3mina%20preliminar%20de%20embarcaciones%20artesanales%20pr%C3%B3ximas%20a%20caducar%20y%20llaman%20a%20regularizar%20situaci%C3%B3n&#038;body=https:\/\/radiorevelacionfm.cl\/?p=42006' aria-hidden='false' data-av_icon='\ue805' data-av_iconfont='entypo-fontello' title='' data-avia-related-tooltip='Compartir por correo'><span class='avia_hidden_link_text'>Compartir por correo<\/span><\/a><\/li><\/ul><\/div><\/div>\n<div  style='height:50px' class='hr hr-invisible   avia-builder-el-8  el_after_av_social_share  el_before_av_comments_list '><span class='hr-inner ' ><span class='hr-inner-style'><\/span><\/span><\/div>\n<div  class='av-buildercomment  av-blog-meta-html-info-disabled av-blog-meta-tag-disabled  '><\/div>\n","protected":false},"excerpt":{"rendered":"","protected":false},"author":1,"featured_media":42007,"comment_status":"open","ping_status":"open","sticky":false,"template":"","format":"standard","meta":{"footnotes":""},"categories":[60],"tags":[],"class_list":["post-42006","post","type-post","status-publish","format-standard","has-post-thumbnail","hentry","category-pesca"],"jetpack_featured_media_url":"https:\/\/radiorevelacionfm.cl\/wp-content\/uploads\/2024\/05\/img-20170417-wa0016-1_optimized-1.jpg","_links":{"self":[{"href":"https:\/\/radiorevelacionfm.cl\/index.php?rest_route=\/wp\/v2\/posts\/42006","targetHints":{"allow":["GET"]}}],"collection":[{"href":"https:\/\/radiorevelacionfm.cl\/index.php?rest_route=\/wp\/v2\/posts"}],"about":[{"href":"https:\/\/radiorevelacionfm.cl\/index.php?rest_route=\/wp\/v2\/types\/post"}],"author":[{"embeddable":true,"href":"https:\/\/radiorevelacionfm.cl\/index.php?rest_route=\/wp\/v2\/users\/1"}],"replies":[{"embeddable":true,"href":"https:\/\/radiorevelacionfm.cl\/index.php?rest_route=%2Fwp%2Fv2%2Fcomments&post=42006"}],"version-history":[{"count":1,"href":"https:\/\/radiorevelacionfm.cl\/index.php?rest_route=\/wp\/v2\/posts\/42006\/revisions"}],"predecessor-version":[{"id":42008,"href":"https:\/\/radiorevelacionfm.cl\/index.php?rest_route=\/wp\/v2\/posts\/42006\/revisions\/42008"}],"wp:featuredmedia":[{"embeddable":true,"href":"https:\/\/radiorevelacionfm.cl\/index.php?rest_route=\/wp\/v2\/media\/42007"}],"wp:attachment":[{"href":"https:\/\/radiorevelacionfm.cl\/index.php?rest_route=%2Fwp%2Fv2%2Fmedia&parent=42006"}],"wp:term":[{"taxonomy":"category","embeddable":true,"href":"https:\/\/radiorevelacionfm.cl\/index.php?rest_route=%2Fwp%2Fv2%2Fcategories&post=42006"},{"taxonomy":"post_tag","embeddable":true,"href":"https:\/\/radiorevelacionfm.cl\/index.php?rest_route=%2Fwp%2Fv2%2Ftags&post=42006"}],"curies":[{"name":"wp","href":"https:\/\/api.w.org\/{rel}","templated":true}]}}