{"id":42003,"date":"2024-05-08T15:26:19","date_gmt":"2024-05-08T18:26:19","guid":{"rendered":"https:\/\/radiorevelacionfm.cl\/?p=42003"},"modified":"2024-05-08T15:26:19","modified_gmt":"2024-05-08T18:26:19","slug":"invitan-a-expo-dia-de-la-madre-habra-talleres-actividades-recreativas-y-musica-en-vivo","status":"publish","type":"post","link":"https:\/\/radiorevelacionfm.cl\/?p=42003","title":{"rendered":"Invitan a \u201cExpo D\u00eda de la Madre\u201d habr\u00e1 talleres, actividades recreativas y m\u00fasica en vivo"},"content":{"rendered":"<div class=\"flex_column av_one_full  flex_column_div av-zero-column-padding first  avia-builder-el-0  el_before_av_one_full  avia-builder-el-first  \" style='border-radius:0px; '><div  class='avia-image-container  av-styling-    avia-builder-el-1  avia-builder-el-no-sibling  avia-align-center '  itemprop=\"image\" itemscope=\"itemscope\" itemtype=\"https:\/\/schema.org\/ImageObject\"  ><div class='avia-image-container-inner'><div class='avia-image-overlay-wrap'><img decoding=\"async\" class='wp-image-42004 avia-img-lazy-loading-not-42004 avia_image' src=\"https:\/\/radiorevelacionfm.cl\/wp-content\/uploads\/2024\/05\/afiche-dia-de-la-madre-1-1_optimized.jpg\" alt='' title='afiche-dia-de-la-madre-(1)-(1)_optimized' height=\"800\" width=\"800\"  itemprop=\"thumbnailUrl\" srcset=\"https:\/\/radiorevelacionfm.cl\/wp-content\/uploads\/2024\/05\/afiche-dia-de-la-madre-1-1_optimized.jpg 800w, https:\/\/radiorevelacionfm.cl\/wp-content\/uploads\/2024\/05\/afiche-dia-de-la-madre-1-1_optimized-300x300.jpg 300w, https:\/\/radiorevelacionfm.cl\/wp-content\/uploads\/2024\/05\/afiche-dia-de-la-madre-1-1_optimized-80x80.jpg 80w, https:\/\/radiorevelacionfm.cl\/wp-content\/uploads\/2024\/05\/afiche-dia-de-la-madre-1-1_optimized-768x768.jpg 768w, https:\/\/radiorevelacionfm.cl\/wp-content\/uploads\/2024\/05\/afiche-dia-de-la-madre-1-1_optimized-36x36.jpg 36w, https:\/\/radiorevelacionfm.cl\/wp-content\/uploads\/2024\/05\/afiche-dia-de-la-madre-1-1_optimized-180x180.jpg 180w, https:\/\/radiorevelacionfm.cl\/wp-content\/uploads\/2024\/05\/afiche-dia-de-la-madre-1-1_optimized-705x705.jpg 705w, https:\/\/radiorevelacionfm.cl\/wp-content\/uploads\/2024\/05\/afiche-dia-de-la-madre-1-1_optimized-120x120.jpg 120w, https:\/\/radiorevelacionfm.cl\/wp-content\/uploads\/2024\/05\/afiche-dia-de-la-madre-1-1_optimized-450x450.jpg 450w, https:\/\/radiorevelacionfm.cl\/wp-content\/uploads\/2024\/05\/afiche-dia-de-la-madre-1-1_optimized-600x600.jpg 600w, https:\/\/radiorevelacionfm.cl\/wp-content\/uploads\/2024\/05\/afiche-dia-de-la-madre-1-1_optimized-100x100.jpg 100w\" sizes=\"(max-width: 800px) 100vw, 800px\" \/><\/div><\/div><\/div><\/div><div class=\"flex_column av_one_full  flex_column_div av-zero-column-padding first  avia-builder-el-2  el_after_av_one_full  el_before_av_one_full  column-top-margin\" style='border-radius:0px; '><section class=\"av_textblock_section \"  itemscope=\"itemscope\" itemtype=\"https:\/\/schema.org\/BlogPosting\" itemprop=\"blogPost\" ><div class='avia_textblock  '   itemprop=\"text\" ><p style=\"text-align: center;\"><strong><span style=\"font-size: 18pt;\">Invitan a \u201cExpo D\u00eda de la Madre\u201d habr\u00e1 talleres, actividades recreativas y m\u00fasica en vivo<\/span><\/strong><\/p>\n<div id=\"gtx-trans\" style=\"position: absolute; left: -50px; top: 4.31534px;\">\n<div class=\"gtx-trans-icon\"><\/div>\n<\/div>\n<\/div><\/section><\/div><div class=\"flex_column av_one_full  flex_column_div av-zero-column-padding first  avia-builder-el-4  el_after_av_one_full  el_before_av_hr  column-top-margin\" style='border-radius:0px; '><section class=\"av_textblock_section \"  itemscope=\"itemscope\" itemtype=\"https:\/\/schema.org\/BlogPosting\" itemprop=\"blogPost\" ><div class='avia_textblock  '   itemprop=\"text\" ><p style=\"text-align: justify;\"><em>La iniciativa cuenta con el financiamiento del Gobierno Regional, donde estar\u00e1n \u201cLos Talismanes del Ritmo y del Amor\u201d y el grupo \u201cIncognitos del Sabor\u201d. Habr\u00e1 tambi\u00e9n zumba y varias sorpresas.<\/em><\/p>\n<p style=\"text-align: justify;\">Para este s\u00e1bado 11 de mayo, a partir de las 11 de la ma\u00f1ana, en el Polideportivo \u201c21 de abril\u201d, la Ilustre Municipalidad de Ays\u00e9n, a trav\u00e9s del Programa de Desarrollo Econ\u00f3mico Local ha programa la \u201cExpo D\u00eda de la Madre\u201d, actividad que cuenta con el financiamiento del Gobierno Regional.<\/p>\n<p style=\"text-align: justify;\">En la instancia se realizar\u00e1n clases de zumba, talleres y actividades pensadas en ellas. Tal como lo dio a conocer, Francesca Stuardo, del equipo organizador.<\/p>\n<p style=\"text-align: justify;\">\u201cA trav\u00e9s del Programa Desarrollo Econ\u00f3mico Local, queremos invitarlos a participar para este s\u00e1bado 11 de mayo, de una actividad denominada \u201cExpo D\u00eda de la Madre\u201d, a realizarse en el polideportivo 21 de abril, de las 11 de la ma\u00f1ana hasta las 23 horas. Empezaremos con una clase de zumba para toda la comunidad, tambi\u00e9n podr\u00e1n encontrar diversos talleres como, aromaterapia, escalada, pintura en acuarela, manila, defensa personal, mec\u00e1nica b\u00e1sica, un taller de jabones, concursos, karaokes y premios sorpresas\u201d.<\/p>\n<p style=\"text-align: justify;\">A las 18 horas del d\u00eda s\u00e1bado comenzar\u00e1 un bingo, el cual se est\u00e1 entregando de manera gratuita, en distintos recintos municipales, agreg\u00f3 Francesca Stuardo. \u201cUn bingo que est\u00e1 siendo entregado de manera gratuita en distintos puntos como, recepci\u00f3n de Dideco, en la Biblioteca Municipal y en la galer\u00eda de artesanos de Ribera Sur segundo piso, para que retiren sus cartones y ese d\u00eda puedan jugar y participar. As\u00ed es que, los dejamos a todos invitados a esta actividad, en el marco del programa FNDR, transferencia fomento productivo de la comuna de Ays\u00e9n y para mayor informaci\u00f3n pueden visitar las redes sociales de la Municipalidad\u201d.<\/p>\n<p style=\"text-align: justify;\">Para el cierre de la actividad habr\u00e1 un espect\u00e1culo musical, con la presencia del conocido conjunto nacional de cumbias rancheras \u201cLos Talismanes del Ritmo y del Amor\u201d y el grupo regional \u201cIncognitos del Sabor\u201d.<\/p>\n<\/div><\/section><\/div><div  style='height:50px' class='hr hr-invisible   avia-builder-el-6  el_after_av_one_full  el_before_av_social_share '><span class='hr-inner ' ><span class='hr-inner-style'><\/span><\/span><\/div><\/p>\n<div  class='av-social-sharing-box  avia-builder-el-7  el_after_av_hr  el_before_av_hr  '><div class='av-share-box'><h5 class='av-share-link-description av-no-toc '>Compartir esta noticia<\/h5><ul class='av-share-box-list noLightbox'><li class='av-share-link av-social-link-facebook' ><a target=\"_blank\" aria-label=\"Compartir en Facebook\" href='https:\/\/www.facebook.com\/sharer.php?u=https:\/\/radiorevelacionfm.cl\/?p=42003&#038;t=Invitan%20a%20%E2%80%9CExpo%20D%C3%ADa%20de%20la%20Madre%E2%80%9D%20habr%C3%A1%20talleres%2C%20actividades%20recreativas%20y%20m%C3%BAsica%20en%20vivo' aria-hidden='false' data-av_icon='\ue8f3' data-av_iconfont='entypo-fontello' title='' data-avia-related-tooltip='Compartir en Facebook' rel=\"noopener\"><span class='avia_hidden_link_text'>Compartir en Facebook<\/span><\/a><\/li><li class='av-share-link av-social-link-twitter' ><a target=\"_blank\" aria-label=\"Compartir en Twitter\" href='https:\/\/twitter.com\/share?text=Invitan%20a%20%E2%80%9CExpo%20D%C3%ADa%20de%20la%20Madre%E2%80%9D%20habr%C3%A1%20talleres%2C%20actividades%20recreativas%20y%20m%C3%BAsica%20en%20vivo&#038;url=https:\/\/radiorevelacionfm.cl\/?p=42003' aria-hidden='false' data-av_icon='\ue8f1' data-av_iconfont='entypo-fontello' title='' data-avia-related-tooltip='Compartir en Twitter' rel=\"noopener\"><span class='avia_hidden_link_text'>Compartir en Twitter<\/span><\/a><\/li><li class='av-share-link av-social-link-whatsapp' ><a target=\"_blank\" aria-label=\"Compartir en Whatsapp\" href='https:\/\/api.whatsapp.com\/send?text=https:\/\/radiorevelacionfm.cl\/?p=42003' aria-hidden='false' data-av_icon='\uf232' data-av_iconfont='entypo-fontello' title='' data-avia-related-tooltip='Compartir en Whatsapp' rel=\"noopener\"><span class='avia_hidden_link_text'>Compartir en Whatsapp<\/span><\/a><\/li><li class='av-share-link av-social-link-linkedin' ><a target=\"_blank\" aria-label=\"Compartir en LinkedIn\" href='https:\/\/linkedin.com\/shareArticle?mini=true&#038;title=Invitan%20a%20%E2%80%9CExpo%20D%C3%ADa%20de%20la%20Madre%E2%80%9D%20habr%C3%A1%20talleres%2C%20actividades%20recreativas%20y%20m%C3%BAsica%20en%20vivo&#038;url=https:\/\/radiorevelacionfm.cl\/?p=42003' aria-hidden='false' data-av_icon='\ue8fc' data-av_iconfont='entypo-fontello' title='' data-avia-related-tooltip='Compartir en LinkedIn' rel=\"noopener\"><span class='avia_hidden_link_text'>Compartir en LinkedIn<\/span><\/a><\/li><li class='av-share-link av-social-link-mail' ><a  aria-label=\"Compartir por correo\" href='mailto:?subject=Invitan%20a%20%E2%80%9CExpo%20D%C3%ADa%20de%20la%20Madre%E2%80%9D%20habr%C3%A1%20talleres%2C%20actividades%20recreativas%20y%20m%C3%BAsica%20en%20vivo&#038;body=https:\/\/radiorevelacionfm.cl\/?p=42003' aria-hidden='false' data-av_icon='\ue805' data-av_iconfont='entypo-fontello' title='' data-avia-related-tooltip='Compartir por correo'><span class='avia_hidden_link_text'>Compartir por correo<\/span><\/a><\/li><\/ul><\/div><\/div>\n<div  style='height:50px' class='hr hr-invisible   avia-builder-el-8  el_after_av_social_share  el_before_av_comments_list '><span class='hr-inner ' ><span class='hr-inner-style'><\/span><\/span><\/div>\n<div  class='av-buildercomment  av-blog-meta-html-info-disabled av-blog-meta-tag-disabled  '><\/div>\n","protected":false},"excerpt":{"rendered":"","protected":false},"author":1,"featured_media":42004,"comment_status":"open","ping_status":"open","sticky":false,"template":"","format":"standard","meta":{"footnotes":""},"categories":[38],"tags":[],"class_list":["post-42003","post","type-post","status-publish","format-standard","has-post-thumbnail","hentry","category-regional"],"jetpack_featured_media_url":"https:\/\/radiorevelacionfm.cl\/wp-content\/uploads\/2024\/05\/afiche-dia-de-la-madre-1-1_optimized.jpg","_links":{"self":[{"href":"https:\/\/radiorevelacionfm.cl\/index.php?rest_route=\/wp\/v2\/posts\/42003","targetHints":{"allow":["GET"]}}],"collection":[{"href":"https:\/\/radiorevelacionfm.cl\/index.php?rest_route=\/wp\/v2\/posts"}],"about":[{"href":"https:\/\/radiorevelacionfm.cl\/index.php?rest_route=\/wp\/v2\/types\/post"}],"author":[{"embeddable":true,"href":"https:\/\/radiorevelacionfm.cl\/index.php?rest_route=\/wp\/v2\/users\/1"}],"replies":[{"embeddable":true,"href":"https:\/\/radiorevelacionfm.cl\/index.php?rest_route=%2Fwp%2Fv2%2Fcomments&post=42003"}],"version-history":[{"count":1,"href":"https:\/\/radiorevelacionfm.cl\/index.php?rest_route=\/wp\/v2\/posts\/42003\/revisions"}],"predecessor-version":[{"id":42005,"href":"https:\/\/radiorevelacionfm.cl\/index.php?rest_route=\/wp\/v2\/posts\/42003\/revisions\/42005"}],"wp:featuredmedia":[{"embeddable":true,"href":"https:\/\/radiorevelacionfm.cl\/index.php?rest_route=\/wp\/v2\/media\/42004"}],"wp:attachment":[{"href":"https:\/\/radiorevelacionfm.cl\/index.php?rest_route=%2Fwp%2Fv2%2Fmedia&parent=42003"}],"wp:term":[{"taxonomy":"category","embeddable":true,"href":"https:\/\/radiorevelacionfm.cl\/index.php?rest_route=%2Fwp%2Fv2%2Fcategories&post=42003"},{"taxonomy":"post_tag","embeddable":true,"href":"https:\/\/radiorevelacionfm.cl\/index.php?rest_route=%2Fwp%2Fv2%2Ftags&post=42003"}],"curies":[{"name":"wp","href":"https:\/\/api.w.org\/{rel}","templated":true}]}}