{"id":41999,"date":"2024-05-08T14:19:27","date_gmt":"2024-05-08T17:19:27","guid":{"rendered":"https:\/\/radiorevelacionfm.cl\/?p=41999"},"modified":"2024-05-08T14:19:27","modified_gmt":"2024-05-08T17:19:27","slug":"finalizo-conservacion-mayor-realizada-al-aerodromo-de-villa-ohiggins","status":"publish","type":"post","link":"https:\/\/radiorevelacionfm.cl\/?p=41999","title":{"rendered":"Finaliz\u00f3 conservaci\u00f3n mayor realizada al aer\u00f3dromo de Villa O\u2019higgins"},"content":{"rendered":"<div class=\"flex_column av_one_full  flex_column_div av-zero-column-padding first  avia-builder-el-0  el_before_av_one_full  avia-builder-el-first  \" style='border-radius:0px; '><div  class='avia-image-container  av-styling-    avia-builder-el-1  avia-builder-el-no-sibling  avia-align-center '  itemprop=\"image\" itemscope=\"itemscope\" itemtype=\"https:\/\/schema.org\/ImageObject\"  ><div class='avia-image-container-inner'><div class='avia-image-overlay-wrap'><img decoding=\"async\" class='wp-image-42001 avia-img-lazy-loading-not-42001 avia_image' src=\"https:\/\/radiorevelacionfm.cl\/wp-content\/uploads\/2024\/05\/aerodromovh-5-2_optimized.jpg\" alt='' title='aerodromovh-5-(2)_optimized' height=\"600\" width=\"1312\"  itemprop=\"thumbnailUrl\" srcset=\"https:\/\/radiorevelacionfm.cl\/wp-content\/uploads\/2024\/05\/aerodromovh-5-2_optimized.jpg 1312w, https:\/\/radiorevelacionfm.cl\/wp-content\/uploads\/2024\/05\/aerodromovh-5-2_optimized-300x137.jpg 300w, https:\/\/radiorevelacionfm.cl\/wp-content\/uploads\/2024\/05\/aerodromovh-5-2_optimized-1030x471.jpg 1030w, https:\/\/radiorevelacionfm.cl\/wp-content\/uploads\/2024\/05\/aerodromovh-5-2_optimized-768x351.jpg 768w, https:\/\/radiorevelacionfm.cl\/wp-content\/uploads\/2024\/05\/aerodromovh-5-2_optimized-705x322.jpg 705w, https:\/\/radiorevelacionfm.cl\/wp-content\/uploads\/2024\/05\/aerodromovh-5-2_optimized-450x206.jpg 450w, https:\/\/radiorevelacionfm.cl\/wp-content\/uploads\/2024\/05\/aerodromovh-5-2_optimized-600x274.jpg 600w\" sizes=\"(max-width: 1312px) 100vw, 1312px\" \/><\/div><\/div><\/div><\/div><div class=\"flex_column av_one_full  flex_column_div av-zero-column-padding first  avia-builder-el-2  el_after_av_one_full  el_before_av_one_full  column-top-margin\" style='border-radius:0px; '><section class=\"av_textblock_section \"  itemscope=\"itemscope\" itemtype=\"https:\/\/schema.org\/BlogPosting\" itemprop=\"blogPost\" ><div class='avia_textblock  '   itemprop=\"text\" ><p style=\"text-align: center;\"><strong><span style=\"font-size: 18pt;\">Finaliz\u00f3 conservaci\u00f3n mayor realizada al aer\u00f3dromo de Villa O\u2019higgins<\/span><\/strong><\/p>\n<div id=\"gtx-trans\" style=\"position: absolute; left: -50px; top: 4.31534px;\">\n<div class=\"gtx-trans-icon\"><\/div>\n<\/div>\n<\/div><\/section><\/div><div class=\"flex_column av_one_full  flex_column_div av-zero-column-padding first  avia-builder-el-4  el_after_av_one_full  el_before_av_hr  column-top-margin\" style='border-radius:0px; '><section class=\"av_textblock_section \"  itemscope=\"itemscope\" itemtype=\"https:\/\/schema.org\/BlogPosting\" itemprop=\"blogPost\" ><div class='avia_textblock  '   itemprop=\"text\" ><p style=\"text-align: justify;\"><em>Obras fueron anunciadas por el presidente Gabriel Boric en su \u00faltima visita a la regi\u00f3n e integran el Plan de Integraci\u00f3n y Conectividad entre la provincia de Palena y la regi\u00f3n de Ays\u00e9n. <\/em><\/p>\n<p style=\"text-align: justify;\">El Secretario Regional Ministerial de Obras P\u00fablicas Patricio Sanhueza Ulloa inform\u00f3 esta semana que fueron terminados los trabajos de conservaci\u00f3n mayor efectuados al Aer\u00f3dromo de Villa O\u00b4Higgins, ubicado en el extremo sur de la regi\u00f3n de Ays\u00e9n.<\/p>\n<p style=\"text-align: justify;\">\u201cHemos concluido la conservaci\u00f3n mayor del Aer\u00f3dromo de Villa O\u00b4Higgins. Esta es una tremenda noticia por cuanto forma parte de nuestra hoja de ruta, forma parte del Plan de Integraci\u00f3n y Conectividad entre la provincia de Palena y la regi\u00f3n de Ays\u00e9n, pero tambi\u00e9n forma parte de los anuncios del presidente Gabriel Boric Font. Con esto estamos dando seguridad, estamos aumentando la vida \u00fatil a la pista en la localidad m\u00e1s extrema de nuestro sur regional, as\u00ed que estamos muy satisfechos. Es una inversi\u00f3n muy grande que supera los 1900 millones de pesos con los que no solamente vamos a hacer las mejoras en la infraestructura aeroportuaria, sino tambi\u00e9n contribuimos a la reactivaci\u00f3n econ\u00f3mica de esta localidad\u201d, expres\u00f3 el SEREMI del MOP.<\/p>\n<p style=\"text-align: justify;\">El Aer\u00f3dromo Villa O&#8217;Higgins forma parte de la Red de 29 Aer\u00f3dromos que tiene la regi\u00f3n de Ays\u00e9n para mantener la conectividad de las comunidades y la integraci\u00f3n v\u00eda a\u00e9rea del territorio. Cuenta con oficinas de la DGAC, sala de espera y control elevado. Su infraestructura incluye una pista de doble tratamiento de 1300 x 23m, con capacidad para aviones medianos y jets peque\u00f1os hasta 52,000 kg. Adem\u00e1s, posee una calle de rodaje conectada a una plataforma de estacionamiento asfaltada. Durante el a\u00f1o 2023 se realizaci\u00f3n 270 operaciones a\u00e9reas en este Aer\u00f3dromo.<\/p>\n<p style=\"text-align: justify;\">La Directora Regional de Aeropuertos MOP, Anita \u00c1lvarez Lemus detall\u00f3 los trabajos que se realizaron en esta infraestructura, indicando al respecto que para efectuar las obras manteniendo la conectividad, se habilit\u00f3 la pista antigua de Villa O\u00b4Higgins. \u201cSe intervinieron m\u00e1s de 140 mil metros cuadrados de tratamiento superficial asf\u00e1ltico en pista, calle de rodaje y plataforma de estacionamiento de aeronaves, el perfilado de la franja de seguridad y la pintura de demarcaci\u00f3n, con el objeto de mantener por el mayor tiempo posible en \u00f3ptimas condiciones la seguridad de la pista e infraestructura a\u00e9rea. Los trabajos que estuvieron a cargo de la empresa constructora AGS Ingenieros se iniciaron en diciembre 2023, se extendieron por cuatro meses, y hoy est\u00e1n terminados en su totalidad y recepcionados por parte del Ministerio de Obras P\u00fablicas. Como Direcci\u00f3n de Aeropuertos trabajamos continuamente manteniendo y conservando los 29 Aer\u00f3dromos de nuestra Red Aeroportuaria para mantener la conectividad y as\u00ed mejorar la calidad de vida de los habitantes de nuestra regi\u00f3n que utilizan el transporte a\u00e9reo para su traslado\u201d.<\/p>\n<\/div><\/section><\/div><div  style='height:50px' class='hr hr-invisible   avia-builder-el-6  el_after_av_one_full  el_before_av_social_share '><span class='hr-inner ' ><span class='hr-inner-style'><\/span><\/span><\/div><\/p>\n<div  class='av-social-sharing-box  avia-builder-el-7  el_after_av_hr  el_before_av_hr  '><div class='av-share-box'><h5 class='av-share-link-description av-no-toc '>Compartir esta noticia<\/h5><ul class='av-share-box-list noLightbox'><li class='av-share-link av-social-link-facebook' ><a target=\"_blank\" aria-label=\"Compartir en Facebook\" href='https:\/\/www.facebook.com\/sharer.php?u=https:\/\/radiorevelacionfm.cl\/?p=41999&#038;t=Finaliz%C3%B3%20conservaci%C3%B3n%20mayor%20realizada%20al%20aer%C3%B3dromo%20de%20Villa%20O%E2%80%99higgins' aria-hidden='false' data-av_icon='\ue8f3' data-av_iconfont='entypo-fontello' title='' data-avia-related-tooltip='Compartir en Facebook' rel=\"noopener\"><span class='avia_hidden_link_text'>Compartir en Facebook<\/span><\/a><\/li><li class='av-share-link av-social-link-twitter' ><a target=\"_blank\" aria-label=\"Compartir en Twitter\" href='https:\/\/twitter.com\/share?text=Finaliz%C3%B3%20conservaci%C3%B3n%20mayor%20realizada%20al%20aer%C3%B3dromo%20de%20Villa%20O%E2%80%99higgins&#038;url=https:\/\/radiorevelacionfm.cl\/?p=41999' aria-hidden='false' data-av_icon='\ue8f1' data-av_iconfont='entypo-fontello' title='' data-avia-related-tooltip='Compartir en Twitter' rel=\"noopener\"><span class='avia_hidden_link_text'>Compartir en Twitter<\/span><\/a><\/li><li class='av-share-link av-social-link-whatsapp' ><a target=\"_blank\" aria-label=\"Compartir en Whatsapp\" href='https:\/\/api.whatsapp.com\/send?text=https:\/\/radiorevelacionfm.cl\/?p=41999' aria-hidden='false' data-av_icon='\uf232' data-av_iconfont='entypo-fontello' title='' data-avia-related-tooltip='Compartir en Whatsapp' rel=\"noopener\"><span class='avia_hidden_link_text'>Compartir en Whatsapp<\/span><\/a><\/li><li class='av-share-link av-social-link-linkedin' ><a target=\"_blank\" aria-label=\"Compartir en LinkedIn\" href='https:\/\/linkedin.com\/shareArticle?mini=true&#038;title=Finaliz%C3%B3%20conservaci%C3%B3n%20mayor%20realizada%20al%20aer%C3%B3dromo%20de%20Villa%20O%E2%80%99higgins&#038;url=https:\/\/radiorevelacionfm.cl\/?p=41999' aria-hidden='false' data-av_icon='\ue8fc' data-av_iconfont='entypo-fontello' title='' data-avia-related-tooltip='Compartir en LinkedIn' rel=\"noopener\"><span class='avia_hidden_link_text'>Compartir en LinkedIn<\/span><\/a><\/li><li class='av-share-link av-social-link-mail' ><a  aria-label=\"Compartir por correo\" href='mailto:?subject=Finaliz%C3%B3%20conservaci%C3%B3n%20mayor%20realizada%20al%20aer%C3%B3dromo%20de%20Villa%20O%E2%80%99higgins&#038;body=https:\/\/radiorevelacionfm.cl\/?p=41999' aria-hidden='false' data-av_icon='\ue805' data-av_iconfont='entypo-fontello' title='' data-avia-related-tooltip='Compartir por correo'><span class='avia_hidden_link_text'>Compartir por correo<\/span><\/a><\/li><\/ul><\/div><\/div>\n<div  style='height:50px' class='hr hr-invisible   avia-builder-el-8  el_after_av_social_share  el_before_av_comments_list '><span class='hr-inner ' ><span class='hr-inner-style'><\/span><\/span><\/div>\n<div  class='av-buildercomment  av-blog-meta-html-info-disabled av-blog-meta-tag-disabled  '><\/div>\n","protected":false},"excerpt":{"rendered":"","protected":false},"author":1,"featured_media":42001,"comment_status":"open","ping_status":"open","sticky":false,"template":"","format":"standard","meta":{"footnotes":""},"categories":[38],"tags":[],"class_list":["post-41999","post","type-post","status-publish","format-standard","has-post-thumbnail","hentry","category-regional"],"jetpack_featured_media_url":"https:\/\/radiorevelacionfm.cl\/wp-content\/uploads\/2024\/05\/aerodromovh-5-2_optimized.jpg","_links":{"self":[{"href":"https:\/\/radiorevelacionfm.cl\/index.php?rest_route=\/wp\/v2\/posts\/41999","targetHints":{"allow":["GET"]}}],"collection":[{"href":"https:\/\/radiorevelacionfm.cl\/index.php?rest_route=\/wp\/v2\/posts"}],"about":[{"href":"https:\/\/radiorevelacionfm.cl\/index.php?rest_route=\/wp\/v2\/types\/post"}],"author":[{"embeddable":true,"href":"https:\/\/radiorevelacionfm.cl\/index.php?rest_route=\/wp\/v2\/users\/1"}],"replies":[{"embeddable":true,"href":"https:\/\/radiorevelacionfm.cl\/index.php?rest_route=%2Fwp%2Fv2%2Fcomments&post=41999"}],"version-history":[{"count":1,"href":"https:\/\/radiorevelacionfm.cl\/index.php?rest_route=\/wp\/v2\/posts\/41999\/revisions"}],"predecessor-version":[{"id":42002,"href":"https:\/\/radiorevelacionfm.cl\/index.php?rest_route=\/wp\/v2\/posts\/41999\/revisions\/42002"}],"wp:featuredmedia":[{"embeddable":true,"href":"https:\/\/radiorevelacionfm.cl\/index.php?rest_route=\/wp\/v2\/media\/42001"}],"wp:attachment":[{"href":"https:\/\/radiorevelacionfm.cl\/index.php?rest_route=%2Fwp%2Fv2%2Fmedia&parent=41999"}],"wp:term":[{"taxonomy":"category","embeddable":true,"href":"https:\/\/radiorevelacionfm.cl\/index.php?rest_route=%2Fwp%2Fv2%2Fcategories&post=41999"},{"taxonomy":"post_tag","embeddable":true,"href":"https:\/\/radiorevelacionfm.cl\/index.php?rest_route=%2Fwp%2Fv2%2Ftags&post=41999"}],"curies":[{"name":"wp","href":"https:\/\/api.w.org\/{rel}","templated":true}]}}