{"id":4198,"date":"2021-05-17T17:43:29","date_gmt":"2021-05-17T20:43:29","guid":{"rendered":"https:\/\/radiorevelacionfm.cl\/?p=4198"},"modified":"2021-05-17T17:43:29","modified_gmt":"2021-05-17T20:43:29","slug":"alza-de-los-planes-de-las-isapres-acotan-redaccion-de-norma-que-terminaria-con-arbitrariedad","status":"publish","type":"post","link":"https:\/\/radiorevelacionfm.cl\/?p=4198","title":{"rendered":"Alza de los planes de las Isapres: acotan redacci\u00f3n de norma que terminar\u00eda con arbitrariedad"},"content":{"rendered":"<div class=\"flex_column av_one_full  flex_column_div av-zero-column-padding first  avia-builder-el-0  el_before_av_one_full  avia-builder-el-first  \" style='border-radius:0px; '><div  class='avia-image-container  av-styling-    avia-builder-el-1  avia-builder-el-no-sibling  avia-align-center '  itemprop=\"image\" itemscope=\"itemscope\" itemtype=\"https:\/\/schema.org\/ImageObject\"  ><div class='avia-image-container-inner'><div class='avia-image-overlay-wrap'><img decoding=\"async\" class='wp-image-4199 avia-img-lazy-loading-not-4199 avia_image' src=\"https:\/\/radiorevelacionfm.cl\/wp-content\/uploads\/2021\/05\/isapres2_optimized.jpg\" alt='' title='isapres2_optimized' height=\"853\" width=\"1280\"  itemprop=\"thumbnailUrl\" srcset=\"https:\/\/radiorevelacionfm.cl\/wp-content\/uploads\/2021\/05\/isapres2_optimized.jpg 1280w, https:\/\/radiorevelacionfm.cl\/wp-content\/uploads\/2021\/05\/isapres2_optimized-300x200.jpg 300w, https:\/\/radiorevelacionfm.cl\/wp-content\/uploads\/2021\/05\/isapres2_optimized-1030x686.jpg 1030w, https:\/\/radiorevelacionfm.cl\/wp-content\/uploads\/2021\/05\/isapres2_optimized-768x512.jpg 768w, https:\/\/radiorevelacionfm.cl\/wp-content\/uploads\/2021\/05\/isapres2_optimized-705x470.jpg 705w, https:\/\/radiorevelacionfm.cl\/wp-content\/uploads\/2021\/05\/isapres2_optimized-600x400.jpg 600w\" sizes=\"(max-width: 1280px) 100vw, 1280px\" \/><\/div><\/div><\/div><\/div><div class=\"flex_column av_one_full  flex_column_div av-zero-column-padding first  avia-builder-el-2  el_after_av_one_full  el_before_av_one_full  column-top-margin\" style='border-radius:0px; '><section class=\"av_textblock_section \"  itemscope=\"itemscope\" itemtype=\"https:\/\/schema.org\/BlogPosting\" itemprop=\"blogPost\" ><div class='avia_textblock  '   itemprop=\"text\" ><p style=\"text-align: center;\"><strong><span style=\"font-size: 18pt;\">Alza de los planes de las Isapres: acotan redacci\u00f3n de norma que terminar\u00eda con arbitrariedad<\/span><\/strong><\/p>\n<div id=\"gtx-trans\" style=\"position: absolute; left: -50px; top: 4.31534px;\">\n<div class=\"gtx-trans-icon\"><\/div>\n<\/div>\n<\/div><\/section><\/div><div class=\"flex_column av_one_full  flex_column_div av-zero-column-padding first  avia-builder-el-4  el_after_av_one_full  el_before_av_hr  column-top-margin\" style='border-radius:0px; '><section class=\"av_textblock_section \"  itemscope=\"itemscope\" itemtype=\"https:\/\/schema.org\/BlogPosting\" itemprop=\"blogPost\" ><div class='avia_textblock  '   itemprop=\"text\" ><p style=\"text-align: justify;\">Las mejoras al texto apuntan a entregar al INE, el rol de determinar la variaci\u00f3n de precio anual y a la Superintendencia de Salud, el papel de informar dicho guarismo.<\/p>\n<p style=\"text-align: justify;\">Concordar las indicaciones presentadas por los parlamentarios con una propuesta esbozada preliminarmente por el Ejecutivo, fue el acuerdo al que llegaron los integrantes de la Comisi\u00f3n de Salud en su \u00faltima sesi\u00f3n.<\/p>\n<p style=\"text-align: justify;\">Esto en el marco del estudio en particular del proyecto en segundo tr\u00e1mite, que\u00a0<strong>suspende, durante la vigencia de excepci\u00f3n constitucional de cat\u00e1strofe motivado por la pandemia de Covid 19, la facultad de las Isapres de modificar el precio base de los planes de salud en t\u00e9rminos m\u00e1s onerosos para sus afiliados<\/strong>.<\/p>\n<p style=\"text-align: justify;\">Luego que hace unos d\u00edas, los congresistas aprobaran \u2013por mayor\u00eda- la admisibilidad de la moci\u00f3n y la idea de legislar, \u00e9stos presentaron indicaciones que se resumen en los siguientes puntos:<\/p>\n<ul style=\"text-align: justify;\" type=\"disc\">\n<li>Derogar la facultad de las Isapres de revisar los precios de sus planes de salud una vez al a\u00f1o<\/li>\n<li>La Superintendencia de Salud fijar\u00e1 el cambio anual del precio base de los planes<\/li>\n<li>El Instituto Nacional de Estad\u00edsticas (INE) determinar\u00e1 la variaci\u00f3n de los precios de las prestaciones entregadas en ese a\u00f1o y los factores que determinan dicho n\u00famero<\/li>\n<li>En noviembre de cada a\u00f1o, el Fondo Nacional de Salud (FONASA), el Subsecretar\u00eda de Redes Asistenciales y la Subsecretar\u00eda de Salud P\u00fablica entregar\u00e1n la informaci\u00f3n pertinente al INE<\/li>\n<li>En enero la variaci\u00f3n de precios ser\u00e1 informada a la Superintendencia de Salud y \u00e9sta a su vez, publicar\u00e1 en marzo este guarismo en su web<\/li>\n<li>En el caso que la variaci\u00f3n sea positiva se generar\u00e1 un alza de los planes, y en el caso que sea negativa, se materializar\u00e1 una baja.<\/li>\n<\/ul>\n<p style=\"text-align: justify;\">En la \u00faltima sesi\u00f3n, el Superintendente de Salud, Patricio Fern\u00e1ndez analiz\u00f3 las indicaciones parlamentarias comentando que \u201cnos parecen adecuados los ajustes que se hacen pero hay que hacer cambios t\u00e9cnicos. Si ustedes miran el diagrama actual que permite determinar el IPC de la Salud, se chequean y contrachequean los datos, por lo que veo dif\u00edcil que baste con que FONASA y las subsecretar\u00edas entreguen informaci\u00f3n\u201d.<\/p>\n<p style=\"text-align: justify;\">\u201cEs importante considerar el rol del INE que es el ente que certifica y valida la f\u00f3rmula de c\u00e1lculo. Ahora tambi\u00e9n consideramos que es vital que sean las propias Isapres la que entreguen informaci\u00f3n y se determinen sanciones en el caso que ello no ocurra\u201d, mencion\u00f3.<\/p>\n<p style=\"text-align: justify;\"><strong>PROYECTO<\/strong><\/p>\n<div class=\"contSubtit\" style=\"text-align: justify;\">\n<div class=\"linkSubtit\">La norma despachada al Senado plantea que:<\/div>\n<\/div>\n<p style=\"text-align: justify;\">\u00abLas Instituciones de Salud Previsional (Isapres) estar\u00e1n impedidas, durante la vigencia de una alerta sanitaria decretada debido a una epidemia o pandemia y hasta 180 d\u00edas siguientes a la cesaci\u00f3n de ese per\u00edodo, de aumentar el precio de los planes de salud y el valor de las primas GES, o de disminuir o limitar sus prestaciones y beneficios.<\/p>\n<p style=\"text-align: justify;\">Si el impedimento se extendiera por m\u00e1s de un a\u00f1o, las Isapres no podr\u00e1n acumular el aumento del precio base del plan no efectuado durante ese periodo a la modificaci\u00f3n que realicen en el a\u00f1o siguiente.<\/p>\n<p style=\"text-align: justify;\">La autoridad competente deber\u00e1 calcular, respecto del Sistema de Isapres, los indicadores de variaci\u00f3n de los precios de las prestaciones de salud, considerando la frecuencia de uso de estas, y de la variaci\u00f3n del gasto en subsidios por incapacidad laboral por ese a\u00f1o.<\/p>\n<p style=\"text-align: justify;\">Durante la vigencia de una alerta sanitaria decretada debido a una epidemia o pandemia y hasta 180 d\u00edas siguientes a la cesaci\u00f3n de ese per\u00edodo, la p\u00e9rdida de la relaci\u00f3n laboral no podr\u00e1 constituir causal de t\u00e9rmino anticipado del contrato de salud que tenga por objeto otorgar prestaciones a trabajadores de una determinada empresa o instituci\u00f3n\u201d.<\/p>\n<\/div><\/section><\/div><div  style='height:50px' class='hr hr-invisible   avia-builder-el-6  el_after_av_one_full  el_before_av_social_share '><span class='hr-inner ' ><span class='hr-inner-style'><\/span><\/span><\/div><\/p>\n<div  class='av-social-sharing-box  avia-builder-el-7  el_after_av_hr  el_before_av_hr  '><div class='av-share-box'><h5 class='av-share-link-description av-no-toc '>Compartir esta noticia<\/h5><ul class='av-share-box-list noLightbox'><li class='av-share-link av-social-link-facebook' ><a target=\"_blank\" aria-label=\"Compartir en Facebook\" href='https:\/\/www.facebook.com\/sharer.php?u=https:\/\/radiorevelacionfm.cl\/?p=4198&#038;t=Alza%20de%20los%20planes%20de%20las%20Isapres%3A%20acotan%20redacci%C3%B3n%20de%20norma%20que%20terminar%C3%ADa%20con%20arbitrariedad' aria-hidden='false' data-av_icon='\ue8f3' data-av_iconfont='entypo-fontello' title='' data-avia-related-tooltip='Compartir en Facebook' rel=\"noopener\"><span class='avia_hidden_link_text'>Compartir en Facebook<\/span><\/a><\/li><li class='av-share-link av-social-link-twitter' ><a target=\"_blank\" aria-label=\"Compartir en Twitter\" href='https:\/\/twitter.com\/share?text=Alza%20de%20los%20planes%20de%20las%20Isapres%3A%20acotan%20redacci%C3%B3n%20de%20norma%20que%20terminar%C3%ADa%20con%20arbitrariedad&#038;url=https:\/\/radiorevelacionfm.cl\/?p=4198' aria-hidden='false' data-av_icon='\ue8f1' data-av_iconfont='entypo-fontello' title='' data-avia-related-tooltip='Compartir en Twitter' rel=\"noopener\"><span class='avia_hidden_link_text'>Compartir en Twitter<\/span><\/a><\/li><li class='av-share-link av-social-link-whatsapp' ><a target=\"_blank\" aria-label=\"Compartir en Whatsapp\" href='https:\/\/api.whatsapp.com\/send?text=https:\/\/radiorevelacionfm.cl\/?p=4198' aria-hidden='false' data-av_icon='\uf232' data-av_iconfont='entypo-fontello' title='' data-avia-related-tooltip='Compartir en Whatsapp' rel=\"noopener\"><span class='avia_hidden_link_text'>Compartir en Whatsapp<\/span><\/a><\/li><li class='av-share-link av-social-link-linkedin' ><a target=\"_blank\" aria-label=\"Compartir en LinkedIn\" href='https:\/\/linkedin.com\/shareArticle?mini=true&#038;title=Alza%20de%20los%20planes%20de%20las%20Isapres%3A%20acotan%20redacci%C3%B3n%20de%20norma%20que%20terminar%C3%ADa%20con%20arbitrariedad&#038;url=https:\/\/radiorevelacionfm.cl\/?p=4198' aria-hidden='false' data-av_icon='\ue8fc' data-av_iconfont='entypo-fontello' title='' data-avia-related-tooltip='Compartir en LinkedIn' rel=\"noopener\"><span class='avia_hidden_link_text'>Compartir en LinkedIn<\/span><\/a><\/li><li class='av-share-link av-social-link-mail' ><a  aria-label=\"Compartir por correo\" href='mailto:?subject=Alza%20de%20los%20planes%20de%20las%20Isapres%3A%20acotan%20redacci%C3%B3n%20de%20norma%20que%20terminar%C3%ADa%20con%20arbitrariedad&#038;body=https:\/\/radiorevelacionfm.cl\/?p=4198' aria-hidden='false' data-av_icon='\ue805' data-av_iconfont='entypo-fontello' title='' data-avia-related-tooltip='Compartir por correo'><span class='avia_hidden_link_text'>Compartir por correo<\/span><\/a><\/li><\/ul><\/div><\/div>\n<div  style='height:50px' class='hr hr-invisible   avia-builder-el-8  el_after_av_social_share  el_before_av_comments_list '><span class='hr-inner ' ><span class='hr-inner-style'><\/span><\/span><\/div>\n<div  class='av-buildercomment  av-blog-meta-html-info-disabled av-blog-meta-tag-disabled  '><\/div>\n","protected":false},"excerpt":{"rendered":"","protected":false},"author":1,"featured_media":4199,"comment_status":"open","ping_status":"open","sticky":false,"template":"","format":"standard","meta":{"footnotes":""},"categories":[46],"tags":[],"class_list":["post-4198","post","type-post","status-publish","format-standard","has-post-thumbnail","hentry","category-salud"],"jetpack_featured_media_url":"https:\/\/radiorevelacionfm.cl\/wp-content\/uploads\/2021\/05\/isapres2_optimized.jpg","_links":{"self":[{"href":"https:\/\/radiorevelacionfm.cl\/index.php?rest_route=\/wp\/v2\/posts\/4198","targetHints":{"allow":["GET"]}}],"collection":[{"href":"https:\/\/radiorevelacionfm.cl\/index.php?rest_route=\/wp\/v2\/posts"}],"about":[{"href":"https:\/\/radiorevelacionfm.cl\/index.php?rest_route=\/wp\/v2\/types\/post"}],"author":[{"embeddable":true,"href":"https:\/\/radiorevelacionfm.cl\/index.php?rest_route=\/wp\/v2\/users\/1"}],"replies":[{"embeddable":true,"href":"https:\/\/radiorevelacionfm.cl\/index.php?rest_route=%2Fwp%2Fv2%2Fcomments&post=4198"}],"version-history":[{"count":1,"href":"https:\/\/radiorevelacionfm.cl\/index.php?rest_route=\/wp\/v2\/posts\/4198\/revisions"}],"predecessor-version":[{"id":4200,"href":"https:\/\/radiorevelacionfm.cl\/index.php?rest_route=\/wp\/v2\/posts\/4198\/revisions\/4200"}],"wp:featuredmedia":[{"embeddable":true,"href":"https:\/\/radiorevelacionfm.cl\/index.php?rest_route=\/wp\/v2\/media\/4199"}],"wp:attachment":[{"href":"https:\/\/radiorevelacionfm.cl\/index.php?rest_route=%2Fwp%2Fv2%2Fmedia&parent=4198"}],"wp:term":[{"taxonomy":"category","embeddable":true,"href":"https:\/\/radiorevelacionfm.cl\/index.php?rest_route=%2Fwp%2Fv2%2Fcategories&post=4198"},{"taxonomy":"post_tag","embeddable":true,"href":"https:\/\/radiorevelacionfm.cl\/index.php?rest_route=%2Fwp%2Fv2%2Ftags&post=4198"}],"curies":[{"name":"wp","href":"https:\/\/api.w.org\/{rel}","templated":true}]}}