{"id":41966,"date":"2024-05-08T15:56:59","date_gmt":"2024-05-08T18:56:59","guid":{"rendered":"https:\/\/radiorevelacionfm.cl\/?p=41966"},"modified":"2024-05-08T15:56:59","modified_gmt":"2024-05-08T18:56:59","slug":"cochrane-sin-grandes-obras-para-generacion-de-empleo-profesionales-jovenes-sin-trabajo-abandono-del-sector-rural-y-comunidad-en-general","status":"publish","type":"post","link":"https:\/\/radiorevelacionfm.cl\/?p=41966","title":{"rendered":"Cochrane sin grandes obras para generaci\u00f3n de empleo: Profesionales j\u00f3venes sin trabajo, abandono del sector rural y comunidad en general"},"content":{"rendered":"<div class=\"flex_column av_one_full  flex_column_div av-zero-column-padding first  avia-builder-el-0  el_before_av_one_full  avia-builder-el-first  \" style='border-radius:0px; '><div  class='avia-image-container  av-styling-    avia-builder-el-1  avia-builder-el-no-sibling  avia-align-center '  itemprop=\"image\" itemscope=\"itemscope\" itemtype=\"https:\/\/schema.org\/ImageObject\"  ><div class='avia-image-container-inner'><div class='avia-image-overlay-wrap'><img decoding=\"async\" class='wp-image-41967 avia-img-lazy-loading-not-41967 avia_image' src=\"https:\/\/radiorevelacionfm.cl\/wp-content\/uploads\/2024\/05\/4.-1-1.jpg\" alt='' title='4. (1) (1)' height=\"600\" width=\"1069\"  itemprop=\"thumbnailUrl\" srcset=\"https:\/\/radiorevelacionfm.cl\/wp-content\/uploads\/2024\/05\/4.-1-1.jpg 1069w, https:\/\/radiorevelacionfm.cl\/wp-content\/uploads\/2024\/05\/4.-1-1-300x168.jpg 300w, https:\/\/radiorevelacionfm.cl\/wp-content\/uploads\/2024\/05\/4.-1-1-1030x578.jpg 1030w, https:\/\/radiorevelacionfm.cl\/wp-content\/uploads\/2024\/05\/4.-1-1-768x431.jpg 768w, https:\/\/radiorevelacionfm.cl\/wp-content\/uploads\/2024\/05\/4.-1-1-705x396.jpg 705w, https:\/\/radiorevelacionfm.cl\/wp-content\/uploads\/2024\/05\/4.-1-1-450x253.jpg 450w, https:\/\/radiorevelacionfm.cl\/wp-content\/uploads\/2024\/05\/4.-1-1-600x337.jpg 600w\" sizes=\"(max-width: 1069px) 100vw, 1069px\" \/><\/div><\/div><\/div><\/div>\n<div class=\"flex_column av_one_full  flex_column_div av-zero-column-padding first  avia-builder-el-2  el_after_av_one_full  el_before_av_one_full  column-top-margin\" style='border-radius:0px; '><section class=\"av_textblock_section \"  itemscope=\"itemscope\" itemtype=\"https:\/\/schema.org\/BlogPosting\" itemprop=\"blogPost\" ><div class='avia_textblock  '   itemprop=\"text\" ><p style=\"text-align: center;\"><strong><span style=\"font-size: 18pt;\">Cochrane sin grandes obras para generaci\u00f3n de empleo: Profesionales j\u00f3venes sin trabajo, abandono del sector rural y comunidad en general<\/span><\/strong><\/p>\n<div id=\"gtx-trans\" style=\"position: absolute; left: -50px; top: 4.31534px;\">\n<div class=\"gtx-trans-icon\"><\/div>\n<\/div>\n<\/div><\/section><\/div><div class=\"flex_column av_one_full  flex_column_div av-zero-column-padding first  avia-builder-el-4  el_after_av_one_full  el_before_av_hr  column-top-margin\" style='border-radius:0px; '><section class=\"av_textblock_section \"  itemscope=\"itemscope\" itemtype=\"https:\/\/schema.org\/BlogPosting\" itemprop=\"blogPost\" ><div class='avia_textblock  '   itemprop=\"text\" ><p style=\"text-align: justify;\">Hoy en d\u00eda son muchas las inquietudes y descontento que han surgido desde que el actual alcalde de Cochrane asumi\u00f3 en el cargo, seg\u00fan el Consejero Regional V\u00edctor Escobar, esto debido al profundo malestar de buena parte de la poblaci\u00f3n Cochranina, quienes ven con gran preocupaci\u00f3n la conducci\u00f3n de la autoridad comunal frente a diversas situaciones, poca mano de obra, sectores rurales abandonados, y solo sostenido por los recursos del Gobierno Regional a trav\u00e9s fondos Fril, lo que genera muy poco trabajo.<\/p>\n<p style=\"text-align: justify;\"><strong>\u201cHaciendo un poco de historia\u201d<\/strong><\/p>\n<p style=\"text-align: justify;\">Si bien los resultados de las \u00faltimas elecciones a alcalde fueron evidentemente favorables para el actual edil, era de suponer que los cambios en cuanto al desarrollo de la econom\u00eda y condici\u00f3n laboral mejorar\u00edan sustantivamente para la comunidad de Cochrane. No obstante, hoy con mucho pesar, se ha visto gran cantidad de vecinos acudiendo a otros servicios para solicitar apoyos o ayudas ya que el alcalde de Cochrane no recibe audiencias a menos que estas sean programadas y la verdad las promesas de campa\u00f1as quedaron para algunos en el olvido.<\/p>\n<p style=\"text-align: justify;\">A ojos de toda la comunidad, la mayor\u00eda de los municipios de la regi\u00f3n se encontraban con problemas de d\u00e9ficit financiero al asumir las nuevas administraciones. Sin embargo, en el caso de Cochrane el actual alcalde recibi\u00f3 un municipio con un considerable super\u00e1vit financiero y con m\u00e1s contratas vacantes, lo que hac\u00eda suponer, aumentar\u00eda la dotaci\u00f3n de profesionales locales.<\/p>\n<p style=\"text-align: justify;\">Nadie cuestiona el dar empleo y generar m\u00e1s puestos de trabajo, lo cuestionable es que muchos profesionales j\u00f3venes de la comuna se encuentran sin trabajo y claramente observan que las nuevas contrataciones fueron ocupadas \u00a0principalmente por profesionales de Chile Chico y que los sueldos han aumentado considerablemente para ellos, esto evidenciado efectivamente en negativas \u00a0oportunidades y condiciones laborales \u00a0a profesionales de la comuna que con mucho esfuerzo regresaron con un titulo a trabajar en la denominada tierra del Baker.<\/p>\n<p style=\"text-align: justify;\">Es as\u00ed como, tras la popular frase de campa\u00f1a \u201ccon la fuerza del Baker\u201d, un rio caracter\u00edstico de la localidad que ha permitido vida y tambi\u00e9n el desarrollo de colonos y pioneros que con sacrificio han forjado esta tierra, hoy se puede visualizar como con la fuerza del Baker, personas profesionales, t\u00e9cnicas y con oficios sin relevancias pol\u00edticas ni directivas, \u00a0ya no son parte de un equipo municipal; sumar a esto que visiblemente en la comunidad de Cochrane no se observan grandes obras que permitan dar empleo y dinamismo econ\u00f3mico que debiese tener la capital de la provincia capit\u00e1n Prat.<\/p>\n<p style=\"text-align: justify;\">Dentro de lo que se visualiza en deficientes gestiones podemos destacar:<\/p>\n<ul style=\"text-align: justify;\">\n<li>Cochrane, un lugar limpio, amigable con el turismo, la vida sana y la naturaleza no cuenta con un centro integral de gesti\u00f3n de residuos s\u00f3lidos, no se ha avanzado en gestionar este necesario proyecto donde convergen las comunas de Cochrane y tortel y que viene a entregar una soluci\u00f3n de manejo para residuos domiciliarios y a la constante contaminaci\u00f3n que hoy se produce en el vertedero de la comuna de Cochrane, la cual se esta quedando sin espacio para recibir los desechos contaminantes.<\/li>\n<\/ul>\n<ul style=\"text-align: justify;\">\n<li>No se observa un \u00e1nimo de apoyar actividades deportivas masivas como el f\u00fatbol y el basquetbol, no se ha avanza en el estadio aonikenk o el llamado estadio conaf donde hace ya varios a\u00f1os se pretende realizar una cancha sint\u00e9tica, internamente en Cochrane hace varios meses o tal vez un a\u00f1o que no se realizan actividades deportivas, esto donde los equipos de diferentes disciplinas realicen sus campeonatos tan reconocidos a nivel provincial y regional, solo hemos visto como el edil realiza grandes competencias donde sin duda lo \u00fanico que quiere es realzar su figura para una pr\u00f3xima reelecci\u00f3n y esto olvidando que debe gestionar y trabajar para toda una comunidad.<\/li>\n<\/ul>\n<ul style=\"text-align: justify;\">\n<li>Tenencia responsable de mascotas, la mayor\u00eda de las ordenanzas municipales no son fiscalizadas, cada vez en las calles de la comuna se visualizan mas perros en lugares p\u00fablicos como escuela, liceo y otros centros de la comuna, tampoco esto ha sido resuelto.<\/li>\n<\/ul>\n<ul style=\"text-align: justify;\">\n<li>Un aparcadero municipal, espacio muy sentido y solicitado por el gremio de transporte, lugar donde se pueda ordenar la entrada y salida de camiones y que logre dar un ordenamiento integral de los camiones de carga mayor.<\/li>\n<\/ul>\n<ul style=\"text-align: justify;\">\n<li>En la comuna de Cochrane existen muchos comit\u00e9s de viviendas los cuales esperan su ansiada casa nueva, desde el 2020 ning\u00fan otro comit\u00e9 de vivienda ha llegado a ser construido, la entidad patrocinante solo ha destinado el personal profesional para resolver problemas de mejoramientos y algunos CSR de habitabilidad rural,<\/li>\n<\/ul>\n<ul style=\"text-align: justify;\">\n<li>La gran mayor\u00eda de los sectores rurales no cuentan con la presencia del edil para ver las necesidades de los pobladores, esto sin dejar de mencionar los sectores donde acude con normalidad como son rio Neff \u2013 Mait\u00e9n, olvidando tantos requerimientos que existen en otros lugares donde en su momento hubo promesas y claramente y que al asumir no fueron concretadas.<\/li>\n<\/ul>\n<ul style=\"text-align: justify;\">\n<li>Desde que el actual edil asumi\u00f3 en el a\u00f1o 2021 no ha sido capaz de enfrentar una problem\u00e1tica tan grande como son los saneamientos rurales, donde las familias del sector rural puedan tener una soluci\u00f3n de agua potable y alcantarillado propio, nuevamente una terrible gesti\u00f3n.<\/li>\n<\/ul>\n<ul style=\"text-align: justify;\">\n<li>Muy poco son los espacios que est\u00e1n quedando en el cementerio municipal de la comuna, esto tampoco ha sido abordado por la actual administraci\u00f3n y tampoco se visualiza un avance en la destinaci\u00f3n de los difuntos de la tierra del Baker.<\/li>\n<\/ul>\n<ul style=\"text-align: justify;\">\n<li>Si bien el tema de los caminos intraprediales ha sido abordado por Indap desde el ministerio de agricultura, las gestiones del alcalde de Cochrane han sido nulas para que desde el gobierno regional se avance con este tan necesario programa.<\/li>\n<\/ul>\n<p style=\"text-align: justify;\">Esto por nombrar algunas deficiencias que a corto plazo se pudiesen gestionar.<\/p>\n<p style=\"text-align: justify;\">Aterrizando en la actualidad hace varios meses concejales de la comuna cuestionan y denuncian al edil por posible falta a la probidad administrativa, en un acto propio de la funci\u00f3n, esto a trav\u00e9s de una \u00a0presentaci\u00f3n ante la Contralor\u00eda Regional de la Rep\u00fablica, a fin de que la entidad inicie una investigaci\u00f3n sumaria para determinar una eventual falta a la probidad administrativa que afectar\u00eda al alcalde de la comuna, esto por una suma considerable de alrededor de 5 millones de pesos aproximadamente.<\/p>\n<p style=\"text-align: justify;\">Sumarle a esto que en el a\u00f1o 2017 cuando ejerc\u00eda como funcionario de Senama, el actual edil fue multado con una privaci\u00f3n de un cinco por ciento de su remuneraci\u00f3n mensual, dejando constancia en su hoja de vida de dicha sanci\u00f3n impuesta mediante anotaci\u00f3n de demerito.<\/p>\n<p style=\"text-align: justify;\">Preocupante es la situaci\u00f3n y el futuro de la comuna de Cochrane a tan pocos meses de finalizar el periodo del actual edil, indicar que las localidades no solo viven y se desarrollan pensando en solicitudes de maquinarias, pantallas de difusi\u00f3n, y en satisfacer los gustos personales como desarrollar actividades deportivas masivas y repetitivas para la comuna.<\/p>\n<\/div><\/section><\/div><\/p>\n<div  style='height:50px' class='hr hr-invisible   avia-builder-el-6  el_after_av_one_full  el_before_av_social_share '><span class='hr-inner ' ><span class='hr-inner-style'><\/span><\/span><\/div>\n<div  class='av-social-sharing-box  avia-builder-el-7  el_after_av_hr  el_before_av_hr  '><div class='av-share-box'><h5 class='av-share-link-description av-no-toc '>Compartir esta noticia<\/h5><ul class='av-share-box-list noLightbox'><li class='av-share-link av-social-link-facebook' ><a target=\"_blank\" aria-label=\"Compartir en Facebook\" href='https:\/\/www.facebook.com\/sharer.php?u=https:\/\/radiorevelacionfm.cl\/?p=41966&#038;t=Cochrane%20sin%20grandes%20obras%20para%20generaci%C3%B3n%20de%20empleo%3A%20Profesionales%20j%C3%B3venes%20sin%20trabajo%2C%20abandono%20del%20sector%20rural%20y%20comunidad%20en%20general' aria-hidden='false' data-av_icon='\ue8f3' data-av_iconfont='entypo-fontello' title='' data-avia-related-tooltip='Compartir en Facebook' rel=\"noopener\"><span class='avia_hidden_link_text'>Compartir en Facebook<\/span><\/a><\/li><li class='av-share-link av-social-link-twitter' ><a target=\"_blank\" aria-label=\"Compartir en Twitter\" href='https:\/\/twitter.com\/share?text=Cochrane%20sin%20grandes%20obras%20para%20generaci%C3%B3n%20de%20empleo%3A%20Profesionales%20j%C3%B3venes%20sin%20trabajo%2C%20abandono%20del%20sector%20rural%20y%20comunidad%20en%20general&#038;url=https:\/\/radiorevelacionfm.cl\/?p=41966' aria-hidden='false' data-av_icon='\ue8f1' data-av_iconfont='entypo-fontello' title='' data-avia-related-tooltip='Compartir en Twitter' rel=\"noopener\"><span class='avia_hidden_link_text'>Compartir en Twitter<\/span><\/a><\/li><li class='av-share-link av-social-link-whatsapp' ><a target=\"_blank\" aria-label=\"Compartir en Whatsapp\" href='https:\/\/api.whatsapp.com\/send?text=https:\/\/radiorevelacionfm.cl\/?p=41966' aria-hidden='false' data-av_icon='\uf232' data-av_iconfont='entypo-fontello' title='' data-avia-related-tooltip='Compartir en Whatsapp' rel=\"noopener\"><span class='avia_hidden_link_text'>Compartir en Whatsapp<\/span><\/a><\/li><li class='av-share-link av-social-link-linkedin' ><a target=\"_blank\" aria-label=\"Compartir en LinkedIn\" href='https:\/\/linkedin.com\/shareArticle?mini=true&#038;title=Cochrane%20sin%20grandes%20obras%20para%20generaci%C3%B3n%20de%20empleo%3A%20Profesionales%20j%C3%B3venes%20sin%20trabajo%2C%20abandono%20del%20sector%20rural%20y%20comunidad%20en%20general&#038;url=https:\/\/radiorevelacionfm.cl\/?p=41966' aria-hidden='false' data-av_icon='\ue8fc' data-av_iconfont='entypo-fontello' title='' data-avia-related-tooltip='Compartir en LinkedIn' rel=\"noopener\"><span class='avia_hidden_link_text'>Compartir en LinkedIn<\/span><\/a><\/li><li class='av-share-link av-social-link-mail' ><a  aria-label=\"Compartir por correo\" href='mailto:?subject=Cochrane%20sin%20grandes%20obras%20para%20generaci%C3%B3n%20de%20empleo%3A%20Profesionales%20j%C3%B3venes%20sin%20trabajo%2C%20abandono%20del%20sector%20rural%20y%20comunidad%20en%20general&#038;body=https:\/\/radiorevelacionfm.cl\/?p=41966' aria-hidden='false' data-av_icon='\ue805' data-av_iconfont='entypo-fontello' title='' data-avia-related-tooltip='Compartir por correo'><span class='avia_hidden_link_text'>Compartir por correo<\/span><\/a><\/li><\/ul><\/div><\/div>\n<div  style='height:50px' class='hr hr-invisible   avia-builder-el-8  el_after_av_social_share  el_before_av_comments_list '><span class='hr-inner ' ><span class='hr-inner-style'><\/span><\/span><\/div>\n<div  class='av-buildercomment  av-blog-meta-html-info-disabled av-blog-meta-tag-disabled  '><\/div>\n","protected":false},"excerpt":{"rendered":"","protected":false},"author":1,"featured_media":41967,"comment_status":"open","ping_status":"open","sticky":false,"template":"","format":"standard","meta":{"footnotes":""},"categories":[38],"tags":[],"class_list":["post-41966","post","type-post","status-publish","format-standard","has-post-thumbnail","hentry","category-regional"],"jetpack_featured_media_url":"https:\/\/radiorevelacionfm.cl\/wp-content\/uploads\/2024\/05\/4.-1-1.jpg","_links":{"self":[{"href":"https:\/\/radiorevelacionfm.cl\/index.php?rest_route=\/wp\/v2\/posts\/41966","targetHints":{"allow":["GET"]}}],"collection":[{"href":"https:\/\/radiorevelacionfm.cl\/index.php?rest_route=\/wp\/v2\/posts"}],"about":[{"href":"https:\/\/radiorevelacionfm.cl\/index.php?rest_route=\/wp\/v2\/types\/post"}],"author":[{"embeddable":true,"href":"https:\/\/radiorevelacionfm.cl\/index.php?rest_route=\/wp\/v2\/users\/1"}],"replies":[{"embeddable":true,"href":"https:\/\/radiorevelacionfm.cl\/index.php?rest_route=%2Fwp%2Fv2%2Fcomments&post=41966"}],"version-history":[{"count":2,"href":"https:\/\/radiorevelacionfm.cl\/index.php?rest_route=\/wp\/v2\/posts\/41966\/revisions"}],"predecessor-version":[{"id":42012,"href":"https:\/\/radiorevelacionfm.cl\/index.php?rest_route=\/wp\/v2\/posts\/41966\/revisions\/42012"}],"wp:featuredmedia":[{"embeddable":true,"href":"https:\/\/radiorevelacionfm.cl\/index.php?rest_route=\/wp\/v2\/media\/41967"}],"wp:attachment":[{"href":"https:\/\/radiorevelacionfm.cl\/index.php?rest_route=%2Fwp%2Fv2%2Fmedia&parent=41966"}],"wp:term":[{"taxonomy":"category","embeddable":true,"href":"https:\/\/radiorevelacionfm.cl\/index.php?rest_route=%2Fwp%2Fv2%2Fcategories&post=41966"},{"taxonomy":"post_tag","embeddable":true,"href":"https:\/\/radiorevelacionfm.cl\/index.php?rest_route=%2Fwp%2Fv2%2Ftags&post=41966"}],"curies":[{"name":"wp","href":"https:\/\/api.w.org\/{rel}","templated":true}]}}