{"id":41963,"date":"2024-05-10T11:25:30","date_gmt":"2024-05-10T14:25:30","guid":{"rendered":"https:\/\/radiorevelacionfm.cl\/?p=41963"},"modified":"2024-05-10T11:25:30","modified_gmt":"2024-05-10T14:25:30","slug":"corte-de-coyhaique-invita-a-charla-coloquios-juridicos-en-otono","status":"publish","type":"post","link":"https:\/\/radiorevelacionfm.cl\/?p=41963","title":{"rendered":"Corte de Coyhaique invita a charla \u00abColoquios Jur\u00eddicos en Oto\u00f1o\u00bb"},"content":{"rendered":"<div class=\"flex_column av_one_full  flex_column_div av-zero-column-padding first  avia-builder-el-0  el_before_av_one_full  avia-builder-el-first  \" style='border-radius:0px; '><div  class='avia-image-container  av-styling-    avia-builder-el-1  avia-builder-el-no-sibling  avia-align-center '  itemprop=\"image\" itemscope=\"itemscope\" itemtype=\"https:\/\/schema.org\/ImageObject\"  ><div class='avia-image-container-inner'><div class='avia-image-overlay-wrap'><img decoding=\"async\" class='wp-image-41964 avia-img-lazy-loading-not-41964 avia_image' src=\"https:\/\/radiorevelacionfm.cl\/wp-content\/uploads\/2024\/05\/afiche-coloquios-juridicos-en-otoNo-1_optimized.jpg\" alt='' title='afiche-coloquios-juridicos-en-oto\u00d1o - (1)_optimized' height=\"1000\" width=\"800\"  itemprop=\"thumbnailUrl\" srcset=\"https:\/\/radiorevelacionfm.cl\/wp-content\/uploads\/2024\/05\/afiche-coloquios-juridicos-en-otoNo-1_optimized.jpg 800w, https:\/\/radiorevelacionfm.cl\/wp-content\/uploads\/2024\/05\/afiche-coloquios-juridicos-en-otoNo-1_optimized-240x300.jpg 240w, https:\/\/radiorevelacionfm.cl\/wp-content\/uploads\/2024\/05\/afiche-coloquios-juridicos-en-otoNo-1_optimized-768x960.jpg 768w, https:\/\/radiorevelacionfm.cl\/wp-content\/uploads\/2024\/05\/afiche-coloquios-juridicos-en-otoNo-1_optimized-564x705.jpg 564w, https:\/\/radiorevelacionfm.cl\/wp-content\/uploads\/2024\/05\/afiche-coloquios-juridicos-en-otoNo-1_optimized-450x563.jpg 450w, https:\/\/radiorevelacionfm.cl\/wp-content\/uploads\/2024\/05\/afiche-coloquios-juridicos-en-otoNo-1_optimized-600x750.jpg 600w\" sizes=\"(max-width: 800px) 100vw, 800px\" \/><\/div><\/div><\/div><\/div><div class=\"flex_column av_one_full  flex_column_div av-zero-column-padding first  avia-builder-el-2  el_after_av_one_full  el_before_av_one_full  column-top-margin\" style='border-radius:0px; '><section class=\"av_textblock_section \"  itemscope=\"itemscope\" itemtype=\"https:\/\/schema.org\/BlogPosting\" itemprop=\"blogPost\" ><div class='avia_textblock  '   itemprop=\"text\" ><p style=\"text-align: center;\"><span style=\"font-size: 18pt;\"><b>Corte de Coyhaique invita a charla \u00abColoquios Jur\u00eddicos en Oto\u00f1o\u00bb<\/b><\/span><\/p>\n<div id=\"gtx-trans\" style=\"position: absolute; left: -50px; top: 4.31534px;\">\n<div class=\"gtx-trans-icon\"><\/div>\n<\/div>\n<\/div><\/section><\/div><div class=\"flex_column av_one_full  flex_column_div av-zero-column-padding first  avia-builder-el-4  el_after_av_one_full  el_before_av_hr  column-top-margin\" style='border-radius:0px; '><section class=\"av_textblock_section \"  itemscope=\"itemscope\" itemtype=\"https:\/\/schema.org\/BlogPosting\" itemprop=\"blogPost\" ><div class='avia_textblock  '   itemprop=\"text\" ><p class=\"v1MsoNormal\" style=\"text-align: justify;\">La Corte de Apelaciones de Coyhaique, en conjunto con la Asociaci\u00f3n Regional de Magistradas y Magistrados, y la Asociaci\u00f3n Regional de Notarios y Conservadores, invitan a la comunidad jur\u00eddica de la Regi\u00f3n de Ays\u00e9n y de Magallanes a participar de la charla \u00abColoquios Jur\u00eddicos en Oto\u00f1o\u00bb.<\/p>\n<p class=\"v1MsoNormal\" style=\"text-align: justify;\">Instancia que se desarrollar\u00e1 a las 17:00 horas del pr\u00f3ximo viernes 17 de mayo a trav\u00e9s de la modalidad presencial y telem\u00e1tica, y tendr\u00e1 3 exposiciones por parte de profesores del Departamento de Derecho Privado de la Escuela de Derecho de la Universidad de Concepci\u00f3n.<\/p>\n<p class=\"v1MsoNormal\" style=\"text-align: justify;\">En este sentido, el presidente del tribunal de alzada, ministro Luis Aedo Mora, sostuvo que: \u00aben el marco de la iniciativa de concretar una mejora continua en la labor de nuestra judicatura y de acercar el conocimiento de temas de actualidad jur\u00eddica a los distintos operadores del \u00e1rea en nuestra zona austral, con el patrocinio conjunto de la Asociaci\u00f3n Regional de Magistrados de Ays\u00e9n y la Asociaci\u00f3n de Notarios y Conservadores de Bienes Ra\u00edces de nuestra jurisdicci\u00f3n, cordialmente les invitamos a ser part\u00edcipes de esta primera actividad acad\u00e9mica, orientada a capacitarnos y a demostrar que la distancia geogr\u00e1fica no es un l\u00edmite para desarrollarnos y construir conocimiento, en beneficio de nuestra comunidad. Esperamos vuestro inter\u00e9s y participaci\u00f3n activa, en el contexto de estos coloquios australes que inauguramos en la presente estaci\u00f3n oto\u00f1al y que hemos hecho extensiva con fraternal afecto hacia nuestros colegas de Magallanes\u00bb.<\/p>\n<p class=\"v1MsoNormal\" style=\"text-align: justify;\">Las presentaciones estar\u00e1n a cargo del profesor Andr\u00e9s Kuncar Oneto con la charla: \u00a0\u00abObligaciones con pluralidad de sujetos pasivos. Panorama actual\u00bb. En tanto, el profesor Manuel Barr\u00eda Paredes, presentar\u00e1: \u00abLas agresiones al sistema de asignaciones forzosas en Chile\u00bb, y finalmente, el Profesor Pedro Hidalgo Sarzosa, expondr\u00e1 \u00abAlgunos problemas de la pr\u00e1ctica registral y las omisiones de la actual reforma\u00bb.<\/p>\n<p class=\"v1MsoNormal\" style=\"text-align: justify;\">Las inscripciones para ser parte de esta instancia de an\u00e1lisis y conversaci\u00f3n son al correo electr\u00f3nico\u00a0<a href=\"mailto:coloquios.coyhaique@gmail.com\" rel=\"noreferrer\">coloquios.coyhaique@gmail.com<\/a>\u00a0(Al inscribirse se compartir\u00e1 ID de Zoom para conexi\u00f3n). En tanto, para quienes participen de forma presencial habr\u00e1 un cupo limitado de 40 participantes.<\/p>\n<\/div><\/section><\/div><div  style='height:50px' class='hr hr-invisible   avia-builder-el-6  el_after_av_one_full  el_before_av_social_share '><span class='hr-inner ' ><span class='hr-inner-style'><\/span><\/span><\/div><\/p>\n<div  class='av-social-sharing-box  avia-builder-el-7  el_after_av_hr  el_before_av_hr  '><div class='av-share-box'><h5 class='av-share-link-description av-no-toc '>Compartir esta noticia<\/h5><ul class='av-share-box-list noLightbox'><li class='av-share-link av-social-link-facebook' ><a target=\"_blank\" aria-label=\"Compartir en Facebook\" href='https:\/\/www.facebook.com\/sharer.php?u=https:\/\/radiorevelacionfm.cl\/?p=41963&#038;t=Corte%20de%20Coyhaique%20invita%20a%20charla%20%C2%ABColoquios%20Jur%C3%ADdicos%20en%20Oto%C3%B1o%C2%BB' aria-hidden='false' data-av_icon='\ue8f3' data-av_iconfont='entypo-fontello' title='' data-avia-related-tooltip='Compartir en Facebook' rel=\"noopener\"><span class='avia_hidden_link_text'>Compartir en Facebook<\/span><\/a><\/li><li class='av-share-link av-social-link-twitter' ><a target=\"_blank\" aria-label=\"Compartir en Twitter\" href='https:\/\/twitter.com\/share?text=Corte%20de%20Coyhaique%20invita%20a%20charla%20%C2%ABColoquios%20Jur%C3%ADdicos%20en%20Oto%C3%B1o%C2%BB&#038;url=https:\/\/radiorevelacionfm.cl\/?p=41963' aria-hidden='false' data-av_icon='\ue8f1' data-av_iconfont='entypo-fontello' title='' data-avia-related-tooltip='Compartir en Twitter' rel=\"noopener\"><span class='avia_hidden_link_text'>Compartir en Twitter<\/span><\/a><\/li><li class='av-share-link av-social-link-whatsapp' ><a target=\"_blank\" aria-label=\"Compartir en Whatsapp\" href='https:\/\/api.whatsapp.com\/send?text=https:\/\/radiorevelacionfm.cl\/?p=41963' aria-hidden='false' data-av_icon='\uf232' data-av_iconfont='entypo-fontello' title='' data-avia-related-tooltip='Compartir en Whatsapp' rel=\"noopener\"><span class='avia_hidden_link_text'>Compartir en Whatsapp<\/span><\/a><\/li><li class='av-share-link av-social-link-linkedin' ><a target=\"_blank\" aria-label=\"Compartir en LinkedIn\" href='https:\/\/linkedin.com\/shareArticle?mini=true&#038;title=Corte%20de%20Coyhaique%20invita%20a%20charla%20%C2%ABColoquios%20Jur%C3%ADdicos%20en%20Oto%C3%B1o%C2%BB&#038;url=https:\/\/radiorevelacionfm.cl\/?p=41963' aria-hidden='false' data-av_icon='\ue8fc' data-av_iconfont='entypo-fontello' title='' data-avia-related-tooltip='Compartir en LinkedIn' rel=\"noopener\"><span class='avia_hidden_link_text'>Compartir en LinkedIn<\/span><\/a><\/li><li class='av-share-link av-social-link-mail' ><a  aria-label=\"Compartir por correo\" href='mailto:?subject=Corte%20de%20Coyhaique%20invita%20a%20charla%20%C2%ABColoquios%20Jur%C3%ADdicos%20en%20Oto%C3%B1o%C2%BB&#038;body=https:\/\/radiorevelacionfm.cl\/?p=41963' aria-hidden='false' data-av_icon='\ue805' data-av_iconfont='entypo-fontello' title='' data-avia-related-tooltip='Compartir por correo'><span class='avia_hidden_link_text'>Compartir por correo<\/span><\/a><\/li><\/ul><\/div><\/div>\n<div  style='height:50px' class='hr hr-invisible   avia-builder-el-8  el_after_av_social_share  el_before_av_comments_list '><span class='hr-inner ' ><span class='hr-inner-style'><\/span><\/span><\/div>\n<div  class='av-buildercomment  av-blog-meta-html-info-disabled av-blog-meta-tag-disabled  '><\/div>\n","protected":false},"excerpt":{"rendered":"","protected":false},"author":1,"featured_media":41964,"comment_status":"open","ping_status":"open","sticky":false,"template":"","format":"standard","meta":{"footnotes":""},"categories":[55],"tags":[],"class_list":["post-41963","post","type-post","status-publish","format-standard","has-post-thumbnail","hentry","category-justicia"],"jetpack_featured_media_url":"https:\/\/radiorevelacionfm.cl\/wp-content\/uploads\/2024\/05\/afiche-coloquios-juridicos-en-otoNo-1_optimized.jpg","_links":{"self":[{"href":"https:\/\/radiorevelacionfm.cl\/index.php?rest_route=\/wp\/v2\/posts\/41963","targetHints":{"allow":["GET"]}}],"collection":[{"href":"https:\/\/radiorevelacionfm.cl\/index.php?rest_route=\/wp\/v2\/posts"}],"about":[{"href":"https:\/\/radiorevelacionfm.cl\/index.php?rest_route=\/wp\/v2\/types\/post"}],"author":[{"embeddable":true,"href":"https:\/\/radiorevelacionfm.cl\/index.php?rest_route=\/wp\/v2\/users\/1"}],"replies":[{"embeddable":true,"href":"https:\/\/radiorevelacionfm.cl\/index.php?rest_route=%2Fwp%2Fv2%2Fcomments&post=41963"}],"version-history":[{"count":1,"href":"https:\/\/radiorevelacionfm.cl\/index.php?rest_route=\/wp\/v2\/posts\/41963\/revisions"}],"predecessor-version":[{"id":41965,"href":"https:\/\/radiorevelacionfm.cl\/index.php?rest_route=\/wp\/v2\/posts\/41963\/revisions\/41965"}],"wp:featuredmedia":[{"embeddable":true,"href":"https:\/\/radiorevelacionfm.cl\/index.php?rest_route=\/wp\/v2\/media\/41964"}],"wp:attachment":[{"href":"https:\/\/radiorevelacionfm.cl\/index.php?rest_route=%2Fwp%2Fv2%2Fmedia&parent=41963"}],"wp:term":[{"taxonomy":"category","embeddable":true,"href":"https:\/\/radiorevelacionfm.cl\/index.php?rest_route=%2Fwp%2Fv2%2Fcategories&post=41963"},{"taxonomy":"post_tag","embeddable":true,"href":"https:\/\/radiorevelacionfm.cl\/index.php?rest_route=%2Fwp%2Fv2%2Ftags&post=41963"}],"curies":[{"name":"wp","href":"https:\/\/api.w.org\/{rel}","templated":true}]}}