{"id":41960,"date":"2024-05-07T15:59:27","date_gmt":"2024-05-07T18:59:27","guid":{"rendered":"https:\/\/radiorevelacionfm.cl\/?p=41960"},"modified":"2024-05-07T15:59:27","modified_gmt":"2024-05-07T18:59:27","slug":"coyhaique-cuenta-con-nuevo-monumento-al-cacique-mulato","status":"publish","type":"post","link":"https:\/\/radiorevelacionfm.cl\/?p=41960","title":{"rendered":"Coyhaique cuenta con nuevo monumento al Cacique Mulato"},"content":{"rendered":"<div class=\"flex_column av_one_full  flex_column_div av-zero-column-padding first  avia-builder-el-0  el_before_av_one_full  avia-builder-el-first  \" style='border-radius:0px; '><div  class='avia-image-container  av-styling-    avia-builder-el-1  avia-builder-el-no-sibling  avia-align-center '  itemprop=\"image\" itemscope=\"itemscope\" itemtype=\"https:\/\/schema.org\/ImageObject\"  ><div class='avia-image-container-inner'><div class='avia-image-overlay-wrap'><img decoding=\"async\" class='wp-image-41961 avia-img-lazy-loading-not-41961 avia_image' src=\"https:\/\/radiorevelacionfm.cl\/wp-content\/uploads\/2024\/05\/fondart-cacique-mulato1-1-1.jpg\" alt='' title='fondart cacique mulato1 (1) (1)' height=\"600\" width=\"899\"  itemprop=\"thumbnailUrl\" srcset=\"https:\/\/radiorevelacionfm.cl\/wp-content\/uploads\/2024\/05\/fondart-cacique-mulato1-1-1.jpg 899w, https:\/\/radiorevelacionfm.cl\/wp-content\/uploads\/2024\/05\/fondart-cacique-mulato1-1-1-300x200.jpg 300w, https:\/\/radiorevelacionfm.cl\/wp-content\/uploads\/2024\/05\/fondart-cacique-mulato1-1-1-768x513.jpg 768w, https:\/\/radiorevelacionfm.cl\/wp-content\/uploads\/2024\/05\/fondart-cacique-mulato1-1-1-705x471.jpg 705w, https:\/\/radiorevelacionfm.cl\/wp-content\/uploads\/2024\/05\/fondart-cacique-mulato1-1-1-450x300.jpg 450w, https:\/\/radiorevelacionfm.cl\/wp-content\/uploads\/2024\/05\/fondart-cacique-mulato1-1-1-600x400.jpg 600w\" sizes=\"(max-width: 899px) 100vw, 899px\" \/><\/div><\/div><\/div><\/div><div class=\"flex_column av_one_full  flex_column_div av-zero-column-padding first  avia-builder-el-2  el_after_av_one_full  el_before_av_one_full  column-top-margin\" style='border-radius:0px; '><section class=\"av_textblock_section \"  itemscope=\"itemscope\" itemtype=\"https:\/\/schema.org\/BlogPosting\" itemprop=\"blogPost\" ><div class='avia_textblock  '   itemprop=\"text\" ><p style=\"text-align: center;\"><span style=\"font-size: 18pt;\"><b>Coyhaique cuenta con nuevo monumento al Cacique Mulato<\/b><\/span><\/p>\n<div id=\"gtx-trans\" style=\"position: absolute; left: -50px; top: 4.31534px;\">\n<div class=\"gtx-trans-icon\"><\/div>\n<\/div>\n<\/div><\/section><\/div><div class=\"flex_column av_one_full  flex_column_div av-zero-column-padding first  avia-builder-el-4  el_after_av_one_full  el_before_av_hr  column-top-margin\" style='border-radius:0px; '><section class=\"av_textblock_section \"  itemscope=\"itemscope\" itemtype=\"https:\/\/schema.org\/BlogPosting\" itemprop=\"blogPost\" ><div class='avia_textblock  '   itemprop=\"text\" ><p style=\"text-align: justify;\">A fines del siglo XIX y hasta antes del genocidio contra los pueblos originarios del sur de Chile, poblaban la Patagonia los a\u00f3nikenk, tambi\u00e9n llamados tehuelches o patagones. El \u00faltimo gran jefe de los a\u00f3nikenk fue Chumjaluw\u00fcn, el Cacique Mulato fallecido en 1905, tras contagiarse de viruela en un viaje a Santiago, donde se entrevist\u00f3 con el presidente de la Rep\u00fablica, Germ\u00e1n Riesco, para solicitarle que dejara sin efecto la ley que traspasaba sus tierras a la Sociedad Explotadora de Tierra del Fuego. Toda su familia muri\u00f3 de la misma forma.<\/p>\n<p style=\"text-align: justify;\">Hoy, las historias del Cacique Mulato pueden palparse sobre lenga en mitad de la Carretera Austral en el bypass de Coyhaique, gracias al trabajo del escultor y artesano en madera Pedro B\u00f3rquez Paillacar, financiado por la l\u00ednea de Pueblos Originarios del Fondo de Desarrollo Cultural y las Artes del Ministerio de las Culturas.<\/p>\n<p style=\"text-align: justify;\">Pedro explica que para crear \u201cEl Recuerdo de una Historia Perdida\u201d compr\u00f3 unos troncos de lengua de 2,70 metros de longitud en un aserradero cercano a Coyhaique y los llev\u00f3 a su taller. Luego, parti\u00f3 el trabajo con motosierra y otras herramientas como Manpatools, innovadora tecnolog\u00eda coreana para este tipo de artesan\u00edas. Y gubias para el arte fino. El resultado son dos figuras de 2,5 metros de altura: una mano ind\u00edgena que apunta al cielo y el Cacique Mulato que observa desde las alturas del r\u00edo Simpson.<\/p>\n<p style=\"text-align: justify;\">La obra est\u00e1 instalada en el mirador del bypass, sobre cuatro platinas met\u00e1licas, apernada al cemento, tras la respectiva resoluci\u00f3n del Consejo de Monumentos Nacionales.<\/p>\n<p style=\"text-align: justify;\">El seremi de Culturas Ays\u00e9n, Felipe Quiroz, cree que \u201ces sumamente importante que proyectos de esta envergadura se adjudiquen recursos de la l\u00ednea de pueblos originarios del Fondart y le entreguen a las comunidades valiosos\u00a0 testimonios de la antigua historia del territorio, como es el caso del Cacique Mulato y la tragedia que lo sucedi\u00f3 con el exterminio de su pueblo y de otros pueblos originarios del sur de Am\u00e9rica. Que las vecinas y vecinos de Coyhaique, y los visitantes futuros puedan conocer a trav\u00e9s de la nobleza de la lenga la historia de nuestros ancestros Patagones nos muestra el camino por el que queremos transitar como ministerio y como Gobierno\u201d.<\/p>\n<p style=\"text-align: justify;\">El artesano Pedro B\u00f3rquez cuenta que \u201cuna obra de esta magnitud requiere m\u00e1s o menos un a\u00f1o de trabajo, porque ac\u00e1 no hay hornos industriales para secar este tipo de madera. Es una gran emoci\u00f3n y me cuesta dimensionarlo. Despu\u00e9s de que la instale he venido varias tardes a visitarla y a revisar. Me llena de orgullo y de satisfacci\u00f3n porque es mi primera obra de car\u00e1cter p\u00fablico y est\u00e1 instalada en mi ciudad natal\u201d.<\/p>\n<\/div><\/section><\/div><div  style='height:50px' class='hr hr-invisible   avia-builder-el-6  el_after_av_one_full  el_before_av_social_share '><span class='hr-inner ' ><span class='hr-inner-style'><\/span><\/span><\/div><\/p>\n<div  class='av-social-sharing-box  avia-builder-el-7  el_after_av_hr  el_before_av_hr  '><div class='av-share-box'><h5 class='av-share-link-description av-no-toc '>Compartir esta noticia<\/h5><ul class='av-share-box-list noLightbox'><li class='av-share-link av-social-link-facebook' ><a target=\"_blank\" aria-label=\"Compartir en Facebook\" href='https:\/\/www.facebook.com\/sharer.php?u=https:\/\/radiorevelacionfm.cl\/?p=41960&#038;t=Coyhaique%20cuenta%20con%20nuevo%20monumento%20al%20Cacique%20Mulato' aria-hidden='false' data-av_icon='\ue8f3' data-av_iconfont='entypo-fontello' title='' data-avia-related-tooltip='Compartir en Facebook' rel=\"noopener\"><span class='avia_hidden_link_text'>Compartir en Facebook<\/span><\/a><\/li><li class='av-share-link av-social-link-twitter' ><a target=\"_blank\" aria-label=\"Compartir en Twitter\" href='https:\/\/twitter.com\/share?text=Coyhaique%20cuenta%20con%20nuevo%20monumento%20al%20Cacique%20Mulato&#038;url=https:\/\/radiorevelacionfm.cl\/?p=41960' aria-hidden='false' data-av_icon='\ue8f1' data-av_iconfont='entypo-fontello' title='' data-avia-related-tooltip='Compartir en Twitter' rel=\"noopener\"><span class='avia_hidden_link_text'>Compartir en Twitter<\/span><\/a><\/li><li class='av-share-link av-social-link-whatsapp' ><a target=\"_blank\" aria-label=\"Compartir en Whatsapp\" href='https:\/\/api.whatsapp.com\/send?text=https:\/\/radiorevelacionfm.cl\/?p=41960' aria-hidden='false' data-av_icon='\uf232' data-av_iconfont='entypo-fontello' title='' data-avia-related-tooltip='Compartir en Whatsapp' rel=\"noopener\"><span class='avia_hidden_link_text'>Compartir en Whatsapp<\/span><\/a><\/li><li class='av-share-link av-social-link-linkedin' ><a target=\"_blank\" aria-label=\"Compartir en LinkedIn\" href='https:\/\/linkedin.com\/shareArticle?mini=true&#038;title=Coyhaique%20cuenta%20con%20nuevo%20monumento%20al%20Cacique%20Mulato&#038;url=https:\/\/radiorevelacionfm.cl\/?p=41960' aria-hidden='false' data-av_icon='\ue8fc' data-av_iconfont='entypo-fontello' title='' data-avia-related-tooltip='Compartir en LinkedIn' rel=\"noopener\"><span class='avia_hidden_link_text'>Compartir en LinkedIn<\/span><\/a><\/li><li class='av-share-link av-social-link-mail' ><a  aria-label=\"Compartir por correo\" href='mailto:?subject=Coyhaique%20cuenta%20con%20nuevo%20monumento%20al%20Cacique%20Mulato&#038;body=https:\/\/radiorevelacionfm.cl\/?p=41960' aria-hidden='false' data-av_icon='\ue805' data-av_iconfont='entypo-fontello' title='' data-avia-related-tooltip='Compartir por correo'><span class='avia_hidden_link_text'>Compartir por correo<\/span><\/a><\/li><\/ul><\/div><\/div>\n<div  style='height:50px' class='hr hr-invisible   avia-builder-el-8  el_after_av_social_share  el_before_av_comments_list '><span class='hr-inner ' ><span class='hr-inner-style'><\/span><\/span><\/div>\n<div  class='av-buildercomment  av-blog-meta-html-info-disabled av-blog-meta-tag-disabled  '><\/div>\n","protected":false},"excerpt":{"rendered":"","protected":false},"author":1,"featured_media":41961,"comment_status":"open","ping_status":"open","sticky":false,"template":"","format":"standard","meta":{"footnotes":""},"categories":[52],"tags":[],"class_list":["post-41960","post","type-post","status-publish","format-standard","has-post-thumbnail","hentry","category-cultura"],"jetpack_featured_media_url":"https:\/\/radiorevelacionfm.cl\/wp-content\/uploads\/2024\/05\/fondart-cacique-mulato1-1-1.jpg","_links":{"self":[{"href":"https:\/\/radiorevelacionfm.cl\/index.php?rest_route=\/wp\/v2\/posts\/41960","targetHints":{"allow":["GET"]}}],"collection":[{"href":"https:\/\/radiorevelacionfm.cl\/index.php?rest_route=\/wp\/v2\/posts"}],"about":[{"href":"https:\/\/radiorevelacionfm.cl\/index.php?rest_route=\/wp\/v2\/types\/post"}],"author":[{"embeddable":true,"href":"https:\/\/radiorevelacionfm.cl\/index.php?rest_route=\/wp\/v2\/users\/1"}],"replies":[{"embeddable":true,"href":"https:\/\/radiorevelacionfm.cl\/index.php?rest_route=%2Fwp%2Fv2%2Fcomments&post=41960"}],"version-history":[{"count":1,"href":"https:\/\/radiorevelacionfm.cl\/index.php?rest_route=\/wp\/v2\/posts\/41960\/revisions"}],"predecessor-version":[{"id":41962,"href":"https:\/\/radiorevelacionfm.cl\/index.php?rest_route=\/wp\/v2\/posts\/41960\/revisions\/41962"}],"wp:featuredmedia":[{"embeddable":true,"href":"https:\/\/radiorevelacionfm.cl\/index.php?rest_route=\/wp\/v2\/media\/41961"}],"wp:attachment":[{"href":"https:\/\/radiorevelacionfm.cl\/index.php?rest_route=%2Fwp%2Fv2%2Fmedia&parent=41960"}],"wp:term":[{"taxonomy":"category","embeddable":true,"href":"https:\/\/radiorevelacionfm.cl\/index.php?rest_route=%2Fwp%2Fv2%2Fcategories&post=41960"},{"taxonomy":"post_tag","embeddable":true,"href":"https:\/\/radiorevelacionfm.cl\/index.php?rest_route=%2Fwp%2Fv2%2Ftags&post=41960"}],"curies":[{"name":"wp","href":"https:\/\/api.w.org\/{rel}","templated":true}]}}