{"id":41957,"date":"2024-05-07T15:40:03","date_gmt":"2024-05-07T18:40:03","guid":{"rendered":"https:\/\/radiorevelacionfm.cl\/?p=41957"},"modified":"2024-05-07T15:40:03","modified_gmt":"2024-05-07T18:40:03","slug":"cinco-terrenos-fiscales-seran-entregados-en-concesion-para-ejecucion-de-importantes-proyectos","status":"publish","type":"post","link":"https:\/\/radiorevelacionfm.cl\/?p=41957","title":{"rendered":"Cinco terrenos fiscales ser\u00e1n entregados en concesi\u00f3n para ejecuci\u00f3n de importantes proyectos"},"content":{"rendered":"<div class=\"flex_column av_one_full  flex_column_div av-zero-column-padding first  avia-builder-el-0  el_before_av_one_full  avia-builder-el-first  \" style='border-radius:0px; '><div  class='avia-image-container  av-styling-    avia-builder-el-1  avia-builder-el-no-sibling  avia-align-center '  itemprop=\"image\" itemscope=\"itemscope\" itemtype=\"https:\/\/schema.org\/ImageObject\"  ><div class='avia-image-container-inner'><div class='avia-image-overlay-wrap'><img decoding=\"async\" class='wp-image-41958 avia-img-lazy-loading-not-41958 avia_image' src=\"https:\/\/radiorevelacionfm.cl\/wp-content\/uploads\/2024\/05\/WhatsApp-Image-2024-05-07-at-13.38.34-1-1.jpeg\" alt='' title='WhatsApp Image 2024-05-07 at 13.38.34 (1) (1)' height=\"612\" width=\"801\"  itemprop=\"thumbnailUrl\" srcset=\"https:\/\/radiorevelacionfm.cl\/wp-content\/uploads\/2024\/05\/WhatsApp-Image-2024-05-07-at-13.38.34-1-1.jpeg 801w, https:\/\/radiorevelacionfm.cl\/wp-content\/uploads\/2024\/05\/WhatsApp-Image-2024-05-07-at-13.38.34-1-1-300x229.jpeg 300w, https:\/\/radiorevelacionfm.cl\/wp-content\/uploads\/2024\/05\/WhatsApp-Image-2024-05-07-at-13.38.34-1-1-768x587.jpeg 768w, https:\/\/radiorevelacionfm.cl\/wp-content\/uploads\/2024\/05\/WhatsApp-Image-2024-05-07-at-13.38.34-1-1-705x539.jpeg 705w, https:\/\/radiorevelacionfm.cl\/wp-content\/uploads\/2024\/05\/WhatsApp-Image-2024-05-07-at-13.38.34-1-1-450x344.jpeg 450w, https:\/\/radiorevelacionfm.cl\/wp-content\/uploads\/2024\/05\/WhatsApp-Image-2024-05-07-at-13.38.34-1-1-600x458.jpeg 600w\" sizes=\"(max-width: 801px) 100vw, 801px\" \/><\/div><\/div><\/div><\/div><div class=\"flex_column av_one_full  flex_column_div av-zero-column-padding first  avia-builder-el-2  el_after_av_one_full  el_before_av_one_full  column-top-margin\" style='border-radius:0px; '><section class=\"av_textblock_section \"  itemscope=\"itemscope\" itemtype=\"https:\/\/schema.org\/BlogPosting\" itemprop=\"blogPost\" ><div class='avia_textblock  '   itemprop=\"text\" ><p style=\"text-align: center;\"><span style=\"font-size: 18pt;\"><strong>Cinco terrenos fiscales ser\u00e1n entregados en concesi\u00f3n para ejecuci\u00f3n de importantes proyectos <\/strong><\/span><\/p>\n<div id=\"gtx-trans\" style=\"position: absolute; left: -50px; top: 4.31534px;\">\n<div class=\"gtx-trans-icon\"><\/div>\n<\/div>\n<\/div><\/section><\/div><div class=\"flex_column av_one_full  flex_column_div av-zero-column-padding first  avia-builder-el-4  el_after_av_one_full  el_before_av_hr  column-top-margin\" style='border-radius:0px; '><section class=\"av_textblock_section \"  itemscope=\"itemscope\" itemtype=\"https:\/\/schema.org\/BlogPosting\" itemprop=\"blogPost\" ><div class='avia_textblock  '   itemprop=\"text\" ><p style=\"text-align: justify;\">En la reciente sesi\u00f3n del Consejo Regional de Ays\u00e9n, la Secretar\u00eda Regional Ministerial de Bienes Nacionales present\u00f3 cinco solicitudes de concesi\u00f3n de uso gratuito sobre terrenos fiscales emplazados en las comunas de Cochrane, O\u00b4Higgins y Ays\u00e9n. En la instancia se obtuvo la un\u00e1nime opini\u00f3n favorable de la gobernadora Andrea Mac\u00edas y de las y los consejeros regionales, lo que permite avanzar en las respectivas tramitaciones hacia la etapa de otorgamiento de la administraci\u00f3n de los inmuebles a las entidades postulantes.<\/p>\n<p style=\"text-align: justify;\">As\u00ed, la Seremi de Bienes Nacionales de Ays\u00e9n podr\u00e1 entregar en concesi\u00f3n a los municipios de las comunas antes mencionadas la administraci\u00f3n de inmuebles para concretar proyectos relevantes, como detall\u00f3 la autoridad regional, Irina Morend Valdebenito. \u201cComo Bienes Nacionales nos alegra que cinco concesiones de uso gratuito de terrenos fiscales recibieran la opini\u00f3n favorable del Consejo Regional de Ays\u00e9n. Las municipalidades de Cochrane, Ays\u00e9n y O\u00b4Higgins, podr\u00e1n administrar inmuebles fiscales para ejecutar proyectos relevantes para las comunidades. Queremos destacar que estas concesiones, permitir\u00e1n, por ejemplo, la construcci\u00f3n del segundo cuartel de bomberos, la multicancha de la poblaci\u00f3n Mirador y la plaza Paso Las Yeguas en Cochrane, iniciativas locales tremendamente importantes, tambi\u00e9n en O\u00b4Higgins permitir\u00e1 la construcci\u00f3n de la cancha de carreras y en el caso de Ays\u00e9n, la implementaci\u00f3n de la delegaci\u00f3n municipal en Villa Ma\u00f1ihuales. Todos, proyectos de infraestructura comunitaria principalmente\u201d, indic\u00f3 la seremi.<\/p>\n<p style=\"text-align: justify;\">Entre las herramientas de administraci\u00f3n de la propiedad fiscal, la concesi\u00f3n permite que tanto organizaciones sin fines de lucro como municipios puedan postular iniciativas sociales, deportivas y culturales. De esta forma, el Ministerio de Bienes Nacionales aporta al desarrollo del territorio aysenino. \u201cEn este segundo tiempo de nuestro Gobierno del Presidente Gabriel Boric, a trav\u00e9s del otorgamiento de concesiones de uso gratuito estamos consolidando iniciativas que son importantes para las comunidades en \u00e1mbitos de seguridad, deporte y cultura. Nuestro ministerio, el ministerio del territorio, como ha se\u00f1alado la ministra Sandoval, en la regi\u00f3n de Ays\u00e9n tiene un papel fundamental para consolidar proyectos de infraestructura p\u00fablica social que beneficia directamente a los habitantes de las localidades, especialmente, de localidades aisladas\u201d.<\/p>\n<p style=\"text-align: justify;\">Finalmente, Morend Valdebenito a\u00f1adi\u00f3 que las concesiones se asocian a proyectos, los cuales est\u00e1n sujetos a fiscalizaciones para garantizar el buen uso de la propiedad fiscal, que es de todos y todas.<\/p>\n<\/div><\/section><\/div><div  style='height:50px' class='hr hr-invisible   avia-builder-el-6  el_after_av_one_full  el_before_av_social_share '><span class='hr-inner ' ><span class='hr-inner-style'><\/span><\/span><\/div><\/p>\n<div  class='av-social-sharing-box  avia-builder-el-7  el_after_av_hr  el_before_av_hr  '><div class='av-share-box'><h5 class='av-share-link-description av-no-toc '>Compartir esta noticia<\/h5><ul class='av-share-box-list noLightbox'><li class='av-share-link av-social-link-facebook' ><a target=\"_blank\" aria-label=\"Compartir en Facebook\" href='https:\/\/www.facebook.com\/sharer.php?u=https:\/\/radiorevelacionfm.cl\/?p=41957&#038;t=Cinco%20terrenos%20fiscales%20ser%C3%A1n%20entregados%20en%20concesi%C3%B3n%20para%20ejecuci%C3%B3n%20de%20importantes%20proyectos' aria-hidden='false' data-av_icon='\ue8f3' data-av_iconfont='entypo-fontello' title='' data-avia-related-tooltip='Compartir en Facebook' rel=\"noopener\"><span class='avia_hidden_link_text'>Compartir en Facebook<\/span><\/a><\/li><li class='av-share-link av-social-link-twitter' ><a target=\"_blank\" aria-label=\"Compartir en Twitter\" href='https:\/\/twitter.com\/share?text=Cinco%20terrenos%20fiscales%20ser%C3%A1n%20entregados%20en%20concesi%C3%B3n%20para%20ejecuci%C3%B3n%20de%20importantes%20proyectos&#038;url=https:\/\/radiorevelacionfm.cl\/?p=41957' aria-hidden='false' data-av_icon='\ue8f1' data-av_iconfont='entypo-fontello' title='' data-avia-related-tooltip='Compartir en Twitter' rel=\"noopener\"><span class='avia_hidden_link_text'>Compartir en Twitter<\/span><\/a><\/li><li class='av-share-link av-social-link-whatsapp' ><a target=\"_blank\" aria-label=\"Compartir en Whatsapp\" href='https:\/\/api.whatsapp.com\/send?text=https:\/\/radiorevelacionfm.cl\/?p=41957' aria-hidden='false' data-av_icon='\uf232' data-av_iconfont='entypo-fontello' title='' data-avia-related-tooltip='Compartir en Whatsapp' rel=\"noopener\"><span class='avia_hidden_link_text'>Compartir en Whatsapp<\/span><\/a><\/li><li class='av-share-link av-social-link-linkedin' ><a target=\"_blank\" aria-label=\"Compartir en LinkedIn\" href='https:\/\/linkedin.com\/shareArticle?mini=true&#038;title=Cinco%20terrenos%20fiscales%20ser%C3%A1n%20entregados%20en%20concesi%C3%B3n%20para%20ejecuci%C3%B3n%20de%20importantes%20proyectos&#038;url=https:\/\/radiorevelacionfm.cl\/?p=41957' aria-hidden='false' data-av_icon='\ue8fc' data-av_iconfont='entypo-fontello' title='' data-avia-related-tooltip='Compartir en LinkedIn' rel=\"noopener\"><span class='avia_hidden_link_text'>Compartir en LinkedIn<\/span><\/a><\/li><li class='av-share-link av-social-link-mail' ><a  aria-label=\"Compartir por correo\" href='mailto:?subject=Cinco%20terrenos%20fiscales%20ser%C3%A1n%20entregados%20en%20concesi%C3%B3n%20para%20ejecuci%C3%B3n%20de%20importantes%20proyectos&#038;body=https:\/\/radiorevelacionfm.cl\/?p=41957' aria-hidden='false' data-av_icon='\ue805' data-av_iconfont='entypo-fontello' title='' data-avia-related-tooltip='Compartir por correo'><span class='avia_hidden_link_text'>Compartir por correo<\/span><\/a><\/li><\/ul><\/div><\/div>\n<div  style='height:50px' class='hr hr-invisible   avia-builder-el-8  el_after_av_social_share  el_before_av_comments_list '><span class='hr-inner ' ><span class='hr-inner-style'><\/span><\/span><\/div>\n<div  class='av-buildercomment  av-blog-meta-html-info-disabled av-blog-meta-tag-disabled  '><\/div>\n","protected":false},"excerpt":{"rendered":"","protected":false},"author":1,"featured_media":41958,"comment_status":"open","ping_status":"open","sticky":false,"template":"","format":"standard","meta":{"footnotes":""},"categories":[38],"tags":[],"class_list":["post-41957","post","type-post","status-publish","format-standard","has-post-thumbnail","hentry","category-regional"],"jetpack_featured_media_url":"https:\/\/radiorevelacionfm.cl\/wp-content\/uploads\/2024\/05\/WhatsApp-Image-2024-05-07-at-13.38.34-1-1.jpeg","_links":{"self":[{"href":"https:\/\/radiorevelacionfm.cl\/index.php?rest_route=\/wp\/v2\/posts\/41957","targetHints":{"allow":["GET"]}}],"collection":[{"href":"https:\/\/radiorevelacionfm.cl\/index.php?rest_route=\/wp\/v2\/posts"}],"about":[{"href":"https:\/\/radiorevelacionfm.cl\/index.php?rest_route=\/wp\/v2\/types\/post"}],"author":[{"embeddable":true,"href":"https:\/\/radiorevelacionfm.cl\/index.php?rest_route=\/wp\/v2\/users\/1"}],"replies":[{"embeddable":true,"href":"https:\/\/radiorevelacionfm.cl\/index.php?rest_route=%2Fwp%2Fv2%2Fcomments&post=41957"}],"version-history":[{"count":1,"href":"https:\/\/radiorevelacionfm.cl\/index.php?rest_route=\/wp\/v2\/posts\/41957\/revisions"}],"predecessor-version":[{"id":41959,"href":"https:\/\/radiorevelacionfm.cl\/index.php?rest_route=\/wp\/v2\/posts\/41957\/revisions\/41959"}],"wp:featuredmedia":[{"embeddable":true,"href":"https:\/\/radiorevelacionfm.cl\/index.php?rest_route=\/wp\/v2\/media\/41958"}],"wp:attachment":[{"href":"https:\/\/radiorevelacionfm.cl\/index.php?rest_route=%2Fwp%2Fv2%2Fmedia&parent=41957"}],"wp:term":[{"taxonomy":"category","embeddable":true,"href":"https:\/\/radiorevelacionfm.cl\/index.php?rest_route=%2Fwp%2Fv2%2Fcategories&post=41957"},{"taxonomy":"post_tag","embeddable":true,"href":"https:\/\/radiorevelacionfm.cl\/index.php?rest_route=%2Fwp%2Fv2%2Ftags&post=41957"}],"curies":[{"name":"wp","href":"https:\/\/api.w.org\/{rel}","templated":true}]}}