{"id":41954,"date":"2024-05-07T11:44:20","date_gmt":"2024-05-07T14:44:20","guid":{"rendered":"https:\/\/radiorevelacionfm.cl\/?p=41954"},"modified":"2024-05-07T11:44:20","modified_gmt":"2024-05-07T14:44:20","slug":"estudiantes-del-liceo-politecnico-a-1-de-puerto-aysen-obtienen-el-2-lugar-en-concurso-internacional-mars-innovation-challenge","status":"publish","type":"post","link":"https:\/\/radiorevelacionfm.cl\/?p=41954","title":{"rendered":"Estudiantes del Liceo Polit\u00e9cnico A-1 de Puerto Ays\u00e9n obtienen el 2\u00b0 Lugar en Concurso Internacional Mars Innovation Challenge"},"content":{"rendered":"<div class=\"flex_column av_one_full  flex_column_div av-zero-column-padding first  avia-builder-el-0  el_before_av_one_full  avia-builder-el-first  \" style='border-radius:0px; '><div  class='avia-image-container  av-styling-    avia-builder-el-1  avia-builder-el-no-sibling  avia-align-center '  itemprop=\"image\" itemscope=\"itemscope\" itemtype=\"https:\/\/schema.org\/ImageObject\"  ><div class='avia-image-container-inner'><div class='avia-image-overlay-wrap'><img decoding=\"async\" class='wp-image-41522 avia-img-lazy-loading-not-41522 avia_image' src=\"https:\/\/radiorevelacionfm.cl\/wp-content\/uploads\/2024\/04\/TEAM-TP1-2-1-1-1.jpg\" alt='' title='TEAM TP1 (2) (1) (1) (1)' height=\"600\" width=\"849\"  itemprop=\"thumbnailUrl\" srcset=\"https:\/\/radiorevelacionfm.cl\/wp-content\/uploads\/2024\/04\/TEAM-TP1-2-1-1-1.jpg 849w, https:\/\/radiorevelacionfm.cl\/wp-content\/uploads\/2024\/04\/TEAM-TP1-2-1-1-1-300x212.jpg 300w, https:\/\/radiorevelacionfm.cl\/wp-content\/uploads\/2024\/04\/TEAM-TP1-2-1-1-1-768x543.jpg 768w, https:\/\/radiorevelacionfm.cl\/wp-content\/uploads\/2024\/04\/TEAM-TP1-2-1-1-1-260x185.jpg 260w, https:\/\/radiorevelacionfm.cl\/wp-content\/uploads\/2024\/04\/TEAM-TP1-2-1-1-1-705x498.jpg 705w, https:\/\/radiorevelacionfm.cl\/wp-content\/uploads\/2024\/04\/TEAM-TP1-2-1-1-1-450x318.jpg 450w, https:\/\/radiorevelacionfm.cl\/wp-content\/uploads\/2024\/04\/TEAM-TP1-2-1-1-1-600x424.jpg 600w\" sizes=\"(max-width: 849px) 100vw, 849px\" \/><\/div><\/div><\/div><\/div><div class=\"flex_column av_one_full  flex_column_div av-zero-column-padding first  avia-builder-el-2  el_after_av_one_full  el_before_av_one_full  column-top-margin\" style='border-radius:0px; '><section class=\"av_textblock_section \"  itemscope=\"itemscope\" itemtype=\"https:\/\/schema.org\/BlogPosting\" itemprop=\"blogPost\" ><div class='avia_textblock  '   itemprop=\"text\" ><p style=\"text-align: center;\"><strong><span style=\"font-size: 18pt;\">Estudiantes del Liceo Polit\u00e9cnico A-1 de Puerto Ays\u00e9n obtienen el 2\u00b0 Lugar en Concurso Internacional Mars Innovation Challenge<\/span><\/strong><\/p>\n<div id=\"gtx-trans\" style=\"position: absolute; left: -50px; top: 4.31534px;\">\n<div class=\"gtx-trans-icon\"><\/div>\n<\/div>\n<\/div><\/section><\/div><\/p>\n<div class=\"flex_column av_one_full  flex_column_div av-zero-column-padding first  avia-builder-el-4  el_after_av_one_full  el_before_av_hr  column-top-margin\" style='border-radius:0px; '><section class=\"av_textblock_section \"  itemscope=\"itemscope\" itemtype=\"https:\/\/schema.org\/BlogPosting\" itemprop=\"blogPost\" ><div class='avia_textblock  '   itemprop=\"text\" ><p style=\"text-align: justify;\">Desde puerto Ays\u00e9n al mundo, equipo representante del Liceo Polit\u00e9cnico A-1 de Puerto Ays\u00e9n obtiene el 2\u00b0 lugar en su respectiva categor\u00eda en el concurso internacional <strong>\u201cMars Innovation Challenge\u201d<\/strong> organizado por <strong>Explore Mars INC <\/strong>en asociaci\u00f3n con <strong>THRIVE in MARS y Janet&#8217;s Planet<\/strong>, los que dentro del certamen busca la creaci\u00f3n de soluciones tecnol\u00f3gicas y cient\u00edficas para la futura colonizaci\u00f3n del planeta Marte.<\/p>\n<p style=\"text-align: justify;\">En dicha convocatoria, el <strong>Liceo Polit\u00e9cnico A-1 <\/strong>de Puerto Ays\u00e9n, fue el \u00fanico establecimiento de Chile entre los ganadores, compartiendo podio con Rumania y Estados Unidos. Destacando que este liceo es de car\u00e1cter p\u00fablico y con amplia trayectoria en nuestra regi\u00f3n.<\/p>\n<p style=\"text-align: justify;\">Este equipo, conformado por las estudiantes <strong>Jessica V\u00edctor<\/strong>, <strong>Emily Jerez<\/strong>, <strong>Anah\u00eds Ravena<\/strong> y <strong>Yirlen V\u00e1squez<\/strong> junto con el profesor <strong>Marcel Barrientos <\/strong>participaron con su Proyecto \u201c<strong>Sistema de aceleraci\u00f3n de crecimiento de plantas mediante estimulaci\u00f3n magn\u00e9tica y lum\u00ednica artificial<\/strong>\u201d el cual seguir\u00e1 en desarrollo y mejorar\u00e1 durante el a\u00f1o.<\/p>\n<p style=\"text-align: justify;\">Gracias a este reconocimiento <strong>Explore Mars INC<\/strong> premiar\u00e1 con una videoconferencia con expertos internacionales en materia de exploraci\u00f3n espacial y espec\u00edficamente sobre las futuras misiones de colonizaci\u00f3n en <strong>Marte<\/strong>. Junto con esto su proyecto ser\u00e1 presentado en el Summit <a href=\"https:\/\/www.facebook.com\/hashtag\/humanstomars?__eep__=6&amp;__cft__%5b0%5d=AZXjrTHntjjCoXZwtkDR1RnnzVX6UhgcYbEa6ab19y-my6GNQ2mr0BWYw3SKV0mH5zlR489vnzqZ4Tud8Q9R_JZlljhn1XawSHQtXYwwIxLiOEMp7XT5K6EBb1T5Z19jF04_QzcU-K3oaFMVFx62fkKqZNn-C8KECc71ZfVz_dSK1-l1QeO2SorQqs5TYTkS6omGS84b3th0WG3QsjtRWSE9&amp;__tn__=*NK-R\">#HumansToMars<\/a> que se realizara este martes 07 y mi\u00e9rcoles 08 de mayo en Washington DC. Evento que congrega grandes exponentes a nivel mundial en materia de exploraci\u00f3n aeroespacial, siendo parte fundamental de dicho summit la participacion de administradores del Proyecto Artemis y la tan renombrada NASA.<\/p>\n<p style=\"text-align: justify;\">Es importante destacar que esta permitir\u00e1 al Equipo TP1 continuar con la exploraci\u00f3n y desarrollo de sus ideas, cooperando con otras comunidades escolares que buscan solventar problem\u00e1ticas en nuestro planeta como fuera de ellos. Este particular logro servir\u00e1 para visibilizar que, con perseverancia, se pueden alcanzar grandes metas.<\/p>\n<\/div><\/section><\/div>\n<div  style='height:50px' class='hr hr-invisible   avia-builder-el-6  el_after_av_one_full  el_before_av_social_share '><span class='hr-inner ' ><span class='hr-inner-style'><\/span><\/span><\/div>\n<div  class='av-social-sharing-box  avia-builder-el-7  el_after_av_hr  el_before_av_hr  '><div class='av-share-box'><h5 class='av-share-link-description av-no-toc '>Compartir esta noticia<\/h5><ul class='av-share-box-list noLightbox'><li class='av-share-link av-social-link-facebook' ><a target=\"_blank\" aria-label=\"Compartir en Facebook\" href='https:\/\/www.facebook.com\/sharer.php?u=https:\/\/radiorevelacionfm.cl\/?p=41954&#038;t=Estudiantes%20del%20Liceo%20Polit%C3%A9cnico%20A-1%20de%20Puerto%20Ays%C3%A9n%20obtienen%20el%202%C2%B0%20Lugar%20en%20Concurso%20Internacional%20Mars%20Innovation%20Challenge' aria-hidden='false' data-av_icon='\ue8f3' data-av_iconfont='entypo-fontello' title='' data-avia-related-tooltip='Compartir en Facebook' rel=\"noopener\"><span class='avia_hidden_link_text'>Compartir en Facebook<\/span><\/a><\/li><li class='av-share-link av-social-link-twitter' ><a target=\"_blank\" aria-label=\"Compartir en Twitter\" href='https:\/\/twitter.com\/share?text=Estudiantes%20del%20Liceo%20Polit%C3%A9cnico%20A-1%20de%20Puerto%20Ays%C3%A9n%20obtienen%20el%202%C2%B0%20Lugar%20en%20Concurso%20Internacional%20Mars%20Innovation%20Challenge&#038;url=https:\/\/radiorevelacionfm.cl\/?p=41954' aria-hidden='false' data-av_icon='\ue8f1' data-av_iconfont='entypo-fontello' title='' data-avia-related-tooltip='Compartir en Twitter' rel=\"noopener\"><span class='avia_hidden_link_text'>Compartir en Twitter<\/span><\/a><\/li><li class='av-share-link av-social-link-whatsapp' ><a target=\"_blank\" aria-label=\"Compartir en Whatsapp\" href='https:\/\/api.whatsapp.com\/send?text=https:\/\/radiorevelacionfm.cl\/?p=41954' aria-hidden='false' data-av_icon='\uf232' data-av_iconfont='entypo-fontello' title='' data-avia-related-tooltip='Compartir en Whatsapp' rel=\"noopener\"><span class='avia_hidden_link_text'>Compartir en Whatsapp<\/span><\/a><\/li><li class='av-share-link av-social-link-linkedin' ><a target=\"_blank\" aria-label=\"Compartir en LinkedIn\" href='https:\/\/linkedin.com\/shareArticle?mini=true&#038;title=Estudiantes%20del%20Liceo%20Polit%C3%A9cnico%20A-1%20de%20Puerto%20Ays%C3%A9n%20obtienen%20el%202%C2%B0%20Lugar%20en%20Concurso%20Internacional%20Mars%20Innovation%20Challenge&#038;url=https:\/\/radiorevelacionfm.cl\/?p=41954' aria-hidden='false' data-av_icon='\ue8fc' data-av_iconfont='entypo-fontello' title='' data-avia-related-tooltip='Compartir en LinkedIn' rel=\"noopener\"><span class='avia_hidden_link_text'>Compartir en LinkedIn<\/span><\/a><\/li><li class='av-share-link av-social-link-mail' ><a  aria-label=\"Compartir por correo\" href='mailto:?subject=Estudiantes%20del%20Liceo%20Polit%C3%A9cnico%20A-1%20de%20Puerto%20Ays%C3%A9n%20obtienen%20el%202%C2%B0%20Lugar%20en%20Concurso%20Internacional%20Mars%20Innovation%20Challenge&#038;body=https:\/\/radiorevelacionfm.cl\/?p=41954' aria-hidden='false' data-av_icon='\ue805' data-av_iconfont='entypo-fontello' title='' data-avia-related-tooltip='Compartir por correo'><span class='avia_hidden_link_text'>Compartir por correo<\/span><\/a><\/li><\/ul><\/div><\/div>\n<div  style='height:50px' class='hr hr-invisible   avia-builder-el-8  el_after_av_social_share  el_before_av_comments_list '><span class='hr-inner ' ><span class='hr-inner-style'><\/span><\/span><\/div>\n<div  class='av-buildercomment  av-blog-meta-html-info-disabled av-blog-meta-tag-disabled  '><\/div>\n","protected":false},"excerpt":{"rendered":"","protected":false},"author":1,"featured_media":41522,"comment_status":"open","ping_status":"open","sticky":false,"template":"","format":"standard","meta":{"footnotes":""},"categories":[38],"tags":[],"class_list":["post-41954","post","type-post","status-publish","format-standard","has-post-thumbnail","hentry","category-regional"],"jetpack_featured_media_url":"https:\/\/radiorevelacionfm.cl\/wp-content\/uploads\/2024\/04\/TEAM-TP1-2-1-1-1.jpg","_links":{"self":[{"href":"https:\/\/radiorevelacionfm.cl\/index.php?rest_route=\/wp\/v2\/posts\/41954","targetHints":{"allow":["GET"]}}],"collection":[{"href":"https:\/\/radiorevelacionfm.cl\/index.php?rest_route=\/wp\/v2\/posts"}],"about":[{"href":"https:\/\/radiorevelacionfm.cl\/index.php?rest_route=\/wp\/v2\/types\/post"}],"author":[{"embeddable":true,"href":"https:\/\/radiorevelacionfm.cl\/index.php?rest_route=\/wp\/v2\/users\/1"}],"replies":[{"embeddable":true,"href":"https:\/\/radiorevelacionfm.cl\/index.php?rest_route=%2Fwp%2Fv2%2Fcomments&post=41954"}],"version-history":[{"count":2,"href":"https:\/\/radiorevelacionfm.cl\/index.php?rest_route=\/wp\/v2\/posts\/41954\/revisions"}],"predecessor-version":[{"id":41956,"href":"https:\/\/radiorevelacionfm.cl\/index.php?rest_route=\/wp\/v2\/posts\/41954\/revisions\/41956"}],"wp:featuredmedia":[{"embeddable":true,"href":"https:\/\/radiorevelacionfm.cl\/index.php?rest_route=\/wp\/v2\/media\/41522"}],"wp:attachment":[{"href":"https:\/\/radiorevelacionfm.cl\/index.php?rest_route=%2Fwp%2Fv2%2Fmedia&parent=41954"}],"wp:term":[{"taxonomy":"category","embeddable":true,"href":"https:\/\/radiorevelacionfm.cl\/index.php?rest_route=%2Fwp%2Fv2%2Fcategories&post=41954"},{"taxonomy":"post_tag","embeddable":true,"href":"https:\/\/radiorevelacionfm.cl\/index.php?rest_route=%2Fwp%2Fv2%2Ftags&post=41954"}],"curies":[{"name":"wp","href":"https:\/\/api.w.org\/{rel}","templated":true}]}}