{"id":41951,"date":"2024-05-06T21:43:22","date_gmt":"2024-05-07T00:43:22","guid":{"rendered":"https:\/\/radiorevelacionfm.cl\/?p=41951"},"modified":"2024-05-06T21:43:22","modified_gmt":"2024-05-07T00:43:22","slug":"bajas-temperaturas-afectaran-a-la-region-de-aysen-los-proximos-dias","status":"publish","type":"post","link":"https:\/\/radiorevelacionfm.cl\/?p=41951","title":{"rendered":"Bajas temperaturas afectar\u00e1n a la regi\u00f3n de Ays\u00e9n los pr\u00f3ximos d\u00edas"},"content":{"rendered":"<div class=\"flex_column av_one_full  flex_column_div av-zero-column-padding first  avia-builder-el-0  el_before_av_one_full  avia-builder-el-first  \" style='border-radius:0px; '><div  class='avia-image-container  av-styling-    avia-builder-el-1  avia-builder-el-no-sibling  avia-align-center '  itemprop=\"image\" itemscope=\"itemscope\" itemtype=\"https:\/\/schema.org\/ImageObject\"  ><div class='avia-image-container-inner'><div class='avia-image-overlay-wrap'><img decoding=\"async\" class='wp-image-41952 avia-img-lazy-loading-not-41952 avia_image' src=\"https:\/\/radiorevelacionfm.cl\/wp-content\/uploads\/2024\/05\/hielo-1_optimized-1_optimized-1.jpg\" alt='' title='hielo-(1)_optimized-(1)_optimized (1)' height=\"600\" width=\"802\"  itemprop=\"thumbnailUrl\" srcset=\"https:\/\/radiorevelacionfm.cl\/wp-content\/uploads\/2024\/05\/hielo-1_optimized-1_optimized-1.jpg 802w, https:\/\/radiorevelacionfm.cl\/wp-content\/uploads\/2024\/05\/hielo-1_optimized-1_optimized-1-300x224.jpg 300w, https:\/\/radiorevelacionfm.cl\/wp-content\/uploads\/2024\/05\/hielo-1_optimized-1_optimized-1-768x575.jpg 768w, https:\/\/radiorevelacionfm.cl\/wp-content\/uploads\/2024\/05\/hielo-1_optimized-1_optimized-1-705x527.jpg 705w, https:\/\/radiorevelacionfm.cl\/wp-content\/uploads\/2024\/05\/hielo-1_optimized-1_optimized-1-450x337.jpg 450w, https:\/\/radiorevelacionfm.cl\/wp-content\/uploads\/2024\/05\/hielo-1_optimized-1_optimized-1-600x449.jpg 600w\" sizes=\"(max-width: 802px) 100vw, 802px\" \/><\/div><\/div><\/div><\/div><div class=\"flex_column av_one_full  flex_column_div av-zero-column-padding first  avia-builder-el-2  el_after_av_one_full  el_before_av_one_full  column-top-margin\" style='border-radius:0px; '><section class=\"av_textblock_section \"  itemscope=\"itemscope\" itemtype=\"https:\/\/schema.org\/BlogPosting\" itemprop=\"blogPost\" ><div class='avia_textblock  '   itemprop=\"text\" ><p style=\"text-align: center;\"><strong><span style=\"font-size: 18pt;\">Bajas temperaturas afectar\u00e1n a la regi\u00f3n de Ays\u00e9n los pr\u00f3ximos d\u00edas<\/span><\/strong><\/p>\n<div id=\"gtx-trans\" style=\"position: absolute; left: -50px; top: 4.31534px;\">\n<div class=\"gtx-trans-icon\"><\/div>\n<\/div>\n<\/div><\/section><\/div><div class=\"flex_column av_one_full  flex_column_div av-zero-column-padding first  avia-builder-el-4  el_after_av_one_full  el_before_av_hr  column-top-margin\" style='border-radius:0px; '><section class=\"av_textblock_section \"  itemscope=\"itemscope\" itemtype=\"https:\/\/schema.org\/BlogPosting\" itemprop=\"blogPost\" ><div class='avia_textblock  '   itemprop=\"text\" ><p style=\"text-align: justify;\">Del 07 al 11 de mayo, la Regi\u00f3n de Ays\u00e9n experimentar\u00e1 condiciones meteorol\u00f3gicas marcadas por bajas temperaturas, viento d\u00e9bil y precipitaciones de intensidad d\u00e9bil a moderada, con posibilidad de nieve.<\/p>\n<p style=\"text-align: justify;\">Estas condiciones favorecen un incremento de la contaminaci\u00f3n atmosf\u00e9rica en las localidades mas pobladas.<\/p>\n<p style=\"text-align: justify;\">Las lluvias se mantendr\u00e1n hasta el jueves, predominando en sectores costeros, y alcanzar\u00e1n su m\u00e1xima intensidad el mi\u00e9rcoles, con acumulados estimados entre los 30 y los 40 mm\/d\u00eda en localidades como Ra\u00fal Mar\u00edn, Puerto Cisnes, Puyuhuapi y La Junta. Se prev\u00e9 una precipitaci\u00f3n de aproximadamente 11 mm a las 18:00 de ese d\u00eda en Ra\u00fal Mar\u00edn y La Junta. Asimismo, se anticipa la posibilidad de nieve el martes y mi\u00e9rcoles en algunas localidades y sectores altos de la regi\u00f3n.<\/p>\n<p style=\"text-align: justify;\">Las temperaturas se mantendr\u00e1n bajas durante toda la semana. Se anticipan m\u00ednimas de alrededor de -6 a -8 \u00b0C en localidades del sur de la regi\u00f3n para el martes. Por otro lado, las m\u00e1ximas en la regi\u00f3n alcanzar\u00e1n los 9 \u00b0C el mi\u00e9rcoles en Ra\u00fal Mar\u00edn Balmaceda.<\/p>\n<p style=\"text-align: justify;\">La isoterma de 0 \u00b0C se mantendr\u00e1 baja, con una altura promedio diaria entre los 100 y 1100 metros sobre el nivel del mar. \u00danicamente, las localidades costeras del norte de la regi\u00f3n tendr\u00e1n la isoterma media que superar\u00e1 los 1000 metros. Para el resto de las localidades, la altura media estar\u00e1 bajo los 1000 metros, y en muchos casos no superar\u00e1 los 500 metros sobre el nivel del mar.<\/p>\n<p style=\"text-align: justify;\">El viento ser\u00e1 d\u00e9bil en todo el territorio. Las velocidades promedio diarias oscilar\u00e1n entre 1 y 17 km\/h en localidades. Destacan las bajas velocidades de viento en localidades como la Junta, Puerto Ays\u00e9n, Coyhaique y Cochrane, lo que podr\u00eda generar mala ventilaci\u00f3n de las cuencas en algunos d\u00edas de la semana. Destaca la presencia de viento del este y sur este.<\/p>\n<p style=\"text-align: justify;\">El an\u00e1lisis de im\u00e1genes satelitales, pron\u00f3sticos de la Armada y el modelo meteorol\u00f3gico GFS sugieren que las condiciones actuales se deben a la presencia de un anticicl\u00f3n frente a las costas de la regi\u00f3n y al paso de algunos sistemas de baja presi\u00f3n, generando una importante advecci\u00f3n de aire polar sobre el territorio que resulta en bajas temperaturas y el paso de al menos dos sistemas de baja presi\u00f3n que generar\u00e1n precipitaci\u00f3n los d\u00edas martes, mi\u00e9rcoles y jueves.<\/p>\n<\/div><\/section><\/div><div  style='height:50px' class='hr hr-invisible   avia-builder-el-6  el_after_av_one_full  el_before_av_social_share '><span class='hr-inner ' ><span class='hr-inner-style'><\/span><\/span><\/div><\/p>\n<div  class='av-social-sharing-box  avia-builder-el-7  el_after_av_hr  el_before_av_hr  '><div class='av-share-box'><h5 class='av-share-link-description av-no-toc '>Compartir esta noticia<\/h5><ul class='av-share-box-list noLightbox'><li class='av-share-link av-social-link-facebook' ><a target=\"_blank\" aria-label=\"Compartir en Facebook\" href='https:\/\/www.facebook.com\/sharer.php?u=https:\/\/radiorevelacionfm.cl\/?p=41951&#038;t=Bajas%20temperaturas%20afectar%C3%A1n%20a%20la%20regi%C3%B3n%20de%20Ays%C3%A9n%20los%20pr%C3%B3ximos%20d%C3%ADas' aria-hidden='false' data-av_icon='\ue8f3' data-av_iconfont='entypo-fontello' title='' data-avia-related-tooltip='Compartir en Facebook' rel=\"noopener\"><span class='avia_hidden_link_text'>Compartir en Facebook<\/span><\/a><\/li><li class='av-share-link av-social-link-twitter' ><a target=\"_blank\" aria-label=\"Compartir en Twitter\" href='https:\/\/twitter.com\/share?text=Bajas%20temperaturas%20afectar%C3%A1n%20a%20la%20regi%C3%B3n%20de%20Ays%C3%A9n%20los%20pr%C3%B3ximos%20d%C3%ADas&#038;url=https:\/\/radiorevelacionfm.cl\/?p=41951' aria-hidden='false' data-av_icon='\ue8f1' data-av_iconfont='entypo-fontello' title='' data-avia-related-tooltip='Compartir en Twitter' rel=\"noopener\"><span class='avia_hidden_link_text'>Compartir en Twitter<\/span><\/a><\/li><li class='av-share-link av-social-link-whatsapp' ><a target=\"_blank\" aria-label=\"Compartir en Whatsapp\" href='https:\/\/api.whatsapp.com\/send?text=https:\/\/radiorevelacionfm.cl\/?p=41951' aria-hidden='false' data-av_icon='\uf232' data-av_iconfont='entypo-fontello' title='' data-avia-related-tooltip='Compartir en Whatsapp' rel=\"noopener\"><span class='avia_hidden_link_text'>Compartir en Whatsapp<\/span><\/a><\/li><li class='av-share-link av-social-link-linkedin' ><a target=\"_blank\" aria-label=\"Compartir en LinkedIn\" href='https:\/\/linkedin.com\/shareArticle?mini=true&#038;title=Bajas%20temperaturas%20afectar%C3%A1n%20a%20la%20regi%C3%B3n%20de%20Ays%C3%A9n%20los%20pr%C3%B3ximos%20d%C3%ADas&#038;url=https:\/\/radiorevelacionfm.cl\/?p=41951' aria-hidden='false' data-av_icon='\ue8fc' data-av_iconfont='entypo-fontello' title='' data-avia-related-tooltip='Compartir en LinkedIn' rel=\"noopener\"><span class='avia_hidden_link_text'>Compartir en LinkedIn<\/span><\/a><\/li><li class='av-share-link av-social-link-mail' ><a  aria-label=\"Compartir por correo\" href='mailto:?subject=Bajas%20temperaturas%20afectar%C3%A1n%20a%20la%20regi%C3%B3n%20de%20Ays%C3%A9n%20los%20pr%C3%B3ximos%20d%C3%ADas&#038;body=https:\/\/radiorevelacionfm.cl\/?p=41951' aria-hidden='false' data-av_icon='\ue805' data-av_iconfont='entypo-fontello' title='' data-avia-related-tooltip='Compartir por correo'><span class='avia_hidden_link_text'>Compartir por correo<\/span><\/a><\/li><\/ul><\/div><\/div>\n<div  style='height:50px' class='hr hr-invisible   avia-builder-el-8  el_after_av_social_share  el_before_av_comments_list '><span class='hr-inner ' ><span class='hr-inner-style'><\/span><\/span><\/div>\n<div  class='av-buildercomment  av-blog-meta-html-info-disabled av-blog-meta-tag-disabled  '><\/div>\n","protected":false},"excerpt":{"rendered":"","protected":false},"author":1,"featured_media":41952,"comment_status":"open","ping_status":"open","sticky":false,"template":"","format":"standard","meta":{"footnotes":""},"categories":[38],"tags":[],"class_list":["post-41951","post","type-post","status-publish","format-standard","has-post-thumbnail","hentry","category-regional"],"jetpack_featured_media_url":"https:\/\/radiorevelacionfm.cl\/wp-content\/uploads\/2024\/05\/hielo-1_optimized-1_optimized-1.jpg","_links":{"self":[{"href":"https:\/\/radiorevelacionfm.cl\/index.php?rest_route=\/wp\/v2\/posts\/41951","targetHints":{"allow":["GET"]}}],"collection":[{"href":"https:\/\/radiorevelacionfm.cl\/index.php?rest_route=\/wp\/v2\/posts"}],"about":[{"href":"https:\/\/radiorevelacionfm.cl\/index.php?rest_route=\/wp\/v2\/types\/post"}],"author":[{"embeddable":true,"href":"https:\/\/radiorevelacionfm.cl\/index.php?rest_route=\/wp\/v2\/users\/1"}],"replies":[{"embeddable":true,"href":"https:\/\/radiorevelacionfm.cl\/index.php?rest_route=%2Fwp%2Fv2%2Fcomments&post=41951"}],"version-history":[{"count":1,"href":"https:\/\/radiorevelacionfm.cl\/index.php?rest_route=\/wp\/v2\/posts\/41951\/revisions"}],"predecessor-version":[{"id":41953,"href":"https:\/\/radiorevelacionfm.cl\/index.php?rest_route=\/wp\/v2\/posts\/41951\/revisions\/41953"}],"wp:featuredmedia":[{"embeddable":true,"href":"https:\/\/radiorevelacionfm.cl\/index.php?rest_route=\/wp\/v2\/media\/41952"}],"wp:attachment":[{"href":"https:\/\/radiorevelacionfm.cl\/index.php?rest_route=%2Fwp%2Fv2%2Fmedia&parent=41951"}],"wp:term":[{"taxonomy":"category","embeddable":true,"href":"https:\/\/radiorevelacionfm.cl\/index.php?rest_route=%2Fwp%2Fv2%2Fcategories&post=41951"},{"taxonomy":"post_tag","embeddable":true,"href":"https:\/\/radiorevelacionfm.cl\/index.php?rest_route=%2Fwp%2Fv2%2Ftags&post=41951"}],"curies":[{"name":"wp","href":"https:\/\/api.w.org\/{rel}","templated":true}]}}