{"id":4195,"date":"2021-05-15T19:59:21","date_gmt":"2021-05-15T22:59:21","guid":{"rendered":"https:\/\/radiorevelacionfm.cl\/?p=4195"},"modified":"2021-05-15T19:59:21","modified_gmt":"2021-05-15T22:59:21","slug":"intendenta-margarita-ossa-destaca-constitucion-de-mesas-e-hizo-un-llamado-para-acercarse-a-las-urnas","status":"publish","type":"post","link":"https:\/\/radiorevelacionfm.cl\/?p=4195","title":{"rendered":"Intendenta Margarita Ossa destaca constituci\u00f3n de mesas e hizo un llamado para acercarse a las urnas"},"content":{"rendered":"<div class=\"flex_column av_one_full  flex_column_div av-zero-column-padding first  avia-builder-el-0  el_before_av_one_full  avia-builder-el-first  \" style='border-radius:0px; '><div  class='avia-image-container  av-styling-    avia-builder-el-1  avia-builder-el-no-sibling  avia-align-center '  itemprop=\"image\" itemscope=\"itemscope\" itemtype=\"https:\/\/schema.org\/ImageObject\"  ><div class='avia-image-container-inner'><div class='avia-image-overlay-wrap'><img decoding=\"async\" class='wp-image-0 avia-img-lazy-loading-not-0 avia_image' src=\"https:\/\/radiorevelacionfm.cl\/wp-content\/uploads\/2021\/05\/foto-llamado-acercarse-a-las-urnas_optimized.jpeg\" alt='' title=''   itemprop=\"thumbnailUrl\"  \/><\/div><\/div><\/div><\/div><div class=\"flex_column av_one_full  flex_column_div av-zero-column-padding first  avia-builder-el-2  el_after_av_one_full  el_before_av_one_full  column-top-margin\" style='border-radius:0px; '><section class=\"av_textblock_section \"  itemscope=\"itemscope\" itemtype=\"https:\/\/schema.org\/BlogPosting\" itemprop=\"blogPost\" ><div class='avia_textblock  '   itemprop=\"text\" ><p style=\"text-align: center;\"><strong><span style=\"font-size: 18pt;\">Intendenta Margarita Ossa destaca constituci\u00f3n de mesas e hizo un llamado para acercarse a las urnas<\/span><\/strong><\/p>\n<div id=\"gtx-trans\" style=\"position: absolute; left: -50px; top: 4.31534px;\">\n<div class=\"gtx-trans-icon\"><\/div>\n<\/div>\n<\/div><\/section><\/div><div class=\"flex_column av_one_full  flex_column_div av-zero-column-padding first  avia-builder-el-4  el_after_av_one_full  el_before_av_hr  column-top-margin\" style='border-radius:0px; '><section class=\"av_textblock_section \"  itemscope=\"itemscope\" itemtype=\"https:\/\/schema.org\/BlogPosting\" itemprop=\"blogPost\" ><div class='avia_textblock  '   itemprop=\"text\" ><p style=\"font-weight: 400; text-align: justify;\">Al mediod\u00eda de este s\u00e1bado 15 de mayo, se constituyeron al 100% las mesas a nivel regional. En el primer d\u00eda de elecciones, la m\u00e1xima autoridad regional, Margarita Ossa, hizo un llamado a participar de este proceso que est\u00e1 viviendo Chile, el cual lo denomin\u00f3 como \u201cMega Elecciones\u201d, debido a la importancia de los nuevos cargos de Gobernador Regional, Constituyentes, Alcaldes y Concejales.<\/p>\n<p style=\"font-weight: 400; text-align: justify;\">\u201cEs importante decirles a todos los vecinos que vengan a votar. Es el momento en el que podemos hacer ver y retratar en las urnas lo que cada uno de nosotros pensamos. Nuestra elecci\u00f3n es una elecci\u00f3n hist\u00f3rica, es un a \u2018mega elecci\u00f3n\u2019 que tendremos durante dos d\u00edas, as\u00ed que es muy importante que se acerquen a sufragar\u201d,\u00a0enfatiz\u00f3\u00a0la Intendenta de la Regi\u00f3n de Ays\u00e9n, agregando adem\u00e1s que los locales de votaci\u00f3n tienen todas las medidas sanitarias para resguardar la salud de los electores y vocales de mesas.<\/p>\n<p style=\"font-weight: 400; text-align: justify;\">Asimismo, la autoridad hizo hincapi\u00e9 en que los\u00a0\u201cadultos mayores, mujeres embarazadas o personas con alg\u00fan grado de discapacidad tienen preferencia a la hora de votar\u201d,\u00a0invit\u00e1ndolos a desarrollar su derecho c\u00edvico entre las 14 y 18 horas de esta primera jornada; aun as\u00ed teniendo preferencia en cualquier otro horario.<\/p>\n<p style=\"font-weight: 400; text-align: justify;\">En cuanto a la conectividad para el desarrollo de los sufragios a lo largo de la regi\u00f3n, la Intendenta Margarita Ossa destac\u00f3 el importante n\u00famero de transporte que se ha desplegado.\u00a0\u201cSon m\u00e1s de 19 transportes extraordinarios contemplados en toda la regi\u00f3n para darle conectividad a todos aquellos lugares que est\u00e1n m\u00e1s alejados, y que son zonas m\u00e1s extremas. Son transportes gratuitos a lo largo y ancho de toda la regi\u00f3n\u201d.<\/p>\n<p style=\"font-weight: 400; text-align: justify;\"><strong>Compromiso ciudadano<\/strong><\/p>\n<p style=\"font-weight: 400; text-align: justify;\">Como ya lo se\u00f1alaba la autoridad regional, cerca del mediod\u00eda ya hab\u00eda un 100% de las mesas constituidas a nivel regional, demostrando as\u00ed el compromiso c\u00edvico de los vocales y presidentes de mesas en la Regi\u00f3n de Ays\u00e9n.<\/p>\n<p style=\"font-weight: 400; text-align: justify;\">Frente a esto el delegado de la junta electoral del Liceo San Felipe, Marcos P\u00e9rez, expres\u00f3 que\u00a0\u201cb\u00e1sicamente nos hemos preocupado del funcionamiento de todas las mesas y de la constituci\u00f3n de las mismas a muy temprana hora; pr\u00e1cticamente a las 9.30 de la ma\u00f1ana ten\u00edamos un 99% de las mesas constituidas en este local que consta con 19 mesas. Por lo que se nos facilit\u00f3 bastante la tarea\u201d.<\/p>\n<p style=\"font-weight: 400; text-align: justify;\">Por su parte, el\u00a0General de Carabineros, Hugo Zenteno, inform\u00f3 que los servicios de su instituci\u00f3n se habr\u00edan instalado desde muy temprano de manera normal, sin ning\u00fan contratiempo, asegurando a la comunidad que\u00a0\u201cva a estar la tranquilidad y la seguridad para que puedan llegar a locales de votaci\u00f3n, para que puedan sufragar sin ning\u00fan tipo de problema\u201d.<\/p>\n<p style=\"font-weight: 400; text-align: justify;\">En esa misma instancia, el jefe de la XI Zona de Carabineros detall\u00f3 a los medios de comunicaci\u00f3n sobre un procedimiento policial desarrollado en Lago Verde donde un elector fotografi\u00f3 el voto, lo que corresponde a una infracci\u00f3n a la Ley 18.700, siendo puesto los antecedentes a la Fiscal\u00eda correspondiente.<\/p>\n<p style=\"font-weight: 400; text-align: justify;\">En cuanto a la afluencia de p\u00fablico, la\u00a0Intendenta\u00a0dijo que\u00a0\u201cel avance fue bastante r\u00e1pido, y esperamos que la afluencia de p\u00fablico vaya aumentando durante el d\u00eda\u201d.<\/p>\n<\/div><\/section><\/div><div  style='height:50px' class='hr hr-invisible   avia-builder-el-6  el_after_av_one_full  el_before_av_social_share '><span class='hr-inner ' ><span class='hr-inner-style'><\/span><\/span><\/div><\/p>\n<div  class='av-social-sharing-box  avia-builder-el-7  el_after_av_hr  el_before_av_hr  '><div class='av-share-box'><h5 class='av-share-link-description av-no-toc '>Compartir esta noticia<\/h5><ul class='av-share-box-list noLightbox'><li class='av-share-link av-social-link-facebook' ><a target=\"_blank\" aria-label=\"Compartir en Facebook\" href='https:\/\/www.facebook.com\/sharer.php?u=https:\/\/radiorevelacionfm.cl\/?p=4195&#038;t=Intendenta%20Margarita%20Ossa%20destaca%20constituci%C3%B3n%20de%20mesas%20e%20hizo%20un%20llamado%20para%20acercarse%20a%20las%20urnas' aria-hidden='false' data-av_icon='\ue8f3' data-av_iconfont='entypo-fontello' title='' data-avia-related-tooltip='Compartir en Facebook' rel=\"noopener\"><span class='avia_hidden_link_text'>Compartir en Facebook<\/span><\/a><\/li><li class='av-share-link av-social-link-twitter' ><a target=\"_blank\" aria-label=\"Compartir en Twitter\" href='https:\/\/twitter.com\/share?text=Intendenta%20Margarita%20Ossa%20destaca%20constituci%C3%B3n%20de%20mesas%20e%20hizo%20un%20llamado%20para%20acercarse%20a%20las%20urnas&#038;url=https:\/\/radiorevelacionfm.cl\/?p=4195' aria-hidden='false' data-av_icon='\ue8f1' data-av_iconfont='entypo-fontello' title='' data-avia-related-tooltip='Compartir en Twitter' rel=\"noopener\"><span class='avia_hidden_link_text'>Compartir en Twitter<\/span><\/a><\/li><li class='av-share-link av-social-link-whatsapp' ><a target=\"_blank\" aria-label=\"Compartir en Whatsapp\" href='https:\/\/api.whatsapp.com\/send?text=https:\/\/radiorevelacionfm.cl\/?p=4195' aria-hidden='false' data-av_icon='\uf232' data-av_iconfont='entypo-fontello' title='' data-avia-related-tooltip='Compartir en Whatsapp' rel=\"noopener\"><span class='avia_hidden_link_text'>Compartir en Whatsapp<\/span><\/a><\/li><li class='av-share-link av-social-link-linkedin' ><a target=\"_blank\" aria-label=\"Compartir en LinkedIn\" href='https:\/\/linkedin.com\/shareArticle?mini=true&#038;title=Intendenta%20Margarita%20Ossa%20destaca%20constituci%C3%B3n%20de%20mesas%20e%20hizo%20un%20llamado%20para%20acercarse%20a%20las%20urnas&#038;url=https:\/\/radiorevelacionfm.cl\/?p=4195' aria-hidden='false' data-av_icon='\ue8fc' data-av_iconfont='entypo-fontello' title='' data-avia-related-tooltip='Compartir en LinkedIn' rel=\"noopener\"><span class='avia_hidden_link_text'>Compartir en LinkedIn<\/span><\/a><\/li><li class='av-share-link av-social-link-mail' ><a  aria-label=\"Compartir por correo\" href='mailto:?subject=Intendenta%20Margarita%20Ossa%20destaca%20constituci%C3%B3n%20de%20mesas%20e%20hizo%20un%20llamado%20para%20acercarse%20a%20las%20urnas&#038;body=https:\/\/radiorevelacionfm.cl\/?p=4195' aria-hidden='false' data-av_icon='\ue805' data-av_iconfont='entypo-fontello' title='' data-avia-related-tooltip='Compartir por correo'><span class='avia_hidden_link_text'>Compartir por correo<\/span><\/a><\/li><\/ul><\/div><\/div>\n<div  style='height:50px' class='hr hr-invisible   avia-builder-el-8  el_after_av_social_share  el_before_av_comments_list '><span class='hr-inner ' ><span class='hr-inner-style'><\/span><\/span><\/div>\n<div  class='av-buildercomment  av-blog-meta-html-info-disabled av-blog-meta-tag-disabled  '><\/div>\n","protected":false},"excerpt":{"rendered":"","protected":false},"author":1,"featured_media":0,"comment_status":"open","ping_status":"open","sticky":false,"template":"","format":"standard","meta":{"footnotes":""},"categories":[38],"tags":[],"class_list":["post-4195","post","type-post","status-publish","format-standard","hentry","category-regional"],"jetpack_featured_media_url":"","_links":{"self":[{"href":"https:\/\/radiorevelacionfm.cl\/index.php?rest_route=\/wp\/v2\/posts\/4195","targetHints":{"allow":["GET"]}}],"collection":[{"href":"https:\/\/radiorevelacionfm.cl\/index.php?rest_route=\/wp\/v2\/posts"}],"about":[{"href":"https:\/\/radiorevelacionfm.cl\/index.php?rest_route=\/wp\/v2\/types\/post"}],"author":[{"embeddable":true,"href":"https:\/\/radiorevelacionfm.cl\/index.php?rest_route=\/wp\/v2\/users\/1"}],"replies":[{"embeddable":true,"href":"https:\/\/radiorevelacionfm.cl\/index.php?rest_route=%2Fwp%2Fv2%2Fcomments&post=4195"}],"version-history":[{"count":1,"href":"https:\/\/radiorevelacionfm.cl\/index.php?rest_route=\/wp\/v2\/posts\/4195\/revisions"}],"predecessor-version":[{"id":4197,"href":"https:\/\/radiorevelacionfm.cl\/index.php?rest_route=\/wp\/v2\/posts\/4195\/revisions\/4197"}],"wp:attachment":[{"href":"https:\/\/radiorevelacionfm.cl\/index.php?rest_route=%2Fwp%2Fv2%2Fmedia&parent=4195"}],"wp:term":[{"taxonomy":"category","embeddable":true,"href":"https:\/\/radiorevelacionfm.cl\/index.php?rest_route=%2Fwp%2Fv2%2Fcategories&post=4195"},{"taxonomy":"post_tag","embeddable":true,"href":"https:\/\/radiorevelacionfm.cl\/index.php?rest_route=%2Fwp%2Fv2%2Ftags&post=4195"}],"curies":[{"name":"wp","href":"https:\/\/api.w.org\/{rel}","templated":true}]}}