{"id":41941,"date":"2024-05-06T19:05:07","date_gmt":"2024-05-06T22:05:07","guid":{"rendered":"https:\/\/radiorevelacionfm.cl\/?p=41941"},"modified":"2024-05-06T19:05:07","modified_gmt":"2024-05-06T22:05:07","slug":"refuerzan-mensaje-preventivo-para-este-invierno-a-productoras-y-productores-silvoagropecuarios-de-aysen","status":"publish","type":"post","link":"https:\/\/radiorevelacionfm.cl\/?p=41941","title":{"rendered":"Refuerzan mensaje preventivo para este invierno a productoras y productores silvoagropecuarios de Ays\u00e9n"},"content":{"rendered":"<div class=\"flex_column av_one_full  flex_column_div av-zero-column-padding first  avia-builder-el-0  el_before_av_one_full  avia-builder-el-first  \" style='border-radius:0px; '><div  class='avia-image-container  av-styling-    avia-builder-el-1  avia-builder-el-no-sibling  avia-align-center '  itemprop=\"image\" itemscope=\"itemscope\" itemtype=\"https:\/\/schema.org\/ImageObject\"  ><div class='avia-image-container-inner'><div class='avia-image-overlay-wrap'><img decoding=\"async\" class='wp-image-41942 avia-img-lazy-loading-not-41942 avia_image' src=\"https:\/\/radiorevelacionfm.cl\/wp-content\/uploads\/2024\/05\/img_0905-1_optimized.jpg\" alt='' title='img_0905-(1)_optimized' height=\"600\" width=\"900\"  itemprop=\"thumbnailUrl\" srcset=\"https:\/\/radiorevelacionfm.cl\/wp-content\/uploads\/2024\/05\/img_0905-1_optimized.jpg 900w, https:\/\/radiorevelacionfm.cl\/wp-content\/uploads\/2024\/05\/img_0905-1_optimized-300x200.jpg 300w, https:\/\/radiorevelacionfm.cl\/wp-content\/uploads\/2024\/05\/img_0905-1_optimized-768x512.jpg 768w, https:\/\/radiorevelacionfm.cl\/wp-content\/uploads\/2024\/05\/img_0905-1_optimized-705x470.jpg 705w, https:\/\/radiorevelacionfm.cl\/wp-content\/uploads\/2024\/05\/img_0905-1_optimized-450x300.jpg 450w, https:\/\/radiorevelacionfm.cl\/wp-content\/uploads\/2024\/05\/img_0905-1_optimized-600x400.jpg 600w\" sizes=\"(max-width: 900px) 100vw, 900px\" \/><\/div><\/div><\/div><\/div><div class=\"flex_column av_one_full  flex_column_div av-zero-column-padding first  avia-builder-el-2  el_after_av_one_full  el_before_av_one_full  column-top-margin\" style='border-radius:0px; '><section class=\"av_textblock_section \"  itemscope=\"itemscope\" itemtype=\"https:\/\/schema.org\/BlogPosting\" itemprop=\"blogPost\" ><div class='avia_textblock  '   itemprop=\"text\" ><p style=\"text-align: center;\"><strong><span style=\"font-size: 18pt;\">Refuerzan mensaje preventivo para este invierno a productoras y productores silvoagropecuarios de Ays\u00e9n <\/span><\/strong><\/p>\n<div id=\"gtx-trans\" style=\"position: absolute; left: -50px; top: 4.31534px;\">\n<div class=\"gtx-trans-icon\"><\/div>\n<\/div>\n<\/div><\/section><\/div><div class=\"flex_column av_one_full  flex_column_div av-zero-column-padding first  avia-builder-el-4  el_after_av_one_full  el_before_av_hr  column-top-margin\" style='border-radius:0px; '><section class=\"av_textblock_section \"  itemscope=\"itemscope\" itemtype=\"https:\/\/schema.org\/BlogPosting\" itemprop=\"blogPost\" ><div class='avia_textblock  '   itemprop=\"text\" ><p style=\"font-weight: 400; text-align: justify;\">Con un llamado a seguir las recomendaciones t\u00e9cnicas que entregan los servicios del agro a productoras y productores silvoagropecuarios, este lunes sesion\u00f3 la Mesa T\u00e9cnica de Invierno de la Regi\u00f3n de Ays\u00e9n.<\/p>\n<p style=\"font-weight: 400; text-align: justify;\">La instancia fue convocada por el Delegado Presidencial Regional, Rodrigo Araya, junto al seremi de Agricultura, Eugenio Ruiz, el director regional de Senapred, Sidi Bravo, y los directores regionales de INIA Tamel Aike, Camila Reyes, Conaf, Ronald Valenzuela, Infor, Jaime Salinas y equipos t\u00e9cnicos de Seremi de Agricultura, SAG e INDAP.<\/p>\n<p style=\"font-weight: 400; text-align: justify;\">Rodrigo Araya indic\u00f3 que la regi\u00f3n tiene alrededor de cuatro mil predios productivos, m\u00e1s de 164 mil bovinos y sobre 187 mil ovinos, destacando la importancia de la adecuada coordinaci\u00f3n p\u00fablico-privada en el caso del sector rural, en especial, respecto de la agricultura familiar campesina.<\/p>\n<p style=\"font-weight: 400; text-align: justify;\">\u201cYa tuvimos reuni\u00f3n con el Ministerio de Obras P\u00fablicas y tendremos COGRID regional y esta reuni\u00f3n es parte importante de la informaci\u00f3n pertinente con respecto a\u00a0productoras y productores silvoagropecuarios de la regi\u00f3n. Hay un trabajo muy importante de preparaci\u00f3n para el invierno de todas las personas que viven y trabajan en el sector rural ante la eventualidad de los eventos meteorol\u00f3gicos que tenemos por delante\u201d, se\u00f1al\u00f3.<\/p>\n<p style=\"font-weight: 400; text-align: justify;\">El seremi Eugenio Ruiz dijo que los servicios del agro disponen de informaci\u00f3n relevante para el sector\u00a0rural, en especial, instrumentos como los cr\u00e9ditos de corto y largo plazo de INDAP as\u00ed como tambi\u00e9n del Seguro Ganadero.<\/p>\n<p style=\"font-weight: 400; text-align: justify;\">\u201cEn la seremi de Agricultura estamos coordinados con varias instituciones desde el punto de vista de la prevenci\u00f3n. Interesa que todas las personas que tengan animales en la parte alta los bajen y eval\u00faen las capacidades de carga de los predios. Las condiciones clim\u00e1ticas est\u00e1n inestables, as\u00ed es que invitamos a ser preventivos y a utilizar las recomendaciones que entregaremos en diferentes medios de comunicaci\u00f3n\u201d, se\u00f1al\u00f3.<\/p>\n<p style=\"font-weight: 400; text-align: justify;\">Sidi Bravo a\u00f1adi\u00f3 que los servicios mantienen un monitoreo constante a nivel regional y local.<\/p>\n<p style=\"font-weight: 400; text-align: justify;\">\u201cSe ha realizado la Mesa T\u00e9cnica con el Ministerio de Agricultura y todos los servicios del agro, de acuerdo a\u00a0 lo que ha instruido el Delegado Presidencial Regional, para abordar todo lo relacionado con el sector campesino en este invierno y tomar las medidas de resguardo pertinente y enfrentar de mejor manera este invierno\u201d, concluy\u00f3.<\/p>\n<p style=\"font-weight: 400; text-align: justify;\">Tras la realizaci\u00f3n de las Mesas T\u00e9cnicas sectoriales, se realizar\u00e1 el Comit\u00e9 de Gesti\u00f3n del Riesgo de Desastres (COGRID) del Sistema Nacional de Prevenci\u00f3n y Respuesta ante Desastres (SINAPRED), que reunir\u00e1 la informaci\u00f3n pertinente a todo el territorio regional.<\/p>\n<\/div><\/section><\/div><div  style='height:50px' class='hr hr-invisible   avia-builder-el-6  el_after_av_one_full  el_before_av_social_share '><span class='hr-inner ' ><span class='hr-inner-style'><\/span><\/span><\/div><\/p>\n<div  class='av-social-sharing-box  avia-builder-el-7  el_after_av_hr  el_before_av_hr  '><div class='av-share-box'><h5 class='av-share-link-description av-no-toc '>Compartir esta noticia<\/h5><ul class='av-share-box-list noLightbox'><li class='av-share-link av-social-link-facebook' ><a target=\"_blank\" aria-label=\"Compartir en Facebook\" href='https:\/\/www.facebook.com\/sharer.php?u=https:\/\/radiorevelacionfm.cl\/?p=41941&#038;t=Refuerzan%20mensaje%20preventivo%20para%20este%20invierno%20a%20productoras%20y%20productores%20silvoagropecuarios%20de%20Ays%C3%A9n' aria-hidden='false' data-av_icon='\ue8f3' data-av_iconfont='entypo-fontello' title='' data-avia-related-tooltip='Compartir en Facebook' rel=\"noopener\"><span class='avia_hidden_link_text'>Compartir en Facebook<\/span><\/a><\/li><li class='av-share-link av-social-link-twitter' ><a target=\"_blank\" aria-label=\"Compartir en Twitter\" href='https:\/\/twitter.com\/share?text=Refuerzan%20mensaje%20preventivo%20para%20este%20invierno%20a%20productoras%20y%20productores%20silvoagropecuarios%20de%20Ays%C3%A9n&#038;url=https:\/\/radiorevelacionfm.cl\/?p=41941' aria-hidden='false' data-av_icon='\ue8f1' data-av_iconfont='entypo-fontello' title='' data-avia-related-tooltip='Compartir en Twitter' rel=\"noopener\"><span class='avia_hidden_link_text'>Compartir en Twitter<\/span><\/a><\/li><li class='av-share-link av-social-link-whatsapp' ><a target=\"_blank\" aria-label=\"Compartir en Whatsapp\" href='https:\/\/api.whatsapp.com\/send?text=https:\/\/radiorevelacionfm.cl\/?p=41941' aria-hidden='false' data-av_icon='\uf232' data-av_iconfont='entypo-fontello' title='' data-avia-related-tooltip='Compartir en Whatsapp' rel=\"noopener\"><span class='avia_hidden_link_text'>Compartir en Whatsapp<\/span><\/a><\/li><li class='av-share-link av-social-link-linkedin' ><a target=\"_blank\" aria-label=\"Compartir en LinkedIn\" href='https:\/\/linkedin.com\/shareArticle?mini=true&#038;title=Refuerzan%20mensaje%20preventivo%20para%20este%20invierno%20a%20productoras%20y%20productores%20silvoagropecuarios%20de%20Ays%C3%A9n&#038;url=https:\/\/radiorevelacionfm.cl\/?p=41941' aria-hidden='false' data-av_icon='\ue8fc' data-av_iconfont='entypo-fontello' title='' data-avia-related-tooltip='Compartir en LinkedIn' rel=\"noopener\"><span class='avia_hidden_link_text'>Compartir en LinkedIn<\/span><\/a><\/li><li class='av-share-link av-social-link-mail' ><a  aria-label=\"Compartir por correo\" href='mailto:?subject=Refuerzan%20mensaje%20preventivo%20para%20este%20invierno%20a%20productoras%20y%20productores%20silvoagropecuarios%20de%20Ays%C3%A9n&#038;body=https:\/\/radiorevelacionfm.cl\/?p=41941' aria-hidden='false' data-av_icon='\ue805' data-av_iconfont='entypo-fontello' title='' data-avia-related-tooltip='Compartir por correo'><span class='avia_hidden_link_text'>Compartir por correo<\/span><\/a><\/li><\/ul><\/div><\/div>\n<div  style='height:50px' class='hr hr-invisible   avia-builder-el-8  el_after_av_social_share  el_before_av_comments_list '><span class='hr-inner ' ><span class='hr-inner-style'><\/span><\/span><\/div>\n<div  class='av-buildercomment  av-blog-meta-html-info-disabled av-blog-meta-tag-disabled  '><\/div>\n","protected":false},"excerpt":{"rendered":"","protected":false},"author":1,"featured_media":41942,"comment_status":"open","ping_status":"open","sticky":false,"template":"","format":"standard","meta":{"footnotes":""},"categories":[58],"tags":[],"class_list":["post-41941","post","type-post","status-publish","format-standard","has-post-thumbnail","hentry","category-agricultura"],"jetpack_featured_media_url":"https:\/\/radiorevelacionfm.cl\/wp-content\/uploads\/2024\/05\/img_0905-1_optimized.jpg","_links":{"self":[{"href":"https:\/\/radiorevelacionfm.cl\/index.php?rest_route=\/wp\/v2\/posts\/41941","targetHints":{"allow":["GET"]}}],"collection":[{"href":"https:\/\/radiorevelacionfm.cl\/index.php?rest_route=\/wp\/v2\/posts"}],"about":[{"href":"https:\/\/radiorevelacionfm.cl\/index.php?rest_route=\/wp\/v2\/types\/post"}],"author":[{"embeddable":true,"href":"https:\/\/radiorevelacionfm.cl\/index.php?rest_route=\/wp\/v2\/users\/1"}],"replies":[{"embeddable":true,"href":"https:\/\/radiorevelacionfm.cl\/index.php?rest_route=%2Fwp%2Fv2%2Fcomments&post=41941"}],"version-history":[{"count":1,"href":"https:\/\/radiorevelacionfm.cl\/index.php?rest_route=\/wp\/v2\/posts\/41941\/revisions"}],"predecessor-version":[{"id":41943,"href":"https:\/\/radiorevelacionfm.cl\/index.php?rest_route=\/wp\/v2\/posts\/41941\/revisions\/41943"}],"wp:featuredmedia":[{"embeddable":true,"href":"https:\/\/radiorevelacionfm.cl\/index.php?rest_route=\/wp\/v2\/media\/41942"}],"wp:attachment":[{"href":"https:\/\/radiorevelacionfm.cl\/index.php?rest_route=%2Fwp%2Fv2%2Fmedia&parent=41941"}],"wp:term":[{"taxonomy":"category","embeddable":true,"href":"https:\/\/radiorevelacionfm.cl\/index.php?rest_route=%2Fwp%2Fv2%2Fcategories&post=41941"},{"taxonomy":"post_tag","embeddable":true,"href":"https:\/\/radiorevelacionfm.cl\/index.php?rest_route=%2Fwp%2Fv2%2Ftags&post=41941"}],"curies":[{"name":"wp","href":"https:\/\/api.w.org\/{rel}","templated":true}]}}