{"id":41938,"date":"2024-05-06T22:17:04","date_gmt":"2024-05-07T01:17:04","guid":{"rendered":"https:\/\/radiorevelacionfm.cl\/?p=41938"},"modified":"2024-05-06T22:17:04","modified_gmt":"2024-05-07T01:17:04","slug":"cft-estatal-de-aysen-inicio-proceso-de-matricula-para-dar-continuidad-de-estudios-a-las-y-los-estudiantes-de-ip-y-cft-los-lagos","status":"publish","type":"post","link":"https:\/\/radiorevelacionfm.cl\/?p=41938","title":{"rendered":"CFT Estatal de Ays\u00e9n inici\u00f3 proceso de matr\u00edcula para dar continuidad de estudios a las y los estudiantes de IP y CFT Los Lagos"},"content":{"rendered":"<div class=\"flex_column av_one_full  flex_column_div av-zero-column-padding first  avia-builder-el-0  el_before_av_one_full  avia-builder-el-first  \" style='border-radius:0px; '><div  class='avia-image-container  av-styling-    avia-builder-el-1  avia-builder-el-no-sibling  avia-align-center '  itemprop=\"image\" itemscope=\"itemscope\" itemtype=\"https:\/\/schema.org\/ImageObject\"  ><div class='avia-image-container-inner'><div class='avia-image-overlay-wrap'><img decoding=\"async\" class='wp-image-41939 avia-img-lazy-loading-not-41939 avia_image' src=\"https:\/\/radiorevelacionfm.cl\/wp-content\/uploads\/2024\/05\/Matricula-CFT-2-1-1.jpg\" alt='' title='Matr\u00edcula CFT 2 (1) (1)' height=\"600\" width=\"900\"  itemprop=\"thumbnailUrl\" srcset=\"https:\/\/radiorevelacionfm.cl\/wp-content\/uploads\/2024\/05\/Matricula-CFT-2-1-1.jpg 900w, https:\/\/radiorevelacionfm.cl\/wp-content\/uploads\/2024\/05\/Matricula-CFT-2-1-1-300x200.jpg 300w, https:\/\/radiorevelacionfm.cl\/wp-content\/uploads\/2024\/05\/Matricula-CFT-2-1-1-768x512.jpg 768w, https:\/\/radiorevelacionfm.cl\/wp-content\/uploads\/2024\/05\/Matricula-CFT-2-1-1-705x470.jpg 705w, https:\/\/radiorevelacionfm.cl\/wp-content\/uploads\/2024\/05\/Matricula-CFT-2-1-1-450x300.jpg 450w, https:\/\/radiorevelacionfm.cl\/wp-content\/uploads\/2024\/05\/Matricula-CFT-2-1-1-600x400.jpg 600w\" sizes=\"(max-width: 900px) 100vw, 900px\" \/><\/div><\/div><\/div><\/div><div class=\"flex_column av_one_full  flex_column_div av-zero-column-padding first  avia-builder-el-2  el_after_av_one_full  el_before_av_one_full  column-top-margin\" style='border-radius:0px; '><section class=\"av_textblock_section \"  itemscope=\"itemscope\" itemtype=\"https:\/\/schema.org\/BlogPosting\" itemprop=\"blogPost\" ><div class='avia_textblock  '   itemprop=\"text\" ><p style=\"text-align: center;\"><span style=\"font-size: 18pt;\"><b><span lang=\"ES\">CFT Estatal de Ays\u00e9n inici\u00f3 proceso de matr\u00edcula para dar continuidad de estudios a las y los estudiantes de IP y CFT Los Lagos<\/span><\/b><\/span><\/p>\n<div id=\"gtx-trans\" style=\"position: absolute; left: -50px; top: 4.31534px;\">\n<div class=\"gtx-trans-icon\"><\/div>\n<\/div>\n<\/div><\/section><\/div><div class=\"flex_column av_one_full  flex_column_div av-zero-column-padding first  avia-builder-el-4  el_after_av_one_full  el_before_av_hr  column-top-margin\" style='border-radius:0px; '><section class=\"av_textblock_section \"  itemscope=\"itemscope\" itemtype=\"https:\/\/schema.org\/BlogPosting\" itemprop=\"blogPost\" ><div class='avia_textblock  '   itemprop=\"text\" ><p class=\"v1MsoNormal\" style=\"text-align: justify;\" align=\"center\"><i><span lang=\"ES\">De esta forma se concreta el convenio de colaboraci\u00f3n firmado entre la instituci\u00f3n de educaci\u00f3n estatal y la Subsecretar\u00eda de Educaci\u00f3n Superior que beneficia a 400 personas afectadas por el cierre de ambas instituciones.<\/span><\/i><\/p>\n<p class=\"v1MsoNormal\" style=\"text-align: justify;\"><span lang=\"ES\">Hoy en Coyhaique el Centro de Formaci\u00f3n T\u00e9cnica (CFT) Estatal de Ays\u00e9n dio inicio al proceso de matr\u00edcula de estudiantes que cursaban estudios en el CFT e IP Los Lagos y que fueron afectados por el cierre de ambas instituciones.<\/span><\/p>\n<p class=\"v1MsoNormal\" style=\"text-align: justify;\"><span lang=\"ES\">De esta forma se materializa en los hechos el convenio suscrito por la Subsecretar\u00eda de Educaci\u00f3n Superior del Mineduc, el CFT Estatal de Ays\u00e9n y los administradores de cierre del IP y del CFT Los Lagos. Estas \u00faltimas instituciones enfrentan un proceso de cierre debido a una serie de conflictos econ\u00f3micos que se constataron tras una investigaci\u00f3n de la Superintendencia de Educaci\u00f3n Superior.\u00a0<\/span><\/p>\n<p class=\"v1MsoNormal\" style=\"text-align: justify;\"><span lang=\"ES\">Mediante este acto el CFT Estatal de Ays\u00e9n cumple un importante hito en el proceso que permite garantizar la continuidad de los ciclos formativos de los estudiantes del IP y CFT Los Lagos, instituciones que en la zona abarcan a alrededor de 400 estudiantes. Tambi\u00e9n la instituci\u00f3n de educaci\u00f3n t\u00e9cnica superior ha dispuesto de los espacios f\u00edsicos suficientes y adecuados, y personal acad\u00e9mico id\u00f3neo para el ejercicio de las funciones acordadas. Mediante el acuerdo se respeta el valor por matr\u00edcula, aranceles, derechos de titulaci\u00f3n y de cualquier otro cobro relacionado con el servicio educacional que las y los estudiantes reciban.<\/span><\/p>\n<p class=\"v1MsoNormal\" style=\"text-align: justify;\"><span lang=\"ES\">Este hecho fue destacado por la seremi de Educaci\u00f3n\u00a0 Isabel Garrido Casassa quien se\u00f1al\u00f3 que: \u201cComo Gobierno estamos\u00a0 muy contentos con este hito de inicio de las matr\u00edculas de los estudiantes del CFT e IP Los Lagos en el CFT Estatal de Ays\u00e9n. Reiteramos que no dejaremos solos a los estudiantes afectados por el cierre de estas instituciones producto de la mala gesti\u00f3n y administraci\u00f3n de propietarios inescrupulosos. Felizmente, hoy con el convenio de colaboraci\u00f3n de la Subsecretar\u00eda de Educaci\u00f3n Superior y el CFT Estatal se da cumplimiento a la ley que garantiza el derecho a la educaci\u00f3n superior. Tambi\u00e9n destacamos que en este contexto el CFT Estatal se instala en la comuna de Coyhaique, aumentando territorialmente la cobertura de educaci\u00f3n superior p\u00fablica\u201d.<\/span><\/p>\n<p class=\"v1MsoNormal\" style=\"text-align: justify;\"><span lang=\"ES\">Por su parte, el Rector del CFT Estatal Ays\u00e9n V\u00edctor Alvarez detall\u00f3 las acciones desplegadas para dar cumplimiento al convenio con la Subsecretar\u00eda de Educaci\u00f3n Superior.<\/span><\/p>\n<p class=\"v1MsoNormal\" style=\"text-align: justify;\"><span lang=\"ES\">\u201cEstamos haciendo uso de las dependencias que ocupaba el IP y CFT Los Lagos. Hoy iniciamos el periodo de matr\u00edcula de las y los estudiantes que consideramos es un verdadero hito y tambi\u00e9n estamos en el proceso de regularizaci\u00f3n de arriendo y reparaciones de este inmueble y la compra de mobiliario nuevo. Para llegar a esta etapa tuvimos que parametrizar junto con los administradores de cierre del IP y CFT Los Lagos toda la informaci\u00f3n acad\u00e9mica, notas y otros antecedentes a fin de que cada una y cada uno de los estudiantes pueda firmar el contrato de servicio educativo. Ya tenemos listo el calendario acad\u00e9mico y el inicio de clases\u00a0 lo tenemos programando para las \u00faltimas semanas de mayo y estamos trabajando intensamente para tener todas las condiciones para recibir a las y los estudiantes\u201d.<\/span><\/p>\n<p class=\"v1MsoNormal\" style=\"text-align: justify;\"><span lang=\"ES\">V\u00edctor Hugo \u00c1lvarez reiter\u00f3 el compromiso del CFT Estatal con la continuidad del servicio educativo e hizo un llamado a las y los estudiantes que estudiaban en el IP y\u00a0 CFT Los Lagos a acercarse y concretar su matr\u00edcula en el CFT Estatal de Ays\u00e9n para poder terminar su carrera.<\/span><\/p>\n<p class=\"v1MsoNormal\" style=\"text-align: justify;\"><span lang=\"ES\">\u201cEstamos muy orgullosos y comprometidos con apoyar a los estudiantes afectados por esta situaci\u00f3n de cierre de las instituciones donde se estaban formando profesionalmente para que terminen sus estudios. Para ello, estamos realizando una matr\u00edcula muy personalizada\u201d.<\/span><\/p>\n<p class=\"v1MsoNormal\" style=\"text-align: justify;\"><span lang=\"ES\">En esa misma l\u00ednea, la Seremi de Educaci\u00f3n Isabel Garrido llam\u00f3 a los estudiantes que hayan terminaron su carrera en el IP y CFT Los Lagos y necesitan su certificado de t\u00edtulo a comunicarse con la Serem\u00eda de Educaci\u00f3n Ays\u00e9n\u00a0 llamando\u00a0 al fono 2582802 para concretar ese tr\u00e1mite.<\/span><\/p>\n<p class=\"v1MsoNormal\" style=\"text-align: justify;\"><span lang=\"ES\">Karen Ayanc\u00e1n, representante de las y los estudiantes del IP\/CFT Los Lagos en Coyhaique manifest\u00f3 su satisfacci\u00f3n y esperanza por el avance de este proceso que permite retomar y finalizar sus estudios a 400 personas.<\/span><\/p>\n<p class=\"v1MsoNormal\" style=\"text-align: justify;\"><span lang=\"ES\">\u201cNosotros nos encontramos muy felices por el trabajo que se ha realizado y todo el apoyo que hemos tenido de la\u00a0 Seremi de Educaci\u00f3n, y autoridades nacionales y regionales que nos han apoyado para llegar a este punto, matricul\u00e1ndonos y terminando nuestros estudios, proceso que nos ten\u00eda con mucha ansiedad e incertidumbre y afectados sicol\u00f3gicamente. Ahora estamos tranquilos y motivados a empezar esta etapa. Agradecemos al CFT Estatal de Ays\u00e9n por haber asumido este desaf\u00edo de tomarnos y ayudarnos a concluir en buena forma este proceso\u201d.<\/span><\/p>\n<p class=\"v1MsoNormal\" style=\"text-align: justify;\"><span lang=\"ES\">\u00a0<\/span><\/p>\n<\/div><\/section><\/div><div  style='height:50px' class='hr hr-invisible   avia-builder-el-6  el_after_av_one_full  el_before_av_social_share '><span class='hr-inner ' ><span class='hr-inner-style'><\/span><\/span><\/div><\/p>\n<div  class='av-social-sharing-box  avia-builder-el-7  el_after_av_hr  el_before_av_hr  '><div class='av-share-box'><h5 class='av-share-link-description av-no-toc '>Compartir esta noticia<\/h5><ul class='av-share-box-list noLightbox'><li class='av-share-link av-social-link-facebook' ><a target=\"_blank\" aria-label=\"Compartir en Facebook\" href='https:\/\/www.facebook.com\/sharer.php?u=https:\/\/radiorevelacionfm.cl\/?p=41938&#038;t=CFT%20Estatal%20de%20Ays%C3%A9n%20inici%C3%B3%20proceso%20de%20matr%C3%ADcula%20para%20dar%20continuidad%20de%20estudios%20a%20las%20y%20los%20estudiantes%20de%20IP%20y%20CFT%20Los%20Lagos' aria-hidden='false' data-av_icon='\ue8f3' data-av_iconfont='entypo-fontello' title='' data-avia-related-tooltip='Compartir en Facebook' rel=\"noopener\"><span class='avia_hidden_link_text'>Compartir en Facebook<\/span><\/a><\/li><li class='av-share-link av-social-link-twitter' ><a target=\"_blank\" aria-label=\"Compartir en Twitter\" href='https:\/\/twitter.com\/share?text=CFT%20Estatal%20de%20Ays%C3%A9n%20inici%C3%B3%20proceso%20de%20matr%C3%ADcula%20para%20dar%20continuidad%20de%20estudios%20a%20las%20y%20los%20estudiantes%20de%20IP%20y%20CFT%20Los%20Lagos&#038;url=https:\/\/radiorevelacionfm.cl\/?p=41938' aria-hidden='false' data-av_icon='\ue8f1' data-av_iconfont='entypo-fontello' title='' data-avia-related-tooltip='Compartir en Twitter' rel=\"noopener\"><span class='avia_hidden_link_text'>Compartir en Twitter<\/span><\/a><\/li><li class='av-share-link av-social-link-whatsapp' ><a target=\"_blank\" aria-label=\"Compartir en Whatsapp\" href='https:\/\/api.whatsapp.com\/send?text=https:\/\/radiorevelacionfm.cl\/?p=41938' aria-hidden='false' data-av_icon='\uf232' data-av_iconfont='entypo-fontello' title='' data-avia-related-tooltip='Compartir en Whatsapp' rel=\"noopener\"><span class='avia_hidden_link_text'>Compartir en Whatsapp<\/span><\/a><\/li><li class='av-share-link av-social-link-linkedin' ><a target=\"_blank\" aria-label=\"Compartir en LinkedIn\" href='https:\/\/linkedin.com\/shareArticle?mini=true&#038;title=CFT%20Estatal%20de%20Ays%C3%A9n%20inici%C3%B3%20proceso%20de%20matr%C3%ADcula%20para%20dar%20continuidad%20de%20estudios%20a%20las%20y%20los%20estudiantes%20de%20IP%20y%20CFT%20Los%20Lagos&#038;url=https:\/\/radiorevelacionfm.cl\/?p=41938' aria-hidden='false' data-av_icon='\ue8fc' data-av_iconfont='entypo-fontello' title='' data-avia-related-tooltip='Compartir en LinkedIn' rel=\"noopener\"><span class='avia_hidden_link_text'>Compartir en LinkedIn<\/span><\/a><\/li><li class='av-share-link av-social-link-mail' ><a  aria-label=\"Compartir por correo\" href='mailto:?subject=CFT%20Estatal%20de%20Ays%C3%A9n%20inici%C3%B3%20proceso%20de%20matr%C3%ADcula%20para%20dar%20continuidad%20de%20estudios%20a%20las%20y%20los%20estudiantes%20de%20IP%20y%20CFT%20Los%20Lagos&#038;body=https:\/\/radiorevelacionfm.cl\/?p=41938' aria-hidden='false' data-av_icon='\ue805' data-av_iconfont='entypo-fontello' title='' data-avia-related-tooltip='Compartir por correo'><span class='avia_hidden_link_text'>Compartir por correo<\/span><\/a><\/li><\/ul><\/div><\/div>\n<div  style='height:50px' class='hr hr-invisible   avia-builder-el-8  el_after_av_social_share  el_before_av_comments_list '><span class='hr-inner ' ><span class='hr-inner-style'><\/span><\/span><\/div>\n<div  class='av-buildercomment  av-blog-meta-html-info-disabled av-blog-meta-tag-disabled  '><\/div>\n","protected":false},"excerpt":{"rendered":"","protected":false},"author":1,"featured_media":41939,"comment_status":"open","ping_status":"open","sticky":false,"template":"","format":"standard","meta":{"footnotes":""},"categories":[49],"tags":[],"class_list":["post-41938","post","type-post","status-publish","format-standard","has-post-thumbnail","hentry","category-educacion"],"jetpack_featured_media_url":"https:\/\/radiorevelacionfm.cl\/wp-content\/uploads\/2024\/05\/Matricula-CFT-2-1-1.jpg","_links":{"self":[{"href":"https:\/\/radiorevelacionfm.cl\/index.php?rest_route=\/wp\/v2\/posts\/41938","targetHints":{"allow":["GET"]}}],"collection":[{"href":"https:\/\/radiorevelacionfm.cl\/index.php?rest_route=\/wp\/v2\/posts"}],"about":[{"href":"https:\/\/radiorevelacionfm.cl\/index.php?rest_route=\/wp\/v2\/types\/post"}],"author":[{"embeddable":true,"href":"https:\/\/radiorevelacionfm.cl\/index.php?rest_route=\/wp\/v2\/users\/1"}],"replies":[{"embeddable":true,"href":"https:\/\/radiorevelacionfm.cl\/index.php?rest_route=%2Fwp%2Fv2%2Fcomments&post=41938"}],"version-history":[{"count":1,"href":"https:\/\/radiorevelacionfm.cl\/index.php?rest_route=\/wp\/v2\/posts\/41938\/revisions"}],"predecessor-version":[{"id":41940,"href":"https:\/\/radiorevelacionfm.cl\/index.php?rest_route=\/wp\/v2\/posts\/41938\/revisions\/41940"}],"wp:featuredmedia":[{"embeddable":true,"href":"https:\/\/radiorevelacionfm.cl\/index.php?rest_route=\/wp\/v2\/media\/41939"}],"wp:attachment":[{"href":"https:\/\/radiorevelacionfm.cl\/index.php?rest_route=%2Fwp%2Fv2%2Fmedia&parent=41938"}],"wp:term":[{"taxonomy":"category","embeddable":true,"href":"https:\/\/radiorevelacionfm.cl\/index.php?rest_route=%2Fwp%2Fv2%2Fcategories&post=41938"},{"taxonomy":"post_tag","embeddable":true,"href":"https:\/\/radiorevelacionfm.cl\/index.php?rest_route=%2Fwp%2Fv2%2Ftags&post=41938"}],"curies":[{"name":"wp","href":"https:\/\/api.w.org\/{rel}","templated":true}]}}