{"id":41935,"date":"2024-05-07T11:34:06","date_gmt":"2024-05-07T14:34:06","guid":{"rendered":"https:\/\/radiorevelacionfm.cl\/?p=41935"},"modified":"2024-05-07T11:34:06","modified_gmt":"2024-05-07T14:34:06","slug":"entregan-terreno-a-empresa-que-ejecutara-proyecto-de-mejoramiento-electrico-en-la-carcel-de-aysen","status":"publish","type":"post","link":"https:\/\/radiorevelacionfm.cl\/?p=41935","title":{"rendered":"Entregan terreno a empresa que ejecutar\u00e1 proyecto de Mejoramiento El\u00e9ctrico en la c\u00e1rcel de Ays\u00e9n"},"content":{"rendered":"<div class=\"flex_column av_one_full  flex_column_div av-zero-column-padding first  avia-builder-el-0  el_before_av_one_full  avia-builder-el-first  \" style='border-radius:0px; '><div  class='avia-image-container  av-styling-    avia-builder-el-1  avia-builder-el-no-sibling  avia-align-center '  itemprop=\"image\" itemscope=\"itemscope\" itemtype=\"https:\/\/schema.org\/ImageObject\"  ><div class='avia-image-container-inner'><div class='avia-image-overlay-wrap'><img decoding=\"async\" class='wp-image-41936 avia-img-lazy-loading-not-41936 avia_image' src=\"https:\/\/radiorevelacionfm.cl\/wp-content\/uploads\/2024\/05\/comunicado-cdp-aysen-1_optimized.jpg\" alt='' title='comunicado-cdp-ays\u00e9n-(1)_optimized' height=\"600\" width=\"1333\"  itemprop=\"thumbnailUrl\" srcset=\"https:\/\/radiorevelacionfm.cl\/wp-content\/uploads\/2024\/05\/comunicado-cdp-aysen-1_optimized.jpg 1333w, https:\/\/radiorevelacionfm.cl\/wp-content\/uploads\/2024\/05\/comunicado-cdp-aysen-1_optimized-300x135.jpg 300w, https:\/\/radiorevelacionfm.cl\/wp-content\/uploads\/2024\/05\/comunicado-cdp-aysen-1_optimized-1030x464.jpg 1030w, https:\/\/radiorevelacionfm.cl\/wp-content\/uploads\/2024\/05\/comunicado-cdp-aysen-1_optimized-768x346.jpg 768w, https:\/\/radiorevelacionfm.cl\/wp-content\/uploads\/2024\/05\/comunicado-cdp-aysen-1_optimized-705x317.jpg 705w, https:\/\/radiorevelacionfm.cl\/wp-content\/uploads\/2024\/05\/comunicado-cdp-aysen-1_optimized-450x203.jpg 450w, https:\/\/radiorevelacionfm.cl\/wp-content\/uploads\/2024\/05\/comunicado-cdp-aysen-1_optimized-600x270.jpg 600w\" sizes=\"(max-width: 1333px) 100vw, 1333px\" \/><\/div><\/div><\/div><\/div><div class=\"flex_column av_one_full  flex_column_div av-zero-column-padding first  avia-builder-el-2  el_after_av_one_full  el_before_av_one_full  column-top-margin\" style='border-radius:0px; '><section class=\"av_textblock_section \"  itemscope=\"itemscope\" itemtype=\"https:\/\/schema.org\/BlogPosting\" itemprop=\"blogPost\" ><div class='avia_textblock  '   itemprop=\"text\" ><p style=\"text-align: center;\"><span style=\"font-size: 18pt;\"><strong>Entregan terreno a empresa que ejecutar\u00e1 proyecto de Mejoramiento El\u00e9ctrico en la c\u00e1rcel de Ays\u00e9n<\/strong><\/span><\/p>\n<div id=\"gtx-trans\" style=\"position: absolute; left: -50px; top: 4.31534px;\">\n<div class=\"gtx-trans-icon\"><\/div>\n<\/div>\n<\/div><\/section><\/div><div class=\"flex_column av_one_full  flex_column_div av-zero-column-padding first  avia-builder-el-4  el_after_av_one_full  el_before_av_hr  column-top-margin\" style='border-radius:0px; '><section class=\"av_textblock_section \"  itemscope=\"itemscope\" itemtype=\"https:\/\/schema.org\/BlogPosting\" itemprop=\"blogPost\" ><div class='avia_textblock  '   itemprop=\"text\" ><p style=\"text-align: justify;\"><em>La iniciativa es financiada mediante un proyecto Fril presentado por la Municipalidad de Ays\u00e9n al Gobierno Regional e involucra una inversi\u00f3n cercana a los 100 millones de pesos.<\/em><\/p>\n<p style=\"text-align: justify;\">La semana reci\u00e9n pasada se llev\u00f3 a cabo la entrega de terreno a la empresa Electromag SPA que estar\u00e1 a cargo de la ejecuci\u00f3n del proyecto \u201cMejoramiento Sistema El\u00e9ctrico y Equipo Electr\u00f3geno Emergencia del Centro de Detenci\u00f3n Preventiva de Puerto Ays\u00e9n\u201d, proyecto que supera los 90 millones de pesos y que ser\u00e1 financiado mediante proyecto Fril presentado por el Municipio al Gobierno Regional de Ays\u00e9n.<\/p>\n<p style=\"text-align: justify;\">Dicha actividad cont\u00f3 con la presencia del alcalde la comuna de Ays\u00e9n Julio Uribe, el seremi de Justicia y Derechos Humanos Samuel Navarro, el director regional de Gendarmer\u00eda Comandante Freddy Molinet, el alcaide (s) del CDP Ays\u00e9n Mayor Alex Carrasco, las concejalas Tatiana Villarroel y M\u00f3nica Navarrete, adem\u00e1s de funcionarios municipales y de la empresa a cargo de la ejecuci\u00f3n del proyecto.<\/p>\n<p style=\"text-align: justify;\">Respecto a c\u00f3mo nace el inter\u00e9s del municipio por presentar dicho proyecto en favor de la unidad penal, el alcalde Julio Uribe Alvarado explic\u00f3 que \u201ctras una conversaci\u00f3n con funcionarios de Gendarmer\u00eda y en conjunto con nuestros ingenieros decidimos elaborar este proyecto y hoy ya estamos en la etapa de ejecuci\u00f3n con la entrega de terreno a la empresa, esperamos que lo ejecuten de la mejor forma para que en un par de meses m\u00e1s ya en la c\u00e1rcel puedan contar con este suministro el\u00e9ctrico de la mejor forma y que no tengan riesgos, por lo tanto el trabajo que se est\u00e1 haciendo con la Serem\u00eda de Justicia, Gendarmer\u00eda y con nuestros profesionales es lo que ha llevado a que podamos tener hoy d\u00eda este proyecto en ejecuci\u00f3n, esperar que todo resulte bien y que podamos contar con este servicio a la brevedad\u201d.<\/p>\n<p style=\"text-align: justify;\">Mientras que, Oscar Brice\u00f1o encargado de la ejecuci\u00f3n de la obra explic\u00f3 que se trata de una normalizaci\u00f3n el\u00e9ctrica, dado que el sistema hace muchos a\u00f1os no ha tenido una mantenci\u00f3n adecuada, lo que se traduce en \u201ccambio del grupo electr\u00f3geno que es el sistema de respaldo que se tiene en el caso que la red el\u00e9ctrica falle, es un motor bastante grande que soporta toda la electricidad del recinto, as\u00ed tambi\u00e9n considera el cambio del tablero general, del sistema de iluminarias perimetrales y de luminarias p\u00fablicas tambi\u00e9n, en definitiva mejora la luminosidad actual que es bastante baja\u201d.<\/p>\n<p style=\"text-align: justify;\">Por su parte, el Seremi de Justicia y Derechos Humanos Samuel Navarro Castro destac\u00f3 el trabajo conjunto con el Municipio y el Gobierno Regional, puesto que permite ir avanzando en seguridad p\u00fablica \u201cnos parece muy importante esta alianza, ya que a trav\u00e9s de este proyecto Fril nos permite mejorar el sistema el\u00e9ctrico de la unidad penitenciaria, puesto que es una necesidad muy importante y urgente dado los frecuentes cortes el\u00e9ctricos que tiene, pero adem\u00e1s no solamente resuelve el problema al interior del recinto penitenciario sino que tambi\u00e9n al exterior, permitiendo contribuir a la seguridad p\u00fablica con la iluminaci\u00f3n al exterior del penal, lo que tambi\u00e9n va a ayudar a la ciudad a tener un entorno m\u00e1s seguro, m\u00e1s tranquilo en lo inmediato en los vecinos que colindan con el recinto penitenciario\u201d.<\/p>\n<p style=\"text-align: justify;\">Finalmente, el Director Regional de Gendarmer\u00eda de Chile, Comandante Fredy Molinet Anoni indic\u00f3 que \u201ceste proyecto es altamente importante para nosotros, ya que son casi 100 millones de pesos para ver todo el tema el\u00e9ctrico de la unidad penal, ustedes se dieron cuenta que hemos tenido varios cortes constantes de luz y que nos perjudica, porque cuando hablamos de seguridad tambi\u00e9n se traduce a hitos como \u00e9ste, vamos a contar con m\u00e1s iluminaci\u00f3n dentro de la c\u00e1rcel, ya que actualmente tenemos varios sectores donde est\u00e1 realmente oscuro\u201d concluy\u00f3.<\/p>\n<\/div><\/section><\/div><div  style='height:50px' class='hr hr-invisible   avia-builder-el-6  el_after_av_one_full  el_before_av_social_share '><span class='hr-inner ' ><span class='hr-inner-style'><\/span><\/span><\/div><\/p>\n<div  class='av-social-sharing-box  avia-builder-el-7  el_after_av_hr  el_before_av_hr  '><div class='av-share-box'><h5 class='av-share-link-description av-no-toc '>Compartir esta noticia<\/h5><ul class='av-share-box-list noLightbox'><li class='av-share-link av-social-link-facebook' ><a target=\"_blank\" aria-label=\"Compartir en Facebook\" href='https:\/\/www.facebook.com\/sharer.php?u=https:\/\/radiorevelacionfm.cl\/?p=41935&#038;t=Entregan%20terreno%20a%20empresa%20que%20ejecutar%C3%A1%20proyecto%20de%20Mejoramiento%20El%C3%A9ctrico%20en%20la%20c%C3%A1rcel%20de%20Ays%C3%A9n' aria-hidden='false' data-av_icon='\ue8f3' data-av_iconfont='entypo-fontello' title='' data-avia-related-tooltip='Compartir en Facebook' rel=\"noopener\"><span class='avia_hidden_link_text'>Compartir en Facebook<\/span><\/a><\/li><li class='av-share-link av-social-link-twitter' ><a target=\"_blank\" aria-label=\"Compartir en Twitter\" href='https:\/\/twitter.com\/share?text=Entregan%20terreno%20a%20empresa%20que%20ejecutar%C3%A1%20proyecto%20de%20Mejoramiento%20El%C3%A9ctrico%20en%20la%20c%C3%A1rcel%20de%20Ays%C3%A9n&#038;url=https:\/\/radiorevelacionfm.cl\/?p=41935' aria-hidden='false' data-av_icon='\ue8f1' data-av_iconfont='entypo-fontello' title='' data-avia-related-tooltip='Compartir en Twitter' rel=\"noopener\"><span class='avia_hidden_link_text'>Compartir en Twitter<\/span><\/a><\/li><li class='av-share-link av-social-link-whatsapp' ><a target=\"_blank\" aria-label=\"Compartir en Whatsapp\" href='https:\/\/api.whatsapp.com\/send?text=https:\/\/radiorevelacionfm.cl\/?p=41935' aria-hidden='false' data-av_icon='\uf232' data-av_iconfont='entypo-fontello' title='' data-avia-related-tooltip='Compartir en Whatsapp' rel=\"noopener\"><span class='avia_hidden_link_text'>Compartir en Whatsapp<\/span><\/a><\/li><li class='av-share-link av-social-link-linkedin' ><a target=\"_blank\" aria-label=\"Compartir en LinkedIn\" href='https:\/\/linkedin.com\/shareArticle?mini=true&#038;title=Entregan%20terreno%20a%20empresa%20que%20ejecutar%C3%A1%20proyecto%20de%20Mejoramiento%20El%C3%A9ctrico%20en%20la%20c%C3%A1rcel%20de%20Ays%C3%A9n&#038;url=https:\/\/radiorevelacionfm.cl\/?p=41935' aria-hidden='false' data-av_icon='\ue8fc' data-av_iconfont='entypo-fontello' title='' data-avia-related-tooltip='Compartir en LinkedIn' rel=\"noopener\"><span class='avia_hidden_link_text'>Compartir en LinkedIn<\/span><\/a><\/li><li class='av-share-link av-social-link-mail' ><a  aria-label=\"Compartir por correo\" href='mailto:?subject=Entregan%20terreno%20a%20empresa%20que%20ejecutar%C3%A1%20proyecto%20de%20Mejoramiento%20El%C3%A9ctrico%20en%20la%20c%C3%A1rcel%20de%20Ays%C3%A9n&#038;body=https:\/\/radiorevelacionfm.cl\/?p=41935' aria-hidden='false' data-av_icon='\ue805' data-av_iconfont='entypo-fontello' title='' data-avia-related-tooltip='Compartir por correo'><span class='avia_hidden_link_text'>Compartir por correo<\/span><\/a><\/li><\/ul><\/div><\/div>\n<div  style='height:50px' class='hr hr-invisible   avia-builder-el-8  el_after_av_social_share  el_before_av_comments_list '><span class='hr-inner ' ><span class='hr-inner-style'><\/span><\/span><\/div>\n<div  class='av-buildercomment  av-blog-meta-html-info-disabled av-blog-meta-tag-disabled  '><\/div>\n","protected":false},"excerpt":{"rendered":"","protected":false},"author":1,"featured_media":41936,"comment_status":"open","ping_status":"open","sticky":false,"template":"","format":"standard","meta":{"footnotes":""},"categories":[55],"tags":[],"class_list":["post-41935","post","type-post","status-publish","format-standard","has-post-thumbnail","hentry","category-justicia"],"jetpack_featured_media_url":"https:\/\/radiorevelacionfm.cl\/wp-content\/uploads\/2024\/05\/comunicado-cdp-aysen-1_optimized.jpg","_links":{"self":[{"href":"https:\/\/radiorevelacionfm.cl\/index.php?rest_route=\/wp\/v2\/posts\/41935","targetHints":{"allow":["GET"]}}],"collection":[{"href":"https:\/\/radiorevelacionfm.cl\/index.php?rest_route=\/wp\/v2\/posts"}],"about":[{"href":"https:\/\/radiorevelacionfm.cl\/index.php?rest_route=\/wp\/v2\/types\/post"}],"author":[{"embeddable":true,"href":"https:\/\/radiorevelacionfm.cl\/index.php?rest_route=\/wp\/v2\/users\/1"}],"replies":[{"embeddable":true,"href":"https:\/\/radiorevelacionfm.cl\/index.php?rest_route=%2Fwp%2Fv2%2Fcomments&post=41935"}],"version-history":[{"count":1,"href":"https:\/\/radiorevelacionfm.cl\/index.php?rest_route=\/wp\/v2\/posts\/41935\/revisions"}],"predecessor-version":[{"id":41937,"href":"https:\/\/radiorevelacionfm.cl\/index.php?rest_route=\/wp\/v2\/posts\/41935\/revisions\/41937"}],"wp:featuredmedia":[{"embeddable":true,"href":"https:\/\/radiorevelacionfm.cl\/index.php?rest_route=\/wp\/v2\/media\/41936"}],"wp:attachment":[{"href":"https:\/\/radiorevelacionfm.cl\/index.php?rest_route=%2Fwp%2Fv2%2Fmedia&parent=41935"}],"wp:term":[{"taxonomy":"category","embeddable":true,"href":"https:\/\/radiorevelacionfm.cl\/index.php?rest_route=%2Fwp%2Fv2%2Fcategories&post=41935"},{"taxonomy":"post_tag","embeddable":true,"href":"https:\/\/radiorevelacionfm.cl\/index.php?rest_route=%2Fwp%2Fv2%2Ftags&post=41935"}],"curies":[{"name":"wp","href":"https:\/\/api.w.org\/{rel}","templated":true}]}}