{"id":41932,"date":"2024-05-06T17:29:29","date_gmt":"2024-05-06T20:29:29","guid":{"rendered":"https:\/\/radiorevelacionfm.cl\/?p=41932"},"modified":"2024-05-06T17:31:55","modified_gmt":"2024-05-06T20:31:55","slug":"hoy-estamos-en-las-localidades-mas-alejadas-de-la-region-senadora-ordenes-destaco-la-realizacion-de-cuatro-talleres-de-formacion-ciudadana","status":"publish","type":"post","link":"https:\/\/radiorevelacionfm.cl\/?p=41932","title":{"rendered":"\u201cHoy estamos en las localidades m\u00e1s alejadas de la regi\u00f3n\u201d: Senadora \u00d3rdenes destac\u00f3 la realizaci\u00f3n de cuatro talleres de formaci\u00f3n ciudadana"},"content":{"rendered":"<div class=\"flex_column av_one_full  flex_column_div av-zero-column-padding first  avia-builder-el-0  el_before_av_one_full  avia-builder-el-first  \" style='border-radius:0px; '><div  class='avia-image-container  av-styling-    avia-builder-el-1  avia-builder-el-no-sibling  avia-align-center '  itemprop=\"image\" itemscope=\"itemscope\" itemtype=\"https:\/\/schema.org\/ImageObject\"  ><div class='avia-image-container-inner'><div class='avia-image-overlay-wrap'><img decoding=\"async\" class='wp-image-41933 avia-img-lazy-loading-not-41933 avia_image' src=\"https:\/\/radiorevelacionfm.cl\/wp-content\/uploads\/2024\/05\/FOTO-3-3-1-1.jpg\" alt='' title='FOTO #3 (3) (1) (1)' height=\"600\" width=\"827\"  itemprop=\"thumbnailUrl\" srcset=\"https:\/\/radiorevelacionfm.cl\/wp-content\/uploads\/2024\/05\/FOTO-3-3-1-1.jpg 827w, https:\/\/radiorevelacionfm.cl\/wp-content\/uploads\/2024\/05\/FOTO-3-3-1-1-300x218.jpg 300w, https:\/\/radiorevelacionfm.cl\/wp-content\/uploads\/2024\/05\/FOTO-3-3-1-1-768x557.jpg 768w, https:\/\/radiorevelacionfm.cl\/wp-content\/uploads\/2024\/05\/FOTO-3-3-1-1-705x511.jpg 705w, https:\/\/radiorevelacionfm.cl\/wp-content\/uploads\/2024\/05\/FOTO-3-3-1-1-450x326.jpg 450w, https:\/\/radiorevelacionfm.cl\/wp-content\/uploads\/2024\/05\/FOTO-3-3-1-1-600x435.jpg 600w\" sizes=\"(max-width: 827px) 100vw, 827px\" \/><\/div><\/div><\/div><\/div><div class=\"flex_column av_one_full  flex_column_div av-zero-column-padding first  avia-builder-el-2  el_after_av_one_full  el_before_av_one_full  column-top-margin\" style='border-radius:0px; '><section class=\"av_textblock_section \"  itemscope=\"itemscope\" itemtype=\"https:\/\/schema.org\/BlogPosting\" itemprop=\"blogPost\" ><div class='avia_textblock  '   itemprop=\"text\" ><p style=\"text-align: center;\"><span style=\"font-size: 18pt;\"><strong>\u201cHoy estamos en las localidades m\u00e1s alejadas de la regi\u00f3n\u201d: Senadora \u00d3rdenes destac\u00f3 la realizaci\u00f3n de cuatro talleres de formaci\u00f3n ciudadana<\/strong><\/span><\/p>\n<div id=\"gtx-trans\" style=\"position: absolute; left: -50px; top: 4.31534px;\">\n<div class=\"gtx-trans-icon\"><\/div>\n<\/div>\n<\/div><\/section><\/div><div class=\"flex_column av_one_full  flex_column_div av-zero-column-padding first  avia-builder-el-4  el_after_av_one_full  el_before_av_hr  column-top-margin\" style='border-radius:0px; '><section class=\"av_textblock_section \"  itemscope=\"itemscope\" itemtype=\"https:\/\/schema.org\/BlogPosting\" itemprop=\"blogPost\" ><div class='avia_textblock  '   itemprop=\"text\" ><p style=\"text-align: justify;\">Durante su semana distrital, la senadora por la regi\u00f3n de Ays\u00e9n, Ximena \u00d3rdenes Neira, acompa\u00f1\u00f3 a estudiantes de las comunas de Cisnes y de Coyhaique en cuatro talleres de formaci\u00f3n ciudadana impartidos por el Senado, dos en la comuna de Cisnes -en el Liceo Arturo Prat Chac\u00f3n, de Puerto Cisnes y en la Escuela Eusebio Ibar, de La Junta- y dos en Coyhaique \u2013en el Liceo Juan Pablo II y en el Colegio Mater Dei-.<\/p>\n<p style=\"text-align: justify;\">Los talleres, llamados<strong> \u201cPoder Legislativo y formaci\u00f3n de la Ley\u201d,<\/strong> est\u00e1n dirigidos a estudiantes de 7\u00b0 b\u00e1sico a 4\u00b0 medio y tienen como objetivo que los participantes conozcan tanto las principales caracter\u00edsticas del rol y del funcionamiento del poder legislativo, como \u00a0del trabajo que realizan senadores y senadoras.<\/p>\n<p style=\"text-align: justify;\">\u201cEstamos muy contentos de estar en esta segunda instancia\u201d, se\u00f1al\u00f3 \u00d3rdenes, luego de concluido el segundo taller en la comuna de Cisnes. \u201cUn taller que es parte del trabajo que realiza el Senado en materia de vinculaci\u00f3n con el medio. La idea es llevar el poder legislativo y dar a conocer como es el proceso de tramitaci\u00f3n de una ley a todos los estudiantes\u201d, destac\u00f3.<\/p>\n<p style=\"text-align: justify;\">\u201cLos ciudadanos, la ciudadanas, son fundamentales para construir una mejor democracia. Lo que estamos haciendo ac\u00e1 es un ejercicio de participaci\u00f3n ciudadana, que a m\u00ed me parece fundamental\u201d, sostuvo la parlamentaria. \u201cEn particular, quiero agradecer a todos los estudiantes que han participado y le han dado vida a estos talleres. Estoy muy contenta, porque adem\u00e1s de Coyhaique y Ays\u00e9n, hoy estamos en localidades m\u00e1s alejadas de la regi\u00f3n, haciendo tambi\u00e9n estos ejercicios ciudadanos\u201d, concluy\u00f3, valorando el que el Senado haya recibido su propuesta de descentralizar esta actividad.<\/p>\n<p style=\"text-align: justify;\">Por su parte, Krishna Estroz, presidenta del Centro General de Alumnos del Liceo Juan Pablo II de Coyhaique, valor\u00f3 positivamente la actividad realizada, tanto por ella, como por sus compa\u00f1eros y compa\u00f1eras. \u201cNosotros como ciudadanos, normalmente, nunca estamos conscientes de todo lo que conlleva hacer estos proyectos, poder formularlos y todo este proceso, que es bastante largo y super formal\u201d, indic\u00f3, asegurando que \u201ces importante que nosotros sepamos esto\u201d y que esta \u201ces una actividad muy importante\u201d.<\/p>\n<p style=\"text-align: justify;\">\u201cEsta es una instancia que yo me atrevo a recomendar a mis colegas, a los senadores y senadoras, a lo largo de todo el pa\u00eds. Es una instancia muy din\u00e1mica, con estudiantes inquietos, con propuestas muy interesantes y <em>ad portas <\/em>del Torneo Delibera, creo que es una buena instancias para poder trabajar iniciativas que, sin dudas, vamos a terminar tramitando directamente en el Congreso Nacional\u201d, invit\u00f3 la senadora a sus pares, dando cuenta del \u00e9xito que tuvo esta actividad en la regi\u00f3n de Ays\u00e9n y de la importancia de las propuestas presentadas por las y los estudiantes.<\/p>\n<p style=\"text-align: justify;\">Cada taller fue organizado por profesionales de la Unidad de Vinculaci\u00f3n Ciudadana e impartido por abogadas de la corporaci\u00f3n, pertenecientes a las \u00e1reas de Comisiones y Secretar\u00eda, con una duraci\u00f3n de una hora y treinta minutos. En la din\u00e1mica, las y los estudiantes asumieron el rol de un parlamentario y experimentaron la creaci\u00f3n de un proyecto de ley asociado a sus intereses y entorno, constituyendo una instancia de trabajo activa, participativa y dial\u00f3gica, desde la realidad del estudiantado.<\/p>\n<\/div><\/section><\/div><div  style='height:50px' class='hr hr-invisible   avia-builder-el-6  el_after_av_one_full  el_before_av_social_share '><span class='hr-inner ' ><span class='hr-inner-style'><\/span><\/span><\/div><\/p>\n<div  class='av-social-sharing-box  avia-builder-el-7  el_after_av_hr  el_before_av_hr  '><div class='av-share-box'><h5 class='av-share-link-description av-no-toc '>Compartir esta noticia<\/h5><ul class='av-share-box-list noLightbox'><li class='av-share-link av-social-link-facebook' ><a target=\"_blank\" aria-label=\"Compartir en Facebook\" href='https:\/\/www.facebook.com\/sharer.php?u=https:\/\/radiorevelacionfm.cl\/?p=41932&#038;t=%E2%80%9CHoy%20estamos%20en%20las%20localidades%20m%C3%A1s%20alejadas%20de%20la%20regi%C3%B3n%E2%80%9D%3A%20Senadora%20%C3%93rdenes%20destac%C3%B3%20la%20realizaci%C3%B3n%20de%20cuatro%20talleres%20de%20formaci%C3%B3n%20ciudadana' aria-hidden='false' data-av_icon='\ue8f3' data-av_iconfont='entypo-fontello' title='' data-avia-related-tooltip='Compartir en Facebook' rel=\"noopener\"><span class='avia_hidden_link_text'>Compartir en Facebook<\/span><\/a><\/li><li class='av-share-link av-social-link-twitter' ><a target=\"_blank\" aria-label=\"Compartir en Twitter\" href='https:\/\/twitter.com\/share?text=%E2%80%9CHoy%20estamos%20en%20las%20localidades%20m%C3%A1s%20alejadas%20de%20la%20regi%C3%B3n%E2%80%9D%3A%20Senadora%20%C3%93rdenes%20destac%C3%B3%20la%20realizaci%C3%B3n%20de%20cuatro%20talleres%20de%20formaci%C3%B3n%20ciudadana&#038;url=https:\/\/radiorevelacionfm.cl\/?p=41932' aria-hidden='false' data-av_icon='\ue8f1' data-av_iconfont='entypo-fontello' title='' data-avia-related-tooltip='Compartir en Twitter' rel=\"noopener\"><span class='avia_hidden_link_text'>Compartir en Twitter<\/span><\/a><\/li><li class='av-share-link av-social-link-whatsapp' ><a target=\"_blank\" aria-label=\"Compartir en Whatsapp\" href='https:\/\/api.whatsapp.com\/send?text=https:\/\/radiorevelacionfm.cl\/?p=41932' aria-hidden='false' data-av_icon='\uf232' data-av_iconfont='entypo-fontello' title='' data-avia-related-tooltip='Compartir en Whatsapp' rel=\"noopener\"><span class='avia_hidden_link_text'>Compartir en Whatsapp<\/span><\/a><\/li><li class='av-share-link av-social-link-linkedin' ><a target=\"_blank\" aria-label=\"Compartir en LinkedIn\" href='https:\/\/linkedin.com\/shareArticle?mini=true&#038;title=%E2%80%9CHoy%20estamos%20en%20las%20localidades%20m%C3%A1s%20alejadas%20de%20la%20regi%C3%B3n%E2%80%9D%3A%20Senadora%20%C3%93rdenes%20destac%C3%B3%20la%20realizaci%C3%B3n%20de%20cuatro%20talleres%20de%20formaci%C3%B3n%20ciudadana&#038;url=https:\/\/radiorevelacionfm.cl\/?p=41932' aria-hidden='false' data-av_icon='\ue8fc' data-av_iconfont='entypo-fontello' title='' data-avia-related-tooltip='Compartir en LinkedIn' rel=\"noopener\"><span class='avia_hidden_link_text'>Compartir en LinkedIn<\/span><\/a><\/li><li class='av-share-link av-social-link-mail' ><a  aria-label=\"Compartir por correo\" href='mailto:?subject=%E2%80%9CHoy%20estamos%20en%20las%20localidades%20m%C3%A1s%20alejadas%20de%20la%20regi%C3%B3n%E2%80%9D%3A%20Senadora%20%C3%93rdenes%20destac%C3%B3%20la%20realizaci%C3%B3n%20de%20cuatro%20talleres%20de%20formaci%C3%B3n%20ciudadana&#038;body=https:\/\/radiorevelacionfm.cl\/?p=41932' aria-hidden='false' data-av_icon='\ue805' data-av_iconfont='entypo-fontello' title='' data-avia-related-tooltip='Compartir por correo'><span class='avia_hidden_link_text'>Compartir por correo<\/span><\/a><\/li><\/ul><\/div><\/div>\n<div  style='height:50px' class='hr hr-invisible   avia-builder-el-8  el_after_av_social_share  el_before_av_comments_list '><span class='hr-inner ' ><span class='hr-inner-style'><\/span><\/span><\/div>\n<div  class='av-buildercomment  av-blog-meta-html-info-disabled av-blog-meta-tag-disabled  '><\/div>\n","protected":false},"excerpt":{"rendered":"","protected":false},"author":1,"featured_media":41933,"comment_status":"open","ping_status":"open","sticky":false,"template":"","format":"standard","meta":{"footnotes":""},"categories":[35],"tags":[],"class_list":["post-41932","post","type-post","status-publish","format-standard","has-post-thumbnail","hentry","category-politica"],"jetpack_featured_media_url":"https:\/\/radiorevelacionfm.cl\/wp-content\/uploads\/2024\/05\/FOTO-3-3-1-1.jpg","_links":{"self":[{"href":"https:\/\/radiorevelacionfm.cl\/index.php?rest_route=\/wp\/v2\/posts\/41932","targetHints":{"allow":["GET"]}}],"collection":[{"href":"https:\/\/radiorevelacionfm.cl\/index.php?rest_route=\/wp\/v2\/posts"}],"about":[{"href":"https:\/\/radiorevelacionfm.cl\/index.php?rest_route=\/wp\/v2\/types\/post"}],"author":[{"embeddable":true,"href":"https:\/\/radiorevelacionfm.cl\/index.php?rest_route=\/wp\/v2\/users\/1"}],"replies":[{"embeddable":true,"href":"https:\/\/radiorevelacionfm.cl\/index.php?rest_route=%2Fwp%2Fv2%2Fcomments&post=41932"}],"version-history":[{"count":1,"href":"https:\/\/radiorevelacionfm.cl\/index.php?rest_route=\/wp\/v2\/posts\/41932\/revisions"}],"predecessor-version":[{"id":41934,"href":"https:\/\/radiorevelacionfm.cl\/index.php?rest_route=\/wp\/v2\/posts\/41932\/revisions\/41934"}],"wp:featuredmedia":[{"embeddable":true,"href":"https:\/\/radiorevelacionfm.cl\/index.php?rest_route=\/wp\/v2\/media\/41933"}],"wp:attachment":[{"href":"https:\/\/radiorevelacionfm.cl\/index.php?rest_route=%2Fwp%2Fv2%2Fmedia&parent=41932"}],"wp:term":[{"taxonomy":"category","embeddable":true,"href":"https:\/\/radiorevelacionfm.cl\/index.php?rest_route=%2Fwp%2Fv2%2Fcategories&post=41932"},{"taxonomy":"post_tag","embeddable":true,"href":"https:\/\/radiorevelacionfm.cl\/index.php?rest_route=%2Fwp%2Fv2%2Ftags&post=41932"}],"curies":[{"name":"wp","href":"https:\/\/api.w.org\/{rel}","templated":true}]}}