{"id":41929,"date":"2024-05-06T16:49:27","date_gmt":"2024-05-06T19:49:27","guid":{"rendered":"https:\/\/radiorevelacionfm.cl\/?p=41929"},"modified":"2024-05-06T16:49:27","modified_gmt":"2024-05-06T19:49:27","slug":"firma-de-convenio-permitira-coordinar-entrega-de-lena-a-adultos-mayores-personas-con-discapacidad-y-juntas-de-vecinos-de-coyhaique","status":"publish","type":"post","link":"https:\/\/radiorevelacionfm.cl\/?p=41929","title":{"rendered":"Firma de convenio permitir\u00e1 coordinar entrega de le\u00f1a a Adultos Mayores, personas con discapacidad y Juntas de Vecinos de Coyhaique"},"content":{"rendered":"<div class=\"flex_column av_one_full  flex_column_div av-zero-column-padding first  avia-builder-el-0  el_before_av_one_full  avia-builder-el-first  \" style='border-radius:0px; '><div  class='avia-image-container  av-styling-    avia-builder-el-1  avia-builder-el-no-sibling  avia-align-center '  itemprop=\"image\" itemscope=\"itemscope\" itemtype=\"https:\/\/schema.org\/ImageObject\"  ><div class='avia-image-container-inner'><div class='avia-image-overlay-wrap'><img decoding=\"async\" class='wp-image-41930 avia-img-lazy-loading-not-41930 avia_image' src=\"https:\/\/radiorevelacionfm.cl\/wp-content\/uploads\/2024\/05\/WhatsApp-Image-2024-05-03-at-12.58.52-PM-1-1-1.jpeg\" alt='' title='WhatsApp Image 2024-05-03 at 12.58.52 PM (1) (1) (1)' height=\"600\" width=\"1067\"  itemprop=\"thumbnailUrl\" srcset=\"https:\/\/radiorevelacionfm.cl\/wp-content\/uploads\/2024\/05\/WhatsApp-Image-2024-05-03-at-12.58.52-PM-1-1-1.jpeg 1067w, https:\/\/radiorevelacionfm.cl\/wp-content\/uploads\/2024\/05\/WhatsApp-Image-2024-05-03-at-12.58.52-PM-1-1-1-300x169.jpeg 300w, https:\/\/radiorevelacionfm.cl\/wp-content\/uploads\/2024\/05\/WhatsApp-Image-2024-05-03-at-12.58.52-PM-1-1-1-1030x579.jpeg 1030w, https:\/\/radiorevelacionfm.cl\/wp-content\/uploads\/2024\/05\/WhatsApp-Image-2024-05-03-at-12.58.52-PM-1-1-1-768x432.jpeg 768w, https:\/\/radiorevelacionfm.cl\/wp-content\/uploads\/2024\/05\/WhatsApp-Image-2024-05-03-at-12.58.52-PM-1-1-1-705x396.jpeg 705w, https:\/\/radiorevelacionfm.cl\/wp-content\/uploads\/2024\/05\/WhatsApp-Image-2024-05-03-at-12.58.52-PM-1-1-1-450x253.jpeg 450w, https:\/\/radiorevelacionfm.cl\/wp-content\/uploads\/2024\/05\/WhatsApp-Image-2024-05-03-at-12.58.52-PM-1-1-1-600x337.jpeg 600w\" sizes=\"(max-width: 1067px) 100vw, 1067px\" \/><\/div><\/div><\/div><\/div><div class=\"flex_column av_one_full  flex_column_div av-zero-column-padding first  avia-builder-el-2  el_after_av_one_full  el_before_av_one_full  column-top-margin\" style='border-radius:0px; '><section class=\"av_textblock_section \"  itemscope=\"itemscope\" itemtype=\"https:\/\/schema.org\/BlogPosting\" itemprop=\"blogPost\" ><div class='avia_textblock  '   itemprop=\"text\" ><p style=\"text-align: center;\"><strong><span style=\"font-size: 18pt;\">Firma de convenio permitir\u00e1 coordinar entrega de le\u00f1a a Adultos Mayores, personas con discapacidad y Juntas de Vecinos de Coyhaique <\/span><\/strong><\/p>\n<div id=\"gtx-trans\" style=\"position: absolute; left: -50px; top: 4.31534px;\">\n<div class=\"gtx-trans-icon\"><\/div>\n<\/div>\n<\/div><\/section><\/div><div class=\"flex_column av_one_full  flex_column_div av-zero-column-padding first  avia-builder-el-4  el_after_av_one_full  el_before_av_hr  column-top-margin\" style='border-radius:0px; '><section class=\"av_textblock_section \"  itemscope=\"itemscope\" itemtype=\"https:\/\/schema.org\/BlogPosting\" itemprop=\"blogPost\" ><div class='avia_textblock  '   itemprop=\"text\" ><p dir=\"ltr\" style=\"text-align: justify;\">El Gobierno Regional de Ays\u00e9n y la Delegaci\u00f3n Presidencial Regional de Ays\u00e9n firmaron un convenio mediante el cual determinaron el procedimiento para hacer efectiva la entrega de le\u00f1a a Adultos Mayores, personas con discapacidad y Juntas de Vecinos de Coyhaique en el marco del programa de manejo forestal que ejecuta la Corporaci\u00f3n Nacional Forestal (CONAF).<\/p>\n<p dir=\"ltr\" style=\"text-align: justify;\">Son 4.000 metros c\u00fabicos de le\u00f1a que se desprenden como externalidad del programa Restauraci\u00f3n y manejo forestal de Bosque Nativo y plantaciones en Ays\u00e9n que ser\u00e1n entregados mediante la priorizaci\u00f3n y focalizaci\u00f3n que se ha venido realizando en a\u00f1os anteriores.<\/p>\n<p dir=\"ltr\" style=\"text-align: justify;\">As\u00ed lo explic\u00f3 la Gobernadora Regional Andrea Mac\u00edas Palma: \u00abEste a\u00f1o ser\u00e1 el Gobierno Regional quien asuma el compromiso de la entrega de la le\u00f1a. Estamos implementando un sistema que nos va a permitir poder recuperar este tiempo y poder llegar lo m\u00e1s pronto posible con este beneficio para aquellos hogares que m\u00e1s lo necesitan, en el entendido que hay una priorizaci\u00f3n de personas mayores, personas con discapacidad y tambi\u00e9n la relevancia de aquellas organizaciones que anualmente acceden a este beneficio para sus integrantes\u00bb.<\/p>\n<p dir=\"ltr\" style=\"text-align: justify;\">El trabajo se realizar\u00e1 de manera colaborativa y mancomunada, destac\u00f3 la m\u00e1xima autoridad regional, informando que la Delegaci\u00f3n Presidencial Regional asumir\u00e1 el trabajo de revisar las bases de datos y validarlas para hacer efectiva la entrega de los vales que acreditan el beneficio.<\/p>\n<p dir=\"ltr\" style=\"text-align: justify;\">\u00abEn relaci\u00f3n a la firma de este convenio, confirmamos que hemos respondido al llamado del Gobierno Regional, de apoyar la pronta entrega de le\u00f1a, tan necesaria para tantas familias de nuestra comuna. Va a haber una reuni\u00f3n con las organizaciones sociales donde se explicar\u00e1 c\u00f3mo se va a proceder, pero nuestro compromiso es apoyar, justamente, esta entrega tan ansiada por tantas familias de nuestra comuna de Coyhaique\u00bb, indic\u00f3 el Delegado Presidencial Regional, Rodrigo Araya.<\/p>\n<p dir=\"ltr\" style=\"text-align: justify;\">A partir de la firma de este convenio, ahora corresponde que la informaci\u00f3n entregada por las uniones comunales de adultos mayores y de juntas de vecinos sea validada por la Delegaci\u00f3n, para que los vales de entrega puedan ser retirados por los beneficiarios en las dependencias del Gobierno Regional ubicadas en Calle General Parra esquina Moraleda.<\/p>\n<\/div><\/section><\/div><div  style='height:50px' class='hr hr-invisible   avia-builder-el-6  el_after_av_one_full  el_before_av_social_share '><span class='hr-inner ' ><span class='hr-inner-style'><\/span><\/span><\/div><\/p>\n<div  class='av-social-sharing-box  avia-builder-el-7  el_after_av_hr  el_before_av_hr  '><div class='av-share-box'><h5 class='av-share-link-description av-no-toc '>Compartir esta noticia<\/h5><ul class='av-share-box-list noLightbox'><li class='av-share-link av-social-link-facebook' ><a target=\"_blank\" aria-label=\"Compartir en Facebook\" href='https:\/\/www.facebook.com\/sharer.php?u=https:\/\/radiorevelacionfm.cl\/?p=41929&#038;t=Firma%20de%20convenio%20permitir%C3%A1%20coordinar%20entrega%20de%20le%C3%B1a%20a%20Adultos%20Mayores%2C%20personas%20con%20discapacidad%20y%20Juntas%20de%20Vecinos%20de%20Coyhaique' aria-hidden='false' data-av_icon='\ue8f3' data-av_iconfont='entypo-fontello' title='' data-avia-related-tooltip='Compartir en Facebook' rel=\"noopener\"><span class='avia_hidden_link_text'>Compartir en Facebook<\/span><\/a><\/li><li class='av-share-link av-social-link-twitter' ><a target=\"_blank\" aria-label=\"Compartir en Twitter\" href='https:\/\/twitter.com\/share?text=Firma%20de%20convenio%20permitir%C3%A1%20coordinar%20entrega%20de%20le%C3%B1a%20a%20Adultos%20Mayores%2C%20personas%20con%20discapacidad%20y%20Juntas%20de%20Vecinos%20de%20Coyhaique&#038;url=https:\/\/radiorevelacionfm.cl\/?p=41929' aria-hidden='false' data-av_icon='\ue8f1' data-av_iconfont='entypo-fontello' title='' data-avia-related-tooltip='Compartir en Twitter' rel=\"noopener\"><span class='avia_hidden_link_text'>Compartir en Twitter<\/span><\/a><\/li><li class='av-share-link av-social-link-whatsapp' ><a target=\"_blank\" aria-label=\"Compartir en Whatsapp\" href='https:\/\/api.whatsapp.com\/send?text=https:\/\/radiorevelacionfm.cl\/?p=41929' aria-hidden='false' data-av_icon='\uf232' data-av_iconfont='entypo-fontello' title='' data-avia-related-tooltip='Compartir en Whatsapp' rel=\"noopener\"><span class='avia_hidden_link_text'>Compartir en Whatsapp<\/span><\/a><\/li><li class='av-share-link av-social-link-linkedin' ><a target=\"_blank\" aria-label=\"Compartir en LinkedIn\" href='https:\/\/linkedin.com\/shareArticle?mini=true&#038;title=Firma%20de%20convenio%20permitir%C3%A1%20coordinar%20entrega%20de%20le%C3%B1a%20a%20Adultos%20Mayores%2C%20personas%20con%20discapacidad%20y%20Juntas%20de%20Vecinos%20de%20Coyhaique&#038;url=https:\/\/radiorevelacionfm.cl\/?p=41929' aria-hidden='false' data-av_icon='\ue8fc' data-av_iconfont='entypo-fontello' title='' data-avia-related-tooltip='Compartir en LinkedIn' rel=\"noopener\"><span class='avia_hidden_link_text'>Compartir en LinkedIn<\/span><\/a><\/li><li class='av-share-link av-social-link-mail' ><a  aria-label=\"Compartir por correo\" href='mailto:?subject=Firma%20de%20convenio%20permitir%C3%A1%20coordinar%20entrega%20de%20le%C3%B1a%20a%20Adultos%20Mayores%2C%20personas%20con%20discapacidad%20y%20Juntas%20de%20Vecinos%20de%20Coyhaique&#038;body=https:\/\/radiorevelacionfm.cl\/?p=41929' aria-hidden='false' data-av_icon='\ue805' data-av_iconfont='entypo-fontello' title='' data-avia-related-tooltip='Compartir por correo'><span class='avia_hidden_link_text'>Compartir por correo<\/span><\/a><\/li><\/ul><\/div><\/div>\n<div  style='height:50px' class='hr hr-invisible   avia-builder-el-8  el_after_av_social_share  el_before_av_comments_list '><span class='hr-inner ' ><span class='hr-inner-style'><\/span><\/span><\/div>\n<div  class='av-buildercomment  av-blog-meta-html-info-disabled av-blog-meta-tag-disabled  '><\/div>\n","protected":false},"excerpt":{"rendered":"","protected":false},"author":1,"featured_media":41930,"comment_status":"open","ping_status":"open","sticky":false,"template":"","format":"standard","meta":{"footnotes":""},"categories":[38],"tags":[],"class_list":["post-41929","post","type-post","status-publish","format-standard","has-post-thumbnail","hentry","category-regional"],"jetpack_featured_media_url":"https:\/\/radiorevelacionfm.cl\/wp-content\/uploads\/2024\/05\/WhatsApp-Image-2024-05-03-at-12.58.52-PM-1-1-1.jpeg","_links":{"self":[{"href":"https:\/\/radiorevelacionfm.cl\/index.php?rest_route=\/wp\/v2\/posts\/41929","targetHints":{"allow":["GET"]}}],"collection":[{"href":"https:\/\/radiorevelacionfm.cl\/index.php?rest_route=\/wp\/v2\/posts"}],"about":[{"href":"https:\/\/radiorevelacionfm.cl\/index.php?rest_route=\/wp\/v2\/types\/post"}],"author":[{"embeddable":true,"href":"https:\/\/radiorevelacionfm.cl\/index.php?rest_route=\/wp\/v2\/users\/1"}],"replies":[{"embeddable":true,"href":"https:\/\/radiorevelacionfm.cl\/index.php?rest_route=%2Fwp%2Fv2%2Fcomments&post=41929"}],"version-history":[{"count":1,"href":"https:\/\/radiorevelacionfm.cl\/index.php?rest_route=\/wp\/v2\/posts\/41929\/revisions"}],"predecessor-version":[{"id":41931,"href":"https:\/\/radiorevelacionfm.cl\/index.php?rest_route=\/wp\/v2\/posts\/41929\/revisions\/41931"}],"wp:featuredmedia":[{"embeddable":true,"href":"https:\/\/radiorevelacionfm.cl\/index.php?rest_route=\/wp\/v2\/media\/41930"}],"wp:attachment":[{"href":"https:\/\/radiorevelacionfm.cl\/index.php?rest_route=%2Fwp%2Fv2%2Fmedia&parent=41929"}],"wp:term":[{"taxonomy":"category","embeddable":true,"href":"https:\/\/radiorevelacionfm.cl\/index.php?rest_route=%2Fwp%2Fv2%2Fcategories&post=41929"},{"taxonomy":"post_tag","embeddable":true,"href":"https:\/\/radiorevelacionfm.cl\/index.php?rest_route=%2Fwp%2Fv2%2Ftags&post=41929"}],"curies":[{"name":"wp","href":"https:\/\/api.w.org\/{rel}","templated":true}]}}