{"id":41920,"date":"2024-05-06T11:32:16","date_gmt":"2024-05-06T14:32:16","guid":{"rendered":"https:\/\/radiorevelacionfm.cl\/?p=41920"},"modified":"2024-05-06T11:32:16","modified_gmt":"2024-05-06T14:32:16","slug":"bono-de-invierno-2024-mas-de-10-mil-personas-beneficiadas-en-aysen","status":"publish","type":"post","link":"https:\/\/radiorevelacionfm.cl\/?p=41920","title":{"rendered":"Bono de Invierno 2024: M\u00e1s de 10 mil personas beneficiadas en Ays\u00e9n"},"content":{"rendered":"<div class=\"flex_column av_one_full  flex_column_div av-zero-column-padding first  avia-builder-el-0  el_before_av_one_full  avia-builder-el-first  \" style='border-radius:0px; '><div  class='avia-image-container  av-styling-    avia-builder-el-1  avia-builder-el-no-sibling  avia-align-center '  itemprop=\"image\" itemscope=\"itemscope\" itemtype=\"https:\/\/schema.org\/ImageObject\"  ><div class='avia-image-container-inner'><div class='avia-image-overlay-wrap'><img decoding=\"async\" class='wp-image-41921 avia-img-lazy-loading-not-41921 avia_image' src=\"https:\/\/radiorevelacionfm.cl\/wp-content\/uploads\/2024\/05\/SRA-NORA-ANGEL_OK-1-1.jpg\" alt='' title='SRA NORA \u00c1NGEL_OK (1) (1)' height=\"600\" width=\"800\"  itemprop=\"thumbnailUrl\" srcset=\"https:\/\/radiorevelacionfm.cl\/wp-content\/uploads\/2024\/05\/SRA-NORA-ANGEL_OK-1-1.jpg 800w, https:\/\/radiorevelacionfm.cl\/wp-content\/uploads\/2024\/05\/SRA-NORA-ANGEL_OK-1-1-300x225.jpg 300w, https:\/\/radiorevelacionfm.cl\/wp-content\/uploads\/2024\/05\/SRA-NORA-ANGEL_OK-1-1-768x576.jpg 768w, https:\/\/radiorevelacionfm.cl\/wp-content\/uploads\/2024\/05\/SRA-NORA-ANGEL_OK-1-1-705x529.jpg 705w, https:\/\/radiorevelacionfm.cl\/wp-content\/uploads\/2024\/05\/SRA-NORA-ANGEL_OK-1-1-450x338.jpg 450w, https:\/\/radiorevelacionfm.cl\/wp-content\/uploads\/2024\/05\/SRA-NORA-ANGEL_OK-1-1-600x450.jpg 600w\" sizes=\"(max-width: 800px) 100vw, 800px\" \/><\/div><\/div><\/div><\/div><div class=\"flex_column av_one_full  flex_column_div av-zero-column-padding first  avia-builder-el-2  el_after_av_one_full  el_before_av_one_full  column-top-margin\" style='border-radius:0px; '><section class=\"av_textblock_section \"  itemscope=\"itemscope\" itemtype=\"https:\/\/schema.org\/BlogPosting\" itemprop=\"blogPost\" ><div class='avia_textblock  '   itemprop=\"text\" ><p style=\"text-align: center;\"><span style=\"font-size: 18pt;\"><strong>Bono de Invierno 2024: M\u00e1s de 10 mil personas beneficiadas en Ays\u00e9n<\/strong><\/span><\/p>\n<div id=\"gtx-trans\" style=\"position: absolute; left: -50px; top: 4.31534px;\">\n<div class=\"gtx-trans-icon\"><\/div>\n<\/div>\n<\/div><\/section><\/div><div class=\"flex_column av_one_full  flex_column_div av-zero-column-padding first  avia-builder-el-4  el_after_av_one_full  el_before_av_hr  column-top-margin\" style='border-radius:0px; '><section class=\"av_textblock_section \"  itemscope=\"itemscope\" itemtype=\"https:\/\/schema.org\/BlogPosting\" itemprop=\"blogPost\" ><div class='avia_textblock  '   itemprop=\"text\" ><p style=\"text-align: justify;\">Un total de 10 mil 380 pensionados y pensionadas de la regi\u00f3n de Ays\u00e9n recibir\u00e1n este a\u00f1o el tradicional y esperado Bono Invierno 2024.<\/p>\n<p style=\"text-align: justify;\">En esta oportunidad, el beneficio alcanza a los <strong>$77.982<\/strong> por persona pensionada que <strong>acredite 65 a\u00f1os<\/strong> <strong>o m\u00e1s al 1\u00b0 de mayo de 2024<\/strong> y cuya pensi\u00f3n contributiva -esto es, derivada de sus cotizaciones- <strong>sea inferior o igual a $212.406<\/strong>.<\/p>\n<p style=\"text-align: justify;\">Es importante se\u00f1alar que en el caso de las personas que reciban una Pensi\u00f3n Garantizada Universal (PGU) como complemento a su pensi\u00f3n, ese l\u00edmite de $212.406 s\u00f3lo considera el monto de dicha pensi\u00f3n contributiva, sin sumar la PGU.<\/p>\n<p style=\"text-align: justify;\">Este es el caso de la se\u00f1ora Nora \u00c1ngel, pensionada de la ex caja del Servicio de Seguro Social y beneficiaria de la PGU, quien, como cada mes, lleg\u00f3 hasta la Caja de Compensaci\u00f3n los H\u00e9roes, para recibir su pensi\u00f3n, a la que este mes se sum\u00f3 el Bono de Invierno.<\/p>\n<p style=\"text-align: justify;\">Para la pensionada, se trat\u00f3 de una excelente noticia. \u201cEs muy bonito, muy bueno, porque con eso compro la le\u00f1a, pago el agua, pago mis cosas todas\u201d, se\u00f1al\u00f3.<\/p>\n<p style=\"text-align: justify;\">Las declaraciones se dieron en el marco de una actividad conjunta entre el Instituto de Previsi\u00f3n Social \u2013 IPS y el seremi del Trabajo y Previsi\u00f3n Social, Rodrigo D\u00edaz Cordaro. En la oportunidad, la autoridad regional se refiri\u00f3 a las formas de pago y a la incorporaci\u00f3n, este a\u00f1o, de quienes perciben pensiones de leyes reparatorias. \u201cDestacar primero que esto es parte del compromiso del gobierno del Presidente Boric y del Ministerio del Trabajo y Previsi\u00f3n Social. Hoy, con el IPS ChileAtiende, y en este trabajo colaborativo que tenemos con la Caja de Compensaci\u00f3n Los H\u00e9roes, eso nos permite que los pensionados como la se\u00f1ora Nora, venga a cobrar ac\u00e1 y reciba hoy su PGU y su Bono de Invierno. Pero tambi\u00e9n destacar que esto tambi\u00e9n llega a muchos pensionados de manera autom\u00e1tica a su cuenta RUT. Y aqu\u00ed se agrega algo que nosotros comprometimos, y que son las personas que tienen alguna ley reparatoria como la Valech y Rettig, Exonerado Pol\u00edticos, tambi\u00e9n van a recibir este bono de invierno\u201d, expres\u00f3.<\/p>\n<p style=\"text-align: justify;\">Este 2024, y por primera vez, podr\u00e1n recibir el Bono de Invierno las personas con pensiones de leyes especiales que cumplan con los requisitos, y que antes no calificaban para tener derecho a este beneficio. Se trata de pensionados y pensionadas bajo las leyes Rettig, Valech, de la Ley N\u00b0 20.405 de pensi\u00f3n para la c\u00f3nyuge sobreviviente de los beneficiarios de la pensi\u00f3n establecida en el art\u00edculo 1\u00b0 de la Ley N\u00b0 19.992, y exonerados pol\u00edticos ingresar\u00e1n a este beneficio, porque cumplen con los requisitos.<\/p>\n<p style=\"text-align: justify;\">Rodrigo D\u00edaz detall\u00f3 tambi\u00e9n que \u201cen la regi\u00f3n son alrededor de 10.300 personas <em>beneficiadas<\/em> y con un monto aproximado <em>de inversi\u00f3n<\/em> de m\u00e1s de 830 millones de pesos. Entonces, destacar eso y que vamos a seguir como gobierno impulsando estas pol\u00edticas en beneficio de nuestros adultos mayores\u201d.<\/p>\n<p style=\"text-align: justify;\">En este mismo contexto, la jefa de plataforma de la sucursal Coyhaique del IPS ChileAtiende, Nery Roa, realiz\u00f3 un llamado a estos \u00faltimos, a fin de no caer en estafas ni enga\u00f1os. \u201cCuando se hacen estas difusiones masivas de beneficios estatales, existen muchas personas inescrupulosas que comienzan a hacer llamados telef\u00f3nicos y se hacen pasar por funcionarios del Estado, principalmente por funcionarios del IPS ChileAtiende. El IPS no les consulta, no pide cuentas bancarias, no pide RUT, no pide clave\u2026 por lo tanto, tengan mucho cuidado, y cualquier consulta la hagan saber a nosotros. Estamos ubicados en Prat #580 y atendemos de 08.30 a 14.00 horas. Tenemos tambi\u00e9n sucursales en la ciudad de Puerto Ays\u00e9n, Cochrane, Chile Chico y Puerto Cisnes\u201d, enfatiz\u00f3.<\/p>\n<p style=\"text-align: justify;\">A nivel nacional, incluyendo los pagos a beneficiarios del IPS y de otras instituciones previsionales, se estima que el Estado destinar\u00e1 m\u00e1s de $137 mil millones en total en la entrega de este bono a las personas pensionadas m\u00e1s vulnerables del pa\u00eds. Para el caso de la Regi\u00f3n de Ays\u00e9n, ser\u00e1n cerca de 809 mil 500 millones de pesos los que se desembolsar\u00e1n en esta ocasi\u00f3n.<\/p>\n<p style=\"text-align: justify;\"><em>\u00a0<\/em><strong>\u00bfQui\u00e9nes pueden recibir el beneficio?<\/strong><\/p>\n<p style=\"text-align: justify;\"><strong>\u00a0<\/strong>Recibir\u00e1n el Bono de Invierno las personas pensionadas que tengan <strong>65 o m\u00e1s a\u00f1os al 1 de mayo de 2024<\/strong> y que, <strong>adem\u00e1s<\/strong>, est\u00e9n en los siguientes grupos:<\/p>\n<ul style=\"text-align: justify;\">\n<li>Personas pensionadas del Instituto de Previsi\u00f3n Social (IPS), incluidas aquellas con pensiones por leyes especiales que cumplan los requisitos; del Instituto de Seguridad Laboral (ISL); de Dipreca, de Capredena y de las Mutualidades de empleadores de la Ley N\u00b0 16.744 de Accidentes del Trabajo y Enfermedades Profesionales. Estas personas recibir\u00e1n el bono siempre que tengan una pensi\u00f3n contributiva (aquella que se genera a partir de los ahorros previsionales que complet\u00f3 una persona en su vida laboral) igual o inferior a $212.406, sin considerar en ese monto la Pensi\u00f3n Garantizada Universal (PGU).<\/li>\n<\/ul>\n<ul style=\"text-align: justify;\">\n<li>Personas pensionadas de AFP y compa\u00f1\u00edas de seguros (Decreto Ley N\u00b0 3.500), siempre que tambi\u00e9n reciban la Pensi\u00f3n Garantizada Universal (PGU), el Aporte Previsional Solidario de Vejez (APSV) o una pensi\u00f3n m\u00ednima con Garant\u00eda Estatal, y cuyas pensiones contributivas sean inferiores o iguales a $212.406, sin considerar en ese c\u00e1lculo el monto del Aporte Previsional Solidario o de la PGU.<\/li>\n<\/ul>\n<ul style=\"text-align: justify;\">\n<li>Todas las personas beneficiarias de la Pensi\u00f3n Garantizada Universal que no tengan derecho a pensi\u00f3n en alg\u00fan r\u00e9gimen previsional. Es decir, que reciban s\u00f3lo la PGU.<\/li>\n<\/ul>\n<p style=\"text-align: justify;\">Cabe recordar que el beneficio se recibe autom\u00e1ticamente, sin necesidad de solicitarlo. Sin embargo, para m\u00e1s informaci\u00f3n sobre este beneficio, las personas pueden informarse en <strong>www.ips.gob.cl<\/strong>, <strong>www.chileatiende.cl<\/strong>, llamar al Call Center 600 440 0040, contactarnos a trav\u00e9s de las redes sociales <strong>@ChileAtiende<\/strong> en X, Facebook e Instagram o acudir a una de nuestras sucursales.<\/p>\n<\/div><\/section><\/div><div  style='height:50px' class='hr hr-invisible   avia-builder-el-6  el_after_av_one_full  el_before_av_social_share '><span class='hr-inner ' ><span class='hr-inner-style'><\/span><\/span><\/div><\/p>\n<div  class='av-social-sharing-box  avia-builder-el-7  el_after_av_hr  el_before_av_hr  '><div class='av-share-box'><h5 class='av-share-link-description av-no-toc '>Compartir esta noticia<\/h5><ul class='av-share-box-list noLightbox'><li class='av-share-link av-social-link-facebook' ><a target=\"_blank\" aria-label=\"Compartir en Facebook\" href='https:\/\/www.facebook.com\/sharer.php?u=https:\/\/radiorevelacionfm.cl\/?p=41920&#038;t=Bono%20de%20Invierno%202024%3A%20M%C3%A1s%20de%2010%20mil%20personas%20beneficiadas%20en%20Ays%C3%A9n' aria-hidden='false' data-av_icon='\ue8f3' data-av_iconfont='entypo-fontello' title='' data-avia-related-tooltip='Compartir en Facebook' rel=\"noopener\"><span class='avia_hidden_link_text'>Compartir en Facebook<\/span><\/a><\/li><li class='av-share-link av-social-link-twitter' ><a target=\"_blank\" aria-label=\"Compartir en Twitter\" href='https:\/\/twitter.com\/share?text=Bono%20de%20Invierno%202024%3A%20M%C3%A1s%20de%2010%20mil%20personas%20beneficiadas%20en%20Ays%C3%A9n&#038;url=https:\/\/radiorevelacionfm.cl\/?p=41920' aria-hidden='false' data-av_icon='\ue8f1' data-av_iconfont='entypo-fontello' title='' data-avia-related-tooltip='Compartir en Twitter' rel=\"noopener\"><span class='avia_hidden_link_text'>Compartir en Twitter<\/span><\/a><\/li><li class='av-share-link av-social-link-whatsapp' ><a target=\"_blank\" aria-label=\"Compartir en Whatsapp\" href='https:\/\/api.whatsapp.com\/send?text=https:\/\/radiorevelacionfm.cl\/?p=41920' aria-hidden='false' data-av_icon='\uf232' data-av_iconfont='entypo-fontello' title='' data-avia-related-tooltip='Compartir en Whatsapp' rel=\"noopener\"><span class='avia_hidden_link_text'>Compartir en Whatsapp<\/span><\/a><\/li><li class='av-share-link av-social-link-linkedin' ><a target=\"_blank\" aria-label=\"Compartir en LinkedIn\" href='https:\/\/linkedin.com\/shareArticle?mini=true&#038;title=Bono%20de%20Invierno%202024%3A%20M%C3%A1s%20de%2010%20mil%20personas%20beneficiadas%20en%20Ays%C3%A9n&#038;url=https:\/\/radiorevelacionfm.cl\/?p=41920' aria-hidden='false' data-av_icon='\ue8fc' data-av_iconfont='entypo-fontello' title='' data-avia-related-tooltip='Compartir en LinkedIn' rel=\"noopener\"><span class='avia_hidden_link_text'>Compartir en LinkedIn<\/span><\/a><\/li><li class='av-share-link av-social-link-mail' ><a  aria-label=\"Compartir por correo\" href='mailto:?subject=Bono%20de%20Invierno%202024%3A%20M%C3%A1s%20de%2010%20mil%20personas%20beneficiadas%20en%20Ays%C3%A9n&#038;body=https:\/\/radiorevelacionfm.cl\/?p=41920' aria-hidden='false' data-av_icon='\ue805' data-av_iconfont='entypo-fontello' title='' data-avia-related-tooltip='Compartir por correo'><span class='avia_hidden_link_text'>Compartir por correo<\/span><\/a><\/li><\/ul><\/div><\/div>\n<div  style='height:50px' class='hr hr-invisible   avia-builder-el-8  el_after_av_social_share  el_before_av_comments_list '><span class='hr-inner ' ><span class='hr-inner-style'><\/span><\/span><\/div>\n<div  class='av-buildercomment  av-blog-meta-html-info-disabled av-blog-meta-tag-disabled  '><\/div>\n","protected":false},"excerpt":{"rendered":"","protected":false},"author":1,"featured_media":41921,"comment_status":"open","ping_status":"open","sticky":false,"template":"","format":"standard","meta":{"footnotes":""},"categories":[38],"tags":[],"class_list":["post-41920","post","type-post","status-publish","format-standard","has-post-thumbnail","hentry","category-regional"],"jetpack_featured_media_url":"https:\/\/radiorevelacionfm.cl\/wp-content\/uploads\/2024\/05\/SRA-NORA-ANGEL_OK-1-1.jpg","_links":{"self":[{"href":"https:\/\/radiorevelacionfm.cl\/index.php?rest_route=\/wp\/v2\/posts\/41920","targetHints":{"allow":["GET"]}}],"collection":[{"href":"https:\/\/radiorevelacionfm.cl\/index.php?rest_route=\/wp\/v2\/posts"}],"about":[{"href":"https:\/\/radiorevelacionfm.cl\/index.php?rest_route=\/wp\/v2\/types\/post"}],"author":[{"embeddable":true,"href":"https:\/\/radiorevelacionfm.cl\/index.php?rest_route=\/wp\/v2\/users\/1"}],"replies":[{"embeddable":true,"href":"https:\/\/radiorevelacionfm.cl\/index.php?rest_route=%2Fwp%2Fv2%2Fcomments&post=41920"}],"version-history":[{"count":1,"href":"https:\/\/radiorevelacionfm.cl\/index.php?rest_route=\/wp\/v2\/posts\/41920\/revisions"}],"predecessor-version":[{"id":41922,"href":"https:\/\/radiorevelacionfm.cl\/index.php?rest_route=\/wp\/v2\/posts\/41920\/revisions\/41922"}],"wp:featuredmedia":[{"embeddable":true,"href":"https:\/\/radiorevelacionfm.cl\/index.php?rest_route=\/wp\/v2\/media\/41921"}],"wp:attachment":[{"href":"https:\/\/radiorevelacionfm.cl\/index.php?rest_route=%2Fwp%2Fv2%2Fmedia&parent=41920"}],"wp:term":[{"taxonomy":"category","embeddable":true,"href":"https:\/\/radiorevelacionfm.cl\/index.php?rest_route=%2Fwp%2Fv2%2Fcategories&post=41920"},{"taxonomy":"post_tag","embeddable":true,"href":"https:\/\/radiorevelacionfm.cl\/index.php?rest_route=%2Fwp%2Fv2%2Ftags&post=41920"}],"curies":[{"name":"wp","href":"https:\/\/api.w.org\/{rel}","templated":true}]}}