{"id":4192,"date":"2021-05-15T00:36:02","date_gmt":"2021-05-15T03:36:02","guid":{"rendered":"https:\/\/radiorevelacionfm.cl\/?p=4192"},"modified":"2021-05-15T00:36:02","modified_gmt":"2021-05-15T03:36:02","slug":"realizan-ultima-reunion-de-coordinacion-previa-a-las-elecciones-2021","status":"publish","type":"post","link":"https:\/\/radiorevelacionfm.cl\/?p=4192","title":{"rendered":"Realizan \u00faltima reuni\u00f3n de coordinaci\u00f3n previa a las Elecciones 2021"},"content":{"rendered":"<div class=\"flex_column av_one_full  flex_column_div av-zero-column-padding first  avia-builder-el-0  el_before_av_one_full  avia-builder-el-first  \" style='border-radius:0px; '><div  class='avia-image-container  av-styling-    avia-builder-el-1  avia-builder-el-no-sibling  avia-align-center '  itemprop=\"image\" itemscope=\"itemscope\" itemtype=\"https:\/\/schema.org\/ImageObject\"  ><div class='avia-image-container-inner'><div class='avia-image-overlay-wrap'><img decoding=\"async\" class='wp-image-0 avia-img-lazy-loading-not-0 avia_image' src=\"https:\/\/radiorevelacionfm.cl\/wp-content\/uploads\/2021\/05\/Gob_reunion.jpg\" alt='' title=''   itemprop=\"thumbnailUrl\"  \/><\/div><\/div><\/div><\/div><div class=\"flex_column av_one_full  flex_column_div av-zero-column-padding first  avia-builder-el-2  el_after_av_one_full  el_before_av_one_full  column-top-margin\" style='border-radius:0px; '><section class=\"av_textblock_section \"  itemscope=\"itemscope\" itemtype=\"https:\/\/schema.org\/BlogPosting\" itemprop=\"blogPost\" ><div class='avia_textblock  '   itemprop=\"text\" ><p style=\"text-align: center;\"><strong><span style=\"font-size: 18pt;\">Realizan \u00faltima reuni\u00f3n de coordinaci\u00f3n previa a las Elecciones 2021<\/span><\/strong><\/p>\n<div id=\"gtx-trans\" style=\"position: absolute; left: -50px; top: 4.31534px;\">\n<div class=\"gtx-trans-icon\"><\/div>\n<\/div>\n<\/div><\/section><\/div><div class=\"flex_column av_one_full  flex_column_div av-zero-column-padding first  avia-builder-el-4  el_after_av_one_full  el_before_av_hr  column-top-margin\" style='border-radius:0px; '><section class=\"av_textblock_section \"  itemscope=\"itemscope\" itemtype=\"https:\/\/schema.org\/BlogPosting\" itemprop=\"blogPost\" ><div class='avia_textblock  '   itemprop=\"text\" ><p style=\"text-align: justify;\">S\u00e1bado 15 y domingo 16 de mayo se realizar\u00e1n las elecciones a Gobernadores Regionales, Constituyentes, Alcaldes, Concejales y Esca\u00f1os Reservados de los Pueblos Originarios.<\/p>\n<p style=\"text-align: justify;\">En la sala de reuniones de la Gobernaci\u00f3n de Ays\u00e9n se desarroll\u00f3 la \u00faltima reuni\u00f3n de coordinaci\u00f3n con el Ej\u00e9rcito, Carabineros, Polic\u00eda de Investigaciones, Armada y Municipalidad de forma presencial, m\u00e1s el SERVEL que lo hiciera de manera virtual, todo esto con finalidad de ver el trabajo de las instituciones con miras a estas hist\u00f3ricas elecciones.<\/p>\n<p style=\"text-align: justify;\">Manuel Ortiz Gobernador de la provincia una vez finalizado este encuentro indicaba \u201ctenemos destinado y revisado los lugares de votaci\u00f3n que tenemos ac\u00e1 en Puerto Ays\u00e9n, estos lugares ser\u00e1n la Escuela Gabriela Mistral, la Escuela Ays\u00e9n, el Liceo Polit\u00e9cnico y tenemos la innovaci\u00f3n que vamos a incorporar este a\u00f1o el Polideportivo 21 de abril, a eso agregar que tendremos en Puerto Chacabuco, en Villa Ma\u00f1ihuales, en Islas Huichas y en las localidades de la provincia que han sido asignado como lugares de votaci\u00f3n\u201d.<\/p>\n<p style=\"text-align: justify;\">La autoridad provincial es categ\u00f3rico en manifestar que para desplazarse a los lugares de votaci\u00f3n es solamente para eso y para no realizar ning\u00fan tipo de otras actividades \u201custed se puede desplazar a los lugares de votaci\u00f3n para que pueda marcar su preferencia y luego regresar a casa, no es para sentarse en la plaza o pasar a alg\u00fan local comercial, porque para eso est\u00e1 el permiso de las dos horas que lo puede solicitar en Comisaria Virtual\u201d.<\/p>\n<\/div><\/section><\/div><div  style='height:50px' class='hr hr-invisible   avia-builder-el-6  el_after_av_one_full  el_before_av_social_share '><span class='hr-inner ' ><span class='hr-inner-style'><\/span><\/span><\/div><\/p>\n<div  class='av-social-sharing-box  avia-builder-el-7  el_after_av_hr  el_before_av_hr  '><div class='av-share-box'><h5 class='av-share-link-description av-no-toc '>Compartir esta noticia<\/h5><ul class='av-share-box-list noLightbox'><li class='av-share-link av-social-link-facebook' ><a target=\"_blank\" aria-label=\"Compartir en Facebook\" href='https:\/\/www.facebook.com\/sharer.php?u=https:\/\/radiorevelacionfm.cl\/?p=4192&#038;t=Realizan%20%C3%BAltima%20reuni%C3%B3n%20de%20coordinaci%C3%B3n%20previa%20a%20las%20Elecciones%202021' aria-hidden='false' data-av_icon='\ue8f3' data-av_iconfont='entypo-fontello' title='' data-avia-related-tooltip='Compartir en Facebook' rel=\"noopener\"><span class='avia_hidden_link_text'>Compartir en Facebook<\/span><\/a><\/li><li class='av-share-link av-social-link-twitter' ><a target=\"_blank\" aria-label=\"Compartir en Twitter\" href='https:\/\/twitter.com\/share?text=Realizan%20%C3%BAltima%20reuni%C3%B3n%20de%20coordinaci%C3%B3n%20previa%20a%20las%20Elecciones%202021&#038;url=https:\/\/radiorevelacionfm.cl\/?p=4192' aria-hidden='false' data-av_icon='\ue8f1' data-av_iconfont='entypo-fontello' title='' data-avia-related-tooltip='Compartir en Twitter' rel=\"noopener\"><span class='avia_hidden_link_text'>Compartir en Twitter<\/span><\/a><\/li><li class='av-share-link av-social-link-whatsapp' ><a target=\"_blank\" aria-label=\"Compartir en Whatsapp\" href='https:\/\/api.whatsapp.com\/send?text=https:\/\/radiorevelacionfm.cl\/?p=4192' aria-hidden='false' data-av_icon='\uf232' data-av_iconfont='entypo-fontello' title='' data-avia-related-tooltip='Compartir en Whatsapp' rel=\"noopener\"><span class='avia_hidden_link_text'>Compartir en Whatsapp<\/span><\/a><\/li><li class='av-share-link av-social-link-linkedin' ><a target=\"_blank\" aria-label=\"Compartir en LinkedIn\" href='https:\/\/linkedin.com\/shareArticle?mini=true&#038;title=Realizan%20%C3%BAltima%20reuni%C3%B3n%20de%20coordinaci%C3%B3n%20previa%20a%20las%20Elecciones%202021&#038;url=https:\/\/radiorevelacionfm.cl\/?p=4192' aria-hidden='false' data-av_icon='\ue8fc' data-av_iconfont='entypo-fontello' title='' data-avia-related-tooltip='Compartir en LinkedIn' rel=\"noopener\"><span class='avia_hidden_link_text'>Compartir en LinkedIn<\/span><\/a><\/li><li class='av-share-link av-social-link-mail' ><a  aria-label=\"Compartir por correo\" href='mailto:?subject=Realizan%20%C3%BAltima%20reuni%C3%B3n%20de%20coordinaci%C3%B3n%20previa%20a%20las%20Elecciones%202021&#038;body=https:\/\/radiorevelacionfm.cl\/?p=4192' aria-hidden='false' data-av_icon='\ue805' data-av_iconfont='entypo-fontello' title='' data-avia-related-tooltip='Compartir por correo'><span class='avia_hidden_link_text'>Compartir por correo<\/span><\/a><\/li><\/ul><\/div><\/div>\n<div  style='height:50px' class='hr hr-invisible   avia-builder-el-8  el_after_av_social_share  el_before_av_comments_list '><span class='hr-inner ' ><span class='hr-inner-style'><\/span><\/span><\/div>\n<div  class='av-buildercomment  av-blog-meta-html-info-disabled av-blog-meta-tag-disabled  '><\/div>\n","protected":false},"excerpt":{"rendered":"","protected":false},"author":1,"featured_media":0,"comment_status":"open","ping_status":"open","sticky":false,"template":"","format":"standard","meta":{"footnotes":""},"categories":[38],"tags":[],"class_list":["post-4192","post","type-post","status-publish","format-standard","hentry","category-regional"],"jetpack_featured_media_url":"","_links":{"self":[{"href":"https:\/\/radiorevelacionfm.cl\/index.php?rest_route=\/wp\/v2\/posts\/4192","targetHints":{"allow":["GET"]}}],"collection":[{"href":"https:\/\/radiorevelacionfm.cl\/index.php?rest_route=\/wp\/v2\/posts"}],"about":[{"href":"https:\/\/radiorevelacionfm.cl\/index.php?rest_route=\/wp\/v2\/types\/post"}],"author":[{"embeddable":true,"href":"https:\/\/radiorevelacionfm.cl\/index.php?rest_route=\/wp\/v2\/users\/1"}],"replies":[{"embeddable":true,"href":"https:\/\/radiorevelacionfm.cl\/index.php?rest_route=%2Fwp%2Fv2%2Fcomments&post=4192"}],"version-history":[{"count":1,"href":"https:\/\/radiorevelacionfm.cl\/index.php?rest_route=\/wp\/v2\/posts\/4192\/revisions"}],"predecessor-version":[{"id":4194,"href":"https:\/\/radiorevelacionfm.cl\/index.php?rest_route=\/wp\/v2\/posts\/4192\/revisions\/4194"}],"wp:attachment":[{"href":"https:\/\/radiorevelacionfm.cl\/index.php?rest_route=%2Fwp%2Fv2%2Fmedia&parent=4192"}],"wp:term":[{"taxonomy":"category","embeddable":true,"href":"https:\/\/radiorevelacionfm.cl\/index.php?rest_route=%2Fwp%2Fv2%2Fcategories&post=4192"},{"taxonomy":"post_tag","embeddable":true,"href":"https:\/\/radiorevelacionfm.cl\/index.php?rest_route=%2Fwp%2Fv2%2Ftags&post=4192"}],"curies":[{"name":"wp","href":"https:\/\/api.w.org\/{rel}","templated":true}]}}