{"id":41910,"date":"2024-05-06T10:46:17","date_gmt":"2024-05-06T13:46:17","guid":{"rendered":"https:\/\/radiorevelacionfm.cl\/?p=41910"},"modified":"2024-05-06T10:46:17","modified_gmt":"2024-05-06T13:46:17","slug":"ejecutan-obras-con-suelo-cemento-y-sello-asfaltico-en-zona-sur-de-la-region-de-aysen","status":"publish","type":"post","link":"https:\/\/radiorevelacionfm.cl\/?p=41910","title":{"rendered":"Ejecutan obras con suelo cemento y sello asf\u00e1ltico en zona sur de la regi\u00f3n de Ays\u00e9n"},"content":{"rendered":"<div class=\"flex_column av_one_full  flex_column_div av-zero-column-padding first  avia-builder-el-0  el_before_av_one_full  avia-builder-el-first  \" style='border-radius:0px; '><div  class='avia-image-container  av-styling-    avia-builder-el-1  avia-builder-el-no-sibling  avia-align-center '  itemprop=\"image\" itemscope=\"itemscope\" itemtype=\"https:\/\/schema.org\/ImageObject\"  ><div class='avia-image-container-inner'><div class='avia-image-overlay-wrap'><img decoding=\"async\" class='wp-image-41913 avia-img-lazy-loading-not-41913 avia_image' src=\"https:\/\/radiorevelacionfm.cl\/wp-content\/uploads\/2024\/05\/IMG-20240425-WA0012-1-1-1.jpg\" alt='' title='IMG-20240425-WA0012 (1) (1)' height=\"600\" width=\"1236\"  itemprop=\"thumbnailUrl\" srcset=\"https:\/\/radiorevelacionfm.cl\/wp-content\/uploads\/2024\/05\/IMG-20240425-WA0012-1-1-1.jpg 1236w, https:\/\/radiorevelacionfm.cl\/wp-content\/uploads\/2024\/05\/IMG-20240425-WA0012-1-1-1-300x146.jpg 300w, https:\/\/radiorevelacionfm.cl\/wp-content\/uploads\/2024\/05\/IMG-20240425-WA0012-1-1-1-1030x500.jpg 1030w, https:\/\/radiorevelacionfm.cl\/wp-content\/uploads\/2024\/05\/IMG-20240425-WA0012-1-1-1-768x373.jpg 768w, https:\/\/radiorevelacionfm.cl\/wp-content\/uploads\/2024\/05\/IMG-20240425-WA0012-1-1-1-705x342.jpg 705w, https:\/\/radiorevelacionfm.cl\/wp-content\/uploads\/2024\/05\/IMG-20240425-WA0012-1-1-1-450x218.jpg 450w, https:\/\/radiorevelacionfm.cl\/wp-content\/uploads\/2024\/05\/IMG-20240425-WA0012-1-1-1-600x291.jpg 600w\" sizes=\"(max-width: 1236px) 100vw, 1236px\" \/><\/div><\/div><\/div><\/div><div class=\"flex_column av_one_full  flex_column_div av-zero-column-padding first  avia-builder-el-2  el_after_av_one_full  el_before_av_one_full  column-top-margin\" style='border-radius:0px; '><section class=\"av_textblock_section \"  itemscope=\"itemscope\" itemtype=\"https:\/\/schema.org\/BlogPosting\" itemprop=\"blogPost\" ><div class='avia_textblock  '   itemprop=\"text\" ><p style=\"text-align: center;\"><strong><span style=\"font-size: 18pt;\">Ejecutan obras con suelo cemento y sello asf\u00e1ltico en zona sur de la regi\u00f3n de Ays\u00e9n <\/span><\/strong><\/p>\n<div id=\"gtx-trans\" style=\"position: absolute; left: -50px; top: 4.31534px;\">\n<div class=\"gtx-trans-icon\"><\/div>\n<\/div>\n<\/div><\/section><\/div><div class=\"flex_column av_one_full  flex_column_div av-zero-column-padding first  avia-builder-el-4  el_after_av_one_full  el_before_av_hr  column-top-margin\" style='border-radius:0px; '><section class=\"av_textblock_section \"  itemscope=\"itemscope\" itemtype=\"https:\/\/schema.org\/BlogPosting\" itemprop=\"blogPost\" ><div class='avia_textblock  '   itemprop=\"text\" ><p style=\"text-align: justify;\"><em>La incorporaci\u00f3n de nuevos trabajos ha significado duplicar la inversi\u00f3n anual de la Oficina Provincial de Vialidad Capit\u00e1n Prat respecto del 2023, sobrepasando los 5.000 millones de pesos para este 2024.<\/em><\/p>\n<p style=\"text-align: justify;\">Desde Cochrane, el Secretario Regional Ministerial de Obras P\u00fablicas Patricio Sanhueza dio a conocer importantes noticias para la zona sur de la regi\u00f3n de Ays\u00e9n, como es que este a\u00f1o alcanzaremos un total acumulado con la aplicaci\u00f3n de la soluci\u00f3n suelo cemento y sello asf\u00e1ltico en 50 kil\u00f3metros y proyectamos para fines del a\u00f1o 2025 llegar a los 80 kil\u00f3metros en la Provincia Capit\u00e1n Prat, con una inversi\u00f3n acumulada de seis mil cuatrocientos millones de pesos.<\/p>\n<p style=\"text-align: justify;\">Las declaraciones las hizo en el marco de una inspecci\u00f3n a las obras realizadas en la zona sur Ulloa junto a la Delegada Presidencial de la Provincia Capit\u00e1n Prat Marta Montiel, el Alcalde de la comuna de Cochrane Jorge Calder\u00f3n y el Jefe de la Oficina Provincial de Vialidad MOP Juan Carlos B\u00f3rquez, oportunidad en la que relev\u00f3 los avances que estamos teniendo en la aplicaci\u00f3n de la soluci\u00f3n de suelo cemento y sellos asf\u00e1lticos en los caminos, obras que comenzaron el a\u00f1o 2022 con la materializaci\u00f3n de tres kil\u00f3metros de prueba, y en el a\u00f1o 2023 se materializaron ocho kil\u00f3metros adicionales.<\/p>\n<p style=\"text-align: justify;\">\u201cHoy estamos teniendo un cambio sustancial en todas las v\u00edas y caminos de acceso a Cochrane, en donde hemos alcanzado una cobertura de 100% en las v\u00edas de acceso administradas por la Direcci\u00f3n de Vialidad con esta soluci\u00f3n. El 2024 esperamos ejecutar 39 kil\u00f3metros, para llegar a los 50 kil\u00f3metros de carpetas estabilizadas con suelo cemento y sello asf\u00e1ltico\u201d, destac\u00f3 el Seremi del MOP.<\/p>\n<p style=\"text-align: justify;\">\u201cComo gobierno y Ministerio de Obras P\u00fablicas consideramos la relevancia de estas obras para la mejora en la calidad de vida, transitabilidad y seguridad de las personas con la aplicaci\u00f3n de esta soluci\u00f3n, as\u00ed como tambi\u00e9n estamos mejorando la experiencia de viaje de los turistas y visitantes que transitan hacia el sector Tamango en el Parque Nacional Patagonia y otros atractivos tur\u00edsticos de la zona. Muy\u00a0 trascendente es la aplicaci\u00f3n de la soluci\u00f3n y este tratamiento en el camino hacia Entrada Baker donde llegaremos al sector de administraci\u00f3n del Parque Nacional Patagonia.\u00a0 Para el segundo semestre del 2024 se espera dar termino a 39 kil\u00f3metros para alcanzar los 50 kil\u00f3metros de suelo cemento y sello asf\u00e1ltico, los cuales van a mejorar la calidad de vida, las condiciones de tr\u00e1nsito y confort de los habitantes de la comuna y de los visitantes de estas \u00e1reas silvestres protegidas que est\u00e1n en la zona\u201d, expres\u00f3 Patricio Sanhueza.<\/p>\n<p style=\"text-align: justify;\">El reporte de las autoridades electas as\u00ed como de la comunidad indican estar muy contentos con esta soluci\u00f3n. As\u00ed lo expres\u00f3 el Alcalde de la comuna de Cochrane Jorge Calder\u00f3n N\u00fa\u00f1ez \u201cEstamos muy contentos en el sentido que hemos visto una innovaci\u00f3n en materia de conectividad en la regi\u00f3n de Ays\u00e9n y que puntualmente nace precisamente en la comuna de Cochrane, provincia de Capit\u00e1n Prat, donde comenz\u00f3 la Direcci\u00f3n de Vialidad a implementar una soluci\u00f3n distinta que ha visto buenos resultados y por lo tanto, la comunidad de Cochrane y sobre todo quienes transitan por el camino al embarcadero, camino al Aer\u00f3dromo y al relleno sanitario vieron mejoradas sus condiciones de conectividad, y estas mejoras sustanciales nos han permitido que se tomen decisiones e ir ampliando a distintos caminos, Ruta 7, camino hacia San Lorenzo y al mismo tiempo se puede ir replicando en otros puntos de la regi\u00f3n de Ays\u00e9n. Valoramos profundamente este proceso de innovaci\u00f3n que mejora las condiciones de conectividad de nuestros vecinos y vecinas\u201d<\/p>\n<p style=\"text-align: justify;\">Por su parte, la Delegada Presidencial de la Provincia Capit\u00e1n Prat Marta Montiel Alarc\u00f3n destac\u00f3 \u201cesta soluci\u00f3n de suelo cemento, esta innovaci\u00f3n que est\u00e1 trabajando desde hace dos a\u00f1os la Oficina Provincial de Vialidad nos viene a reforzar el compromiso del gobierno del presidente Gabriel Boric que es que nuestra conectividad sea estable y nos entregue condiciones de seguridad en el tr\u00e1nsito. Destacar tambi\u00e9n que son rutas donde tenemos pobladores y tambi\u00e9n son rutas de conectividad como es por ejemplo el camino hacia la frontera el Paso Roballos, como lo es el camino hacia el glaciar calluqueo, escenarios tur\u00edsticos que hoy d\u00eda tambi\u00e9n estamos fortaleciendo desde la mejora de nuestras rutas y accesos a la actividad econ\u00f3mica y productiva de nuestros vecinos\u00a0 y vecinas de Cochrane y de toda la provincia Capit\u00e1n Prat. Estamos muy contentos, porque tambi\u00e9n estamos cumpliendo un mandato de nuestro presidente Gabriel Boric Font\u201d.<\/p>\n<p style=\"text-align: justify;\">La autoridad regional del MOP inform\u00f3 que \u201clos Trabajos se han realizado en dos etapas, primero se aplica una estabilizaci\u00f3n de la carpeta de rodado con cemento y posteriormente se aplica un sello asfaltico, mediante un tratamiento simple. Actualmente, nuestro equipo de la Oficina Provincial de Vialidad de Capit\u00e1n Prat finaliz\u00f3 \u00a0la materializaci\u00f3n de suelo \u2013 cemento de la Ruta 7, en el sector Puente Chacabuco- Cuesta La Tolva y el acceso al Parque Nacional Patagonia en la Ruta X-83. Tambi\u00e9n, se encuentran con esta soluci\u00f3n tramos como: Cochrane al Aer\u00f3dromo; Cruce Ruta 7\u2013Pampa Calluqueo primeros 8 kil\u00f3metros; Cochrane-Puente Escobar; Vertedero; R\u00edo Cochrane; Reserva Tamango; salida sur de Cochrane a Laguna Esmeralda, lo que considera una inversi\u00f3n a la fecha cuatro mil millones de pesos v\u00eda Administraci\u00f3n de la Oficina Provincial de Vialidad Capit\u00e1n Prat. Para el segundo semestre de este a\u00f1o esperamos poder terminar trabajos de suelo cemento y sello asfaltico en dos tramos de la Ruta 7 sur, en el sector Cuesta La Tolva-al L\u00edmite del Parque y desde laguna Esmeralda al puente Los Mellizos\u201d, concluy\u00f3.<\/p>\n<\/div><\/section><\/div><div  style='height:50px' class='hr hr-invisible   avia-builder-el-6  el_after_av_one_full  el_before_av_social_share '><span class='hr-inner ' ><span class='hr-inner-style'><\/span><\/span><\/div><\/p>\n<div  class='av-social-sharing-box  avia-builder-el-7  el_after_av_hr  el_before_av_hr  '><div class='av-share-box'><h5 class='av-share-link-description av-no-toc '>Compartir esta noticia<\/h5><ul class='av-share-box-list noLightbox'><li class='av-share-link av-social-link-facebook' ><a target=\"_blank\" aria-label=\"Compartir en Facebook\" href='https:\/\/www.facebook.com\/sharer.php?u=https:\/\/radiorevelacionfm.cl\/?p=41910&#038;t=Ejecutan%20obras%20con%20suelo%20cemento%20y%20sello%20asf%C3%A1ltico%20en%20zona%20sur%20de%20la%20regi%C3%B3n%20de%20Ays%C3%A9n' aria-hidden='false' data-av_icon='\ue8f3' data-av_iconfont='entypo-fontello' title='' data-avia-related-tooltip='Compartir en Facebook' rel=\"noopener\"><span class='avia_hidden_link_text'>Compartir en Facebook<\/span><\/a><\/li><li class='av-share-link av-social-link-twitter' ><a target=\"_blank\" aria-label=\"Compartir en Twitter\" href='https:\/\/twitter.com\/share?text=Ejecutan%20obras%20con%20suelo%20cemento%20y%20sello%20asf%C3%A1ltico%20en%20zona%20sur%20de%20la%20regi%C3%B3n%20de%20Ays%C3%A9n&#038;url=https:\/\/radiorevelacionfm.cl\/?p=41910' aria-hidden='false' data-av_icon='\ue8f1' data-av_iconfont='entypo-fontello' title='' data-avia-related-tooltip='Compartir en Twitter' rel=\"noopener\"><span class='avia_hidden_link_text'>Compartir en Twitter<\/span><\/a><\/li><li class='av-share-link av-social-link-whatsapp' ><a target=\"_blank\" aria-label=\"Compartir en Whatsapp\" href='https:\/\/api.whatsapp.com\/send?text=https:\/\/radiorevelacionfm.cl\/?p=41910' aria-hidden='false' data-av_icon='\uf232' data-av_iconfont='entypo-fontello' title='' data-avia-related-tooltip='Compartir en Whatsapp' rel=\"noopener\"><span class='avia_hidden_link_text'>Compartir en Whatsapp<\/span><\/a><\/li><li class='av-share-link av-social-link-linkedin' ><a target=\"_blank\" aria-label=\"Compartir en LinkedIn\" href='https:\/\/linkedin.com\/shareArticle?mini=true&#038;title=Ejecutan%20obras%20con%20suelo%20cemento%20y%20sello%20asf%C3%A1ltico%20en%20zona%20sur%20de%20la%20regi%C3%B3n%20de%20Ays%C3%A9n&#038;url=https:\/\/radiorevelacionfm.cl\/?p=41910' aria-hidden='false' data-av_icon='\ue8fc' data-av_iconfont='entypo-fontello' title='' data-avia-related-tooltip='Compartir en LinkedIn' rel=\"noopener\"><span class='avia_hidden_link_text'>Compartir en LinkedIn<\/span><\/a><\/li><li class='av-share-link av-social-link-mail' ><a  aria-label=\"Compartir por correo\" href='mailto:?subject=Ejecutan%20obras%20con%20suelo%20cemento%20y%20sello%20asf%C3%A1ltico%20en%20zona%20sur%20de%20la%20regi%C3%B3n%20de%20Ays%C3%A9n&#038;body=https:\/\/radiorevelacionfm.cl\/?p=41910' aria-hidden='false' data-av_icon='\ue805' data-av_iconfont='entypo-fontello' title='' data-avia-related-tooltip='Compartir por correo'><span class='avia_hidden_link_text'>Compartir por correo<\/span><\/a><\/li><\/ul><\/div><\/div>\n<div  style='height:50px' class='hr hr-invisible   avia-builder-el-8  el_after_av_social_share  el_before_av_comments_list '><span class='hr-inner ' ><span class='hr-inner-style'><\/span><\/span><\/div>\n<div  class='av-buildercomment  av-blog-meta-html-info-disabled av-blog-meta-tag-disabled  '><\/div>\n","protected":false},"excerpt":{"rendered":"","protected":false},"author":1,"featured_media":41913,"comment_status":"open","ping_status":"open","sticky":false,"template":"","format":"standard","meta":{"footnotes":""},"categories":[38],"tags":[],"class_list":["post-41910","post","type-post","status-publish","format-standard","has-post-thumbnail","hentry","category-regional"],"jetpack_featured_media_url":"https:\/\/radiorevelacionfm.cl\/wp-content\/uploads\/2024\/05\/IMG-20240425-WA0012-1-1-1.jpg","_links":{"self":[{"href":"https:\/\/radiorevelacionfm.cl\/index.php?rest_route=\/wp\/v2\/posts\/41910","targetHints":{"allow":["GET"]}}],"collection":[{"href":"https:\/\/radiorevelacionfm.cl\/index.php?rest_route=\/wp\/v2\/posts"}],"about":[{"href":"https:\/\/radiorevelacionfm.cl\/index.php?rest_route=\/wp\/v2\/types\/post"}],"author":[{"embeddable":true,"href":"https:\/\/radiorevelacionfm.cl\/index.php?rest_route=\/wp\/v2\/users\/1"}],"replies":[{"embeddable":true,"href":"https:\/\/radiorevelacionfm.cl\/index.php?rest_route=%2Fwp%2Fv2%2Fcomments&post=41910"}],"version-history":[{"count":1,"href":"https:\/\/radiorevelacionfm.cl\/index.php?rest_route=\/wp\/v2\/posts\/41910\/revisions"}],"predecessor-version":[{"id":41915,"href":"https:\/\/radiorevelacionfm.cl\/index.php?rest_route=\/wp\/v2\/posts\/41910\/revisions\/41915"}],"wp:featuredmedia":[{"embeddable":true,"href":"https:\/\/radiorevelacionfm.cl\/index.php?rest_route=\/wp\/v2\/media\/41913"}],"wp:attachment":[{"href":"https:\/\/radiorevelacionfm.cl\/index.php?rest_route=%2Fwp%2Fv2%2Fmedia&parent=41910"}],"wp:term":[{"taxonomy":"category","embeddable":true,"href":"https:\/\/radiorevelacionfm.cl\/index.php?rest_route=%2Fwp%2Fv2%2Fcategories&post=41910"},{"taxonomy":"post_tag","embeddable":true,"href":"https:\/\/radiorevelacionfm.cl\/index.php?rest_route=%2Fwp%2Fv2%2Ftags&post=41910"}],"curies":[{"name":"wp","href":"https:\/\/api.w.org\/{rel}","templated":true}]}}