{"id":41906,"date":"2024-05-06T11:03:55","date_gmt":"2024-05-06T14:03:55","guid":{"rendered":"https:\/\/radiorevelacionfm.cl\/?p=41906"},"modified":"2024-05-06T11:03:55","modified_gmt":"2024-05-06T14:03:55","slug":"aysen-vuelve-a-lanzar-su-programa-de-prevencion-de-las-violencias-de-genero","status":"publish","type":"post","link":"https:\/\/radiorevelacionfm.cl\/?p=41906","title":{"rendered":"Ays\u00e9n vuelve a lanzar su Programa de Prevenci\u00f3n de las Violencias de G\u00e9nero"},"content":{"rendered":"<div class=\"flex_column av_one_full  flex_column_div av-zero-column-padding first  avia-builder-el-0  el_before_av_one_full  avia-builder-el-first  \" style='border-radius:0px; '><div  class='avia-image-container  av-styling-    avia-builder-el-1  avia-builder-el-no-sibling  avia-align-center '  itemprop=\"image\" itemscope=\"itemscope\" itemtype=\"https:\/\/schema.org\/ImageObject\"  ><div class='avia-image-container-inner'><div class='avia-image-overlay-wrap'><img decoding=\"async\" class='wp-image-41908 avia-img-lazy-loading-not-41908 avia_image' src=\"https:\/\/radiorevelacionfm.cl\/wp-content\/uploads\/2024\/05\/20240502_181701-1_optimized.jpg\" alt='' title='20240502_181701-(1)_optimized' height=\"600\" width=\"1066\"  itemprop=\"thumbnailUrl\" srcset=\"https:\/\/radiorevelacionfm.cl\/wp-content\/uploads\/2024\/05\/20240502_181701-1_optimized.jpg 1066w, https:\/\/radiorevelacionfm.cl\/wp-content\/uploads\/2024\/05\/20240502_181701-1_optimized-300x169.jpg 300w, https:\/\/radiorevelacionfm.cl\/wp-content\/uploads\/2024\/05\/20240502_181701-1_optimized-1030x580.jpg 1030w, https:\/\/radiorevelacionfm.cl\/wp-content\/uploads\/2024\/05\/20240502_181701-1_optimized-768x432.jpg 768w, https:\/\/radiorevelacionfm.cl\/wp-content\/uploads\/2024\/05\/20240502_181701-1_optimized-705x397.jpg 705w, https:\/\/radiorevelacionfm.cl\/wp-content\/uploads\/2024\/05\/20240502_181701-1_optimized-450x253.jpg 450w, https:\/\/radiorevelacionfm.cl\/wp-content\/uploads\/2024\/05\/20240502_181701-1_optimized-600x338.jpg 600w\" sizes=\"(max-width: 1066px) 100vw, 1066px\" \/><\/div><\/div><\/div><\/div><div class=\"flex_column av_one_full  flex_column_div av-zero-column-padding first  avia-builder-el-2  el_after_av_one_full  el_before_av_one_full  column-top-margin\" style='border-radius:0px; '><section class=\"av_textblock_section \"  itemscope=\"itemscope\" itemtype=\"https:\/\/schema.org\/BlogPosting\" itemprop=\"blogPost\" ><div class='avia_textblock  '   itemprop=\"text\" ><p style=\"text-align: center;\"><strong><span style=\"font-size: 18pt;\">Ays\u00e9n vuelve a lanzar su Programa de Prevenci\u00f3n de las Violencias de G\u00e9nero<\/span><\/strong><\/p>\n<div id=\"gtx-trans\" style=\"position: absolute; left: -50px; top: 4.31534px;\">\n<div class=\"gtx-trans-icon\"><\/div>\n<\/div>\n<\/div><\/section><\/div><div class=\"flex_column av_one_full  flex_column_div av-zero-column-padding first  avia-builder-el-4  el_after_av_one_full  el_before_av_hr  column-top-margin\" style='border-radius:0px; '><section class=\"av_textblock_section \"  itemscope=\"itemscope\" itemtype=\"https:\/\/schema.org\/BlogPosting\" itemprop=\"blogPost\" ><div class='avia_textblock  '   itemprop=\"text\" ><p style=\"text-align: justify;\"><em>Rememorando todas las actividades realizadas durante el a\u00f1o pasado, el programa de este curso promete seguir trabajando por reducir las violencias a mujeres, ni\u00f1as, ni\u00f1os y disidencias con m\u00e1s ah\u00ednco y el mismo cari\u00f1o de siempre.<\/em><\/p>\n<p style=\"text-align: justify;\">Desde que fue creado el programa con el nombre \u201cPrevenci\u00f3n de la violencia contra las mujeres\u201d en 2015, se han visto cambiar algunos aspectos sociales que provocaron leves cambios en la visi\u00f3n de la lucha contra la violencia.<\/p>\n<p style=\"text-align: justify;\">Ahora, nueve a\u00f1os despu\u00e9s, el Programa de \u201cPrevenci\u00f3n de las Violencias de G\u00e9nero\u201d sigue buscando visibilizar sobre el abuso que reciben las mujeres, pero en la actualidad, debido a los problemas que presentan las disidencias, se incluy\u00f3 la concientizaci\u00f3n de las violencias que tambi\u00e9n perjudican a los otros g\u00e9neros.<\/p>\n<p style=\"text-align: justify;\">As\u00ed lo confirma Anny Vidal, una de las coordinadoras del programa, comenta que \u201ces un tema bastante arduo en el cual tenemos que trabajar dentro de nuestro mapeo territorial, el cual hicimos hace muy poco. Visibilizamos muchas situaciones, las cuales son preocupantes hoy en d\u00eda como la violencia en pololeo, el acoso callejero, tambi\u00e9n otro tipo, que no solamente van desde el hombre hacia la mujer, sino que tambi\u00e9n a las disidencias o, en menor cantidad, tambi\u00e9n desde la mujer hacia el hombre, porque no queremos dejar ajeno que la violencia existe y no tiene g\u00e9nero\u201d.<\/p>\n<p style=\"text-align: justify;\">A la ceremonia fueron invitadas distintas instituciones comunitarias como liceo Santa Teresa de Los Andes, su grupo de Gu\u00edas y Scout, el club de b\u00e1squetbol femenino Deltas, entre otros; para realizar un compromiso a trav\u00e9s de una firma, la cual significa que dichas instituciones tienen la intenci\u00f3n de ser actores activos en el enfrentamiento contra la violencia de g\u00e9nero.<\/p>\n<p style=\"text-align: justify;\">El representante en esta ocasi\u00f3n del Liceo Santa Teresa, David Cay\u00fan aport\u00f3 que, \u201dla firma es algo muy simb\u00f3lico para nosotros, tambi\u00e9n creo que es importante visibilizar nuestra participaci\u00f3n y compromiso como liceo tambi\u00e9n a estas causas y siempre estar pendientes porque es algo muy contingente en la actualidad\u201d.<\/p>\n<p style=\"text-align: justify;\">En la instancia del lanzamiento tambi\u00e9n se dio a conocer el llamado \u201cEspacio Violeta\u201d, un lugar dependiente del centro de la mujer, destinado a las mujeres que sufren violencia, otorg\u00e1ndole un sitio de acogida y un espacio seguro donde puedan recibir insumos como vestuario, maquillaje, \u00fatiles de aseo, adem\u00e1s de las ayudas psicol\u00f3gicas e institucionales que tiene el centro.<\/p>\n<p style=\"text-align: justify;\">Leslie Bruna, coordinadora del programa al igual que Anny Vidal, mencion\u00f3 que \u201cel centro de la mujer siempre ha llevado su legado de ser el lugar donde les manifestamos las mujeres que no est\u00e1n solas, que las personas no est\u00e1n solas y que tienen este lugar donde pueden refugiarse, donde pueden buscar apoyo psicosocial, psico-jur\u00eddico y el apoyo que requieran. Es por ello que invitamos a toda nuestra comunidad a ser parte de este programa y tambi\u00e9n ser parte del centro de las mujeres, quienes siempre buscamos lo mejor para nuestra comunidad\u201d.<\/p>\n<\/div><\/section><\/div><div  style='height:50px' class='hr hr-invisible   avia-builder-el-6  el_after_av_one_full  el_before_av_social_share '><span class='hr-inner ' ><span class='hr-inner-style'><\/span><\/span><\/div><\/p>\n<div  class='av-social-sharing-box  avia-builder-el-7  el_after_av_hr  el_before_av_hr  '><div class='av-share-box'><h5 class='av-share-link-description av-no-toc '>Compartir esta noticia<\/h5><ul class='av-share-box-list noLightbox'><li class='av-share-link av-social-link-facebook' ><a target=\"_blank\" aria-label=\"Compartir en Facebook\" href='https:\/\/www.facebook.com\/sharer.php?u=https:\/\/radiorevelacionfm.cl\/?p=41906&#038;t=Ays%C3%A9n%20vuelve%20a%20lanzar%20su%20Programa%20de%20Prevenci%C3%B3n%20de%20las%20Violencias%20de%20G%C3%A9nero' aria-hidden='false' data-av_icon='\ue8f3' data-av_iconfont='entypo-fontello' title='' data-avia-related-tooltip='Compartir en Facebook' rel=\"noopener\"><span class='avia_hidden_link_text'>Compartir en Facebook<\/span><\/a><\/li><li class='av-share-link av-social-link-twitter' ><a target=\"_blank\" aria-label=\"Compartir en Twitter\" href='https:\/\/twitter.com\/share?text=Ays%C3%A9n%20vuelve%20a%20lanzar%20su%20Programa%20de%20Prevenci%C3%B3n%20de%20las%20Violencias%20de%20G%C3%A9nero&#038;url=https:\/\/radiorevelacionfm.cl\/?p=41906' aria-hidden='false' data-av_icon='\ue8f1' data-av_iconfont='entypo-fontello' title='' data-avia-related-tooltip='Compartir en Twitter' rel=\"noopener\"><span class='avia_hidden_link_text'>Compartir en Twitter<\/span><\/a><\/li><li class='av-share-link av-social-link-whatsapp' ><a target=\"_blank\" aria-label=\"Compartir en Whatsapp\" href='https:\/\/api.whatsapp.com\/send?text=https:\/\/radiorevelacionfm.cl\/?p=41906' aria-hidden='false' data-av_icon='\uf232' data-av_iconfont='entypo-fontello' title='' data-avia-related-tooltip='Compartir en Whatsapp' rel=\"noopener\"><span class='avia_hidden_link_text'>Compartir en Whatsapp<\/span><\/a><\/li><li class='av-share-link av-social-link-linkedin' ><a target=\"_blank\" aria-label=\"Compartir en LinkedIn\" href='https:\/\/linkedin.com\/shareArticle?mini=true&#038;title=Ays%C3%A9n%20vuelve%20a%20lanzar%20su%20Programa%20de%20Prevenci%C3%B3n%20de%20las%20Violencias%20de%20G%C3%A9nero&#038;url=https:\/\/radiorevelacionfm.cl\/?p=41906' aria-hidden='false' data-av_icon='\ue8fc' data-av_iconfont='entypo-fontello' title='' data-avia-related-tooltip='Compartir en LinkedIn' rel=\"noopener\"><span class='avia_hidden_link_text'>Compartir en LinkedIn<\/span><\/a><\/li><li class='av-share-link av-social-link-mail' ><a  aria-label=\"Compartir por correo\" href='mailto:?subject=Ays%C3%A9n%20vuelve%20a%20lanzar%20su%20Programa%20de%20Prevenci%C3%B3n%20de%20las%20Violencias%20de%20G%C3%A9nero&#038;body=https:\/\/radiorevelacionfm.cl\/?p=41906' aria-hidden='false' data-av_icon='\ue805' data-av_iconfont='entypo-fontello' title='' data-avia-related-tooltip='Compartir por correo'><span class='avia_hidden_link_text'>Compartir por correo<\/span><\/a><\/li><\/ul><\/div><\/div>\n<div  style='height:50px' class='hr hr-invisible   avia-builder-el-8  el_after_av_social_share  el_before_av_comments_list '><span class='hr-inner ' ><span class='hr-inner-style'><\/span><\/span><\/div>\n<div  class='av-buildercomment  av-blog-meta-html-info-disabled av-blog-meta-tag-disabled  '><\/div>\n","protected":false},"excerpt":{"rendered":"","protected":false},"author":1,"featured_media":41908,"comment_status":"open","ping_status":"open","sticky":false,"template":"","format":"standard","meta":{"footnotes":""},"categories":[38],"tags":[],"class_list":["post-41906","post","type-post","status-publish","format-standard","has-post-thumbnail","hentry","category-regional"],"jetpack_featured_media_url":"https:\/\/radiorevelacionfm.cl\/wp-content\/uploads\/2024\/05\/20240502_181701-1_optimized.jpg","_links":{"self":[{"href":"https:\/\/radiorevelacionfm.cl\/index.php?rest_route=\/wp\/v2\/posts\/41906","targetHints":{"allow":["GET"]}}],"collection":[{"href":"https:\/\/radiorevelacionfm.cl\/index.php?rest_route=\/wp\/v2\/posts"}],"about":[{"href":"https:\/\/radiorevelacionfm.cl\/index.php?rest_route=\/wp\/v2\/types\/post"}],"author":[{"embeddable":true,"href":"https:\/\/radiorevelacionfm.cl\/index.php?rest_route=\/wp\/v2\/users\/1"}],"replies":[{"embeddable":true,"href":"https:\/\/radiorevelacionfm.cl\/index.php?rest_route=%2Fwp%2Fv2%2Fcomments&post=41906"}],"version-history":[{"count":1,"href":"https:\/\/radiorevelacionfm.cl\/index.php?rest_route=\/wp\/v2\/posts\/41906\/revisions"}],"predecessor-version":[{"id":41909,"href":"https:\/\/radiorevelacionfm.cl\/index.php?rest_route=\/wp\/v2\/posts\/41906\/revisions\/41909"}],"wp:featuredmedia":[{"embeddable":true,"href":"https:\/\/radiorevelacionfm.cl\/index.php?rest_route=\/wp\/v2\/media\/41908"}],"wp:attachment":[{"href":"https:\/\/radiorevelacionfm.cl\/index.php?rest_route=%2Fwp%2Fv2%2Fmedia&parent=41906"}],"wp:term":[{"taxonomy":"category","embeddable":true,"href":"https:\/\/radiorevelacionfm.cl\/index.php?rest_route=%2Fwp%2Fv2%2Fcategories&post=41906"},{"taxonomy":"post_tag","embeddable":true,"href":"https:\/\/radiorevelacionfm.cl\/index.php?rest_route=%2Fwp%2Fv2%2Ftags&post=41906"}],"curies":[{"name":"wp","href":"https:\/\/api.w.org\/{rel}","templated":true}]}}