{"id":41900,"date":"2024-05-05T22:29:14","date_gmt":"2024-05-06T01:29:14","guid":{"rendered":"https:\/\/radiorevelacionfm.cl\/?p=41900"},"modified":"2024-05-05T22:29:14","modified_gmt":"2024-05-06T01:29:14","slug":"positivo-balance-en-los-primeros-30-dias-del-segundo-ano-de-la-incubadora-de-negocios","status":"publish","type":"post","link":"https:\/\/radiorevelacionfm.cl\/?p=41900","title":{"rendered":"Positivo balance en los primeros 30 d\u00edas del segundo a\u00f1o de la Incubadora de Negocios"},"content":{"rendered":"<div class=\"flex_column av_one_full  flex_column_div av-zero-column-padding first  avia-builder-el-0  el_before_av_one_full  avia-builder-el-first  \" style='border-radius:0px; '><div  class='avia-image-container  av-styling-    avia-builder-el-1  avia-builder-el-no-sibling  avia-align-center '  itemprop=\"image\" itemscope=\"itemscope\" itemtype=\"https:\/\/schema.org\/ImageObject\"  ><div class='avia-image-container-inner'><div class='avia-image-overlay-wrap'><img decoding=\"async\" class='wp-image-41901 avia-img-lazy-loading-not-41901 avia_image' src=\"https:\/\/radiorevelacionfm.cl\/wp-content\/uploads\/2024\/05\/ecoterraneo13-1_optimized-1.jpeg\" alt='' title='ecoterraneo13-(1)_optimized (1)' height=\"600\" width=\"800\"  itemprop=\"thumbnailUrl\" srcset=\"https:\/\/radiorevelacionfm.cl\/wp-content\/uploads\/2024\/05\/ecoterraneo13-1_optimized-1.jpeg 800w, https:\/\/radiorevelacionfm.cl\/wp-content\/uploads\/2024\/05\/ecoterraneo13-1_optimized-1-300x225.jpeg 300w, https:\/\/radiorevelacionfm.cl\/wp-content\/uploads\/2024\/05\/ecoterraneo13-1_optimized-1-768x576.jpeg 768w, https:\/\/radiorevelacionfm.cl\/wp-content\/uploads\/2024\/05\/ecoterraneo13-1_optimized-1-705x529.jpeg 705w, https:\/\/radiorevelacionfm.cl\/wp-content\/uploads\/2024\/05\/ecoterraneo13-1_optimized-1-450x338.jpeg 450w, https:\/\/radiorevelacionfm.cl\/wp-content\/uploads\/2024\/05\/ecoterraneo13-1_optimized-1-600x450.jpeg 600w\" sizes=\"(max-width: 800px) 100vw, 800px\" \/><\/div><\/div><\/div><\/div><div class=\"flex_column av_one_full  flex_column_div av-zero-column-padding first  avia-builder-el-2  el_after_av_one_full  el_before_av_one_full  column-top-margin\" style='border-radius:0px; '><section class=\"av_textblock_section \"  itemscope=\"itemscope\" itemtype=\"https:\/\/schema.org\/BlogPosting\" itemprop=\"blogPost\" ><div class='avia_textblock  '   itemprop=\"text\" ><p style=\"text-align: center;\"><strong><span style=\"font-size: 18pt;\">Positivo balance en los primeros 30 d\u00edas del segundo a\u00f1o de la Incubadora de Negocios<\/span><\/strong><\/p>\n<div id=\"gtx-trans\" style=\"position: absolute; left: -50px; top: 4.31534px;\">\n<div class=\"gtx-trans-icon\"><\/div>\n<\/div>\n<\/div><\/section><\/div><div class=\"flex_column av_one_full  flex_column_div av-zero-column-padding first  avia-builder-el-4  el_after_av_one_full  el_before_av_hr  column-top-margin\" style='border-radius:0px; '><section class=\"av_textblock_section \"  itemscope=\"itemscope\" itemtype=\"https:\/\/schema.org\/BlogPosting\" itemprop=\"blogPost\" ><div class='avia_textblock  '   itemprop=\"text\" ><p style=\"text-align: justify;\">Ya han transcurrido 30 d\u00edas desde el inicio del segundo a\u00f1o de la Incubadora Regional de Negocios, iniciativa que es posible llevar a cabo gracias al respaldo de Geogama y Corfo, siendo Ecoterr\u00e1neo Patagonia Cowork el ente a cargo de coordinar y ejecutar las acciones en beneficio de emprendedores y emprendedoras de distintos puntos del territorio de Ays\u00e9n.<\/p>\n<p style=\"text-align: justify;\">Marcela Vidal, gerenta de Ecoterr\u00e1neo, se mostr\u00f3 muy contenta con los resultados de esta segunda convocatoria y sus primeras clases.<\/p>\n<p style=\"text-align: justify;\">\u201cEstamos con equipo de Ecoterr\u00e1neo, felices, con hartos desaf\u00edos, la incubadora ha cumplido un mes de funcionamiento, desarrollando el programa de innovaci\u00f3n. Recordar que nosotros durante el mes de marzo estuvimos en todo el proceso de convocatoria, buscando emprendedores, buscando gente que quiera ser parte de este proceso de formaci\u00f3n e innovaci\u00f3n en proyectos, en planes de negocio. Todo el mes de abril tuvimos las cuatro primeras clases, ac\u00e1 en Puerto Ays\u00e9n de manera presencial, de igual forma en Coyhaique y Puerto Cisnes, pero tambi\u00e9n para el resto de la regi\u00f3n de manera on line\u201d.<\/p>\n<p style=\"text-align: justify;\">Para este segundo a\u00f1o de la Incubadora Regional de Negocios, ha crecido de manera importante el inter\u00e9s de la comunidad y en estos momentos son 180 las personas que est\u00e1n siendo parte de la primera etapa, quienes luego ser\u00e1n sometidos a un proceso de selecci\u00f3n.<\/p>\n<p style=\"text-align: justify;\">\u201cHemos tenido una respuesta de la gente muy buena, estamos trabajando con 180 emprendedores y emprendedoras en las tres localidades, tambi\u00e9n con gente de Chile Chico, La Junta y otras partes de la regi\u00f3n, quienes se suman a la parte on line. En estas cuatro primeras clases, las personas han trabajado un poquito en todo lo que es la innovaci\u00f3n, hemos recalcado tambi\u00e9n que, muchas veces no trabajan en su idea de negocio, ya que, en esta primera parte es como un contexto general de como innovar en los emprendimientos. Pero hemos tenido muy buena reacci\u00f3n de los participantes, adem\u00e1s, ha sido muy bueno el despliegue que hemos tenido como equipo en los distintos puntos de la regi\u00f3n\u201d, agreg\u00f3, Marcela Vidal.<\/p>\n<p style=\"text-align: justify;\">La gerenta de Ecoterr\u00e1neo, Marcela Vidal, manifest\u00f3 que, en esta segunda etapa, \u201cla gente comienza a trabajar en sus ideas de negocio, o sea, todo lo que aprendieron de como innovar en nuestros emprendimientos, ahora, los decantamos en cada una de sus ideas. Durante este mes de mayo, vamos a trabajar en todo lo que son los modelos de negocio, en el pitch, que es tan importante para la postulaci\u00f3n de proyectos, prototipo y en estrategias de venta para los emprendedores\u201d.<\/p>\n<p style=\"text-align: justify;\">Desde Geogama, la directora de comunicaciones, Paula Rocamora, enfatiz\u00f3 que, \u201cexiste gran satisfacci\u00f3n de ver el desarrollo, el inter\u00e9s y entusiasmo de cada de los emprendedores en avanzar en esta Incubadora Regional de Negocios, que busca entregar las herramientas para que las ideas de negocios avancen en teor\u00eda, practica e innovaci\u00f3n\u201d, puntualiz\u00f3.<\/p>\n<\/div><\/section><\/div><div  style='height:50px' class='hr hr-invisible   avia-builder-el-6  el_after_av_one_full  el_before_av_social_share '><span class='hr-inner ' ><span class='hr-inner-style'><\/span><\/span><\/div><\/p>\n<div  class='av-social-sharing-box  avia-builder-el-7  el_after_av_hr  el_before_av_hr  '><div class='av-share-box'><h5 class='av-share-link-description av-no-toc '>Compartir esta noticia<\/h5><ul class='av-share-box-list noLightbox'><li class='av-share-link av-social-link-facebook' ><a target=\"_blank\" aria-label=\"Compartir en Facebook\" href='https:\/\/www.facebook.com\/sharer.php?u=https:\/\/radiorevelacionfm.cl\/?p=41900&#038;t=Positivo%20balance%20en%20los%20primeros%2030%20d%C3%ADas%20del%20segundo%20a%C3%B1o%20de%20la%20Incubadora%20de%20Negocios' aria-hidden='false' data-av_icon='\ue8f3' data-av_iconfont='entypo-fontello' title='' data-avia-related-tooltip='Compartir en Facebook' rel=\"noopener\"><span class='avia_hidden_link_text'>Compartir en Facebook<\/span><\/a><\/li><li class='av-share-link av-social-link-twitter' ><a target=\"_blank\" aria-label=\"Compartir en Twitter\" href='https:\/\/twitter.com\/share?text=Positivo%20balance%20en%20los%20primeros%2030%20d%C3%ADas%20del%20segundo%20a%C3%B1o%20de%20la%20Incubadora%20de%20Negocios&#038;url=https:\/\/radiorevelacionfm.cl\/?p=41900' aria-hidden='false' data-av_icon='\ue8f1' data-av_iconfont='entypo-fontello' title='' data-avia-related-tooltip='Compartir en Twitter' rel=\"noopener\"><span class='avia_hidden_link_text'>Compartir en Twitter<\/span><\/a><\/li><li class='av-share-link av-social-link-whatsapp' ><a target=\"_blank\" aria-label=\"Compartir en Whatsapp\" href='https:\/\/api.whatsapp.com\/send?text=https:\/\/radiorevelacionfm.cl\/?p=41900' aria-hidden='false' data-av_icon='\uf232' data-av_iconfont='entypo-fontello' title='' data-avia-related-tooltip='Compartir en Whatsapp' rel=\"noopener\"><span class='avia_hidden_link_text'>Compartir en Whatsapp<\/span><\/a><\/li><li class='av-share-link av-social-link-linkedin' ><a target=\"_blank\" aria-label=\"Compartir en LinkedIn\" href='https:\/\/linkedin.com\/shareArticle?mini=true&#038;title=Positivo%20balance%20en%20los%20primeros%2030%20d%C3%ADas%20del%20segundo%20a%C3%B1o%20de%20la%20Incubadora%20de%20Negocios&#038;url=https:\/\/radiorevelacionfm.cl\/?p=41900' aria-hidden='false' data-av_icon='\ue8fc' data-av_iconfont='entypo-fontello' title='' data-avia-related-tooltip='Compartir en LinkedIn' rel=\"noopener\"><span class='avia_hidden_link_text'>Compartir en LinkedIn<\/span><\/a><\/li><li class='av-share-link av-social-link-mail' ><a  aria-label=\"Compartir por correo\" href='mailto:?subject=Positivo%20balance%20en%20los%20primeros%2030%20d%C3%ADas%20del%20segundo%20a%C3%B1o%20de%20la%20Incubadora%20de%20Negocios&#038;body=https:\/\/radiorevelacionfm.cl\/?p=41900' aria-hidden='false' data-av_icon='\ue805' data-av_iconfont='entypo-fontello' title='' data-avia-related-tooltip='Compartir por correo'><span class='avia_hidden_link_text'>Compartir por correo<\/span><\/a><\/li><\/ul><\/div><\/div>\n<div  style='height:50px' class='hr hr-invisible   avia-builder-el-8  el_after_av_social_share  el_before_av_comments_list '><span class='hr-inner ' ><span class='hr-inner-style'><\/span><\/span><\/div>\n<div  class='av-buildercomment  av-blog-meta-html-info-disabled av-blog-meta-tag-disabled  '><\/div>\n","protected":false},"excerpt":{"rendered":"","protected":false},"author":1,"featured_media":41901,"comment_status":"open","ping_status":"open","sticky":false,"template":"","format":"standard","meta":{"footnotes":""},"categories":[38],"tags":[],"class_list":["post-41900","post","type-post","status-publish","format-standard","has-post-thumbnail","hentry","category-regional"],"jetpack_featured_media_url":"https:\/\/radiorevelacionfm.cl\/wp-content\/uploads\/2024\/05\/ecoterraneo13-1_optimized-1.jpeg","_links":{"self":[{"href":"https:\/\/radiorevelacionfm.cl\/index.php?rest_route=\/wp\/v2\/posts\/41900","targetHints":{"allow":["GET"]}}],"collection":[{"href":"https:\/\/radiorevelacionfm.cl\/index.php?rest_route=\/wp\/v2\/posts"}],"about":[{"href":"https:\/\/radiorevelacionfm.cl\/index.php?rest_route=\/wp\/v2\/types\/post"}],"author":[{"embeddable":true,"href":"https:\/\/radiorevelacionfm.cl\/index.php?rest_route=\/wp\/v2\/users\/1"}],"replies":[{"embeddable":true,"href":"https:\/\/radiorevelacionfm.cl\/index.php?rest_route=%2Fwp%2Fv2%2Fcomments&post=41900"}],"version-history":[{"count":1,"href":"https:\/\/radiorevelacionfm.cl\/index.php?rest_route=\/wp\/v2\/posts\/41900\/revisions"}],"predecessor-version":[{"id":41902,"href":"https:\/\/radiorevelacionfm.cl\/index.php?rest_route=\/wp\/v2\/posts\/41900\/revisions\/41902"}],"wp:featuredmedia":[{"embeddable":true,"href":"https:\/\/radiorevelacionfm.cl\/index.php?rest_route=\/wp\/v2\/media\/41901"}],"wp:attachment":[{"href":"https:\/\/radiorevelacionfm.cl\/index.php?rest_route=%2Fwp%2Fv2%2Fmedia&parent=41900"}],"wp:term":[{"taxonomy":"category","embeddable":true,"href":"https:\/\/radiorevelacionfm.cl\/index.php?rest_route=%2Fwp%2Fv2%2Fcategories&post=41900"},{"taxonomy":"post_tag","embeddable":true,"href":"https:\/\/radiorevelacionfm.cl\/index.php?rest_route=%2Fwp%2Fv2%2Ftags&post=41900"}],"curies":[{"name":"wp","href":"https:\/\/api.w.org\/{rel}","templated":true}]}}