{"id":41896,"date":"2024-05-05T22:14:11","date_gmt":"2024-05-06T01:14:11","guid":{"rendered":"https:\/\/radiorevelacionfm.cl\/?p=41896"},"modified":"2024-05-05T22:21:58","modified_gmt":"2024-05-06T01:21:58","slug":"mop-promueve-mayor-contratacion-femenina-en-sus-obras-en-la-region","status":"publish","type":"post","link":"https:\/\/radiorevelacionfm.cl\/?p=41896","title":{"rendered":"MOP promueve mayor contrataci\u00f3n femenina en sus obras en la regi\u00f3n"},"content":{"rendered":"<div class=\"flex_column av_one_full  flex_column_div av-zero-column-padding first  avia-builder-el-0  el_before_av_one_full  avia-builder-el-first  \" style='border-radius:0px; '><div  class='avia-image-container  av-styling-    avia-builder-el-1  avia-builder-el-no-sibling  avia-align-center '  itemprop=\"image\" itemscope=\"itemscope\" itemtype=\"https:\/\/schema.org\/ImageObject\"  ><div class='avia-image-container-inner'><div class='avia-image-overlay-wrap'><img decoding=\"async\" class='wp-image-41897 avia-img-lazy-loading-not-41897 avia_image' src=\"https:\/\/radiorevelacionfm.cl\/wp-content\/uploads\/2024\/05\/foto-retro-1_optimized.jpeg\" alt='' title='foto-retro-(1)_optimized' height=\"600\" width=\"953\"  itemprop=\"thumbnailUrl\" srcset=\"https:\/\/radiorevelacionfm.cl\/wp-content\/uploads\/2024\/05\/foto-retro-1_optimized.jpeg 953w, https:\/\/radiorevelacionfm.cl\/wp-content\/uploads\/2024\/05\/foto-retro-1_optimized-300x189.jpeg 300w, https:\/\/radiorevelacionfm.cl\/wp-content\/uploads\/2024\/05\/foto-retro-1_optimized-768x484.jpeg 768w, https:\/\/radiorevelacionfm.cl\/wp-content\/uploads\/2024\/05\/foto-retro-1_optimized-705x444.jpeg 705w, https:\/\/radiorevelacionfm.cl\/wp-content\/uploads\/2024\/05\/foto-retro-1_optimized-450x283.jpeg 450w, https:\/\/radiorevelacionfm.cl\/wp-content\/uploads\/2024\/05\/foto-retro-1_optimized-600x378.jpeg 600w\" sizes=\"(max-width: 953px) 100vw, 953px\" \/><\/div><\/div><\/div><\/div>\n<div class=\"flex_column av_one_full  flex_column_div av-zero-column-padding first  avia-builder-el-2  el_after_av_one_full  el_before_av_one_full  column-top-margin\" style='border-radius:0px; '><section class=\"av_textblock_section \"  itemscope=\"itemscope\" itemtype=\"https:\/\/schema.org\/BlogPosting\" itemprop=\"blogPost\" ><div class='avia_textblock  '   itemprop=\"text\" ><p style=\"text-align: center;\"><strong><span style=\"font-size: 18pt;\">MOP promueve mayor contrataci\u00f3n femenina en sus obras en la regi\u00f3n<\/span><\/strong><\/p>\n<div id=\"gtx-trans\" style=\"position: absolute; left: -50px; top: 4.31534px;\">\n<div class=\"gtx-trans-icon\"><\/div>\n<\/div>\n<\/div><\/section><\/div>\n<div class=\"flex_column av_one_full  flex_column_div av-zero-column-padding first  avia-builder-el-4  el_after_av_one_full  el_before_av_hr  column-top-margin\" style='border-radius:0px; '><section class=\"av_textblock_section \"  itemscope=\"itemscope\" itemtype=\"https:\/\/schema.org\/BlogPosting\" itemprop=\"blogPost\" ><div class='avia_textblock  '   itemprop=\"text\" ><p><em>El Ministerio de Obras P\u00fablicas modifica Reglamento de Contrato de Obra P\u00fablica para incentivar una mayor participaci\u00f3n de mujeres en el rubro de la construcci\u00f3n.<\/em><\/p>\n<p style=\"text-align: justify;\">Muy buenas noticias para las mujeres dio a conocer hoy el Secretario Regional Ministerial de Obras P\u00fablicas Patricio Sanhueza Ulloa junto al Delegado Presidencial Regional Rodrigo Araya Morales, porque ya fue publicada en el Diario Oficial la modificaci\u00f3n del Decreto Supremo MOP N\u00b0 156 de 2023 del Reglamento de Contrato de Obra P\u00fablica, el que incluye en el N\u00b0 11 la modificaci\u00f3n del art\u00edculo 76, incorpor\u00e1ndose que del total del personal ocupado en la obra, un porcentaje no inferior al 10% o el que se defina en los documentos de la licitaci\u00f3n, ser\u00e1 femenino, compuesto por mujeres profesionales, t\u00e9cnicas o trabajadoras con o sin calificaci\u00f3n\u00bb.<\/p>\n<p style=\"text-align: justify;\">Patricio Sanhueza indic\u00f3 al respecto que \u201ceste es un importante logro para nuestro Ministerio de Obras P\u00fablicas por cuanto promovemos e incentivamos a las empresas para que puedan aumentar su personal femenino de acuerdo a lo que indique el Reglamento de Contrato de Obras P\u00fablica y las bases de licitaci\u00f3n, siendo no inferior al 10%, lo que es un importante logro de nuestro gobierno que ha reunido voluntades y esfuerzos para avanzar en la igualdad de g\u00e9nero y promover una mayor participaci\u00f3n de las mujeres en el rubro de la construcci\u00f3n, ayudando a que m\u00e1s mujeres puedan integrar estos espacios tradicionalmente masculinizados y que se transformen en una fuente laboral importante para muchas mujeres en nuestra regi\u00f3n de Ays\u00e9n\u201d.<\/p>\n<p style=\"text-align: justify;\">Por su parte, el Delegado Presidencial Regional, Rodrigo Araya Morales, destac\u00f3 la importancia de que las mujeres de nuestra regi\u00f3n sepan que el gobierno del presidente Gabriel Boric, se est\u00e1 asegurando de que se les considere al momento de contratar personal para las obras, fortaleciendo la seguridad social junto con la seguridad econ\u00f3mica.<\/p>\n<p style=\"text-align: justify;\">\u201cEs una muy buena noticia que el Ministerio de Obras P\u00fablicas modificara el reglamento que estimula que las empresas constructoras contraten m\u00e1s mujeres en la ejecuci\u00f3n de las obras. Esto va en la l\u00ednea de los planteamientos de nuestro Presidente y de nuestro gobierno de lograr\u00a0 avanzar en equidad de g\u00e9nero en todos los \u00e1mbitos y, en este caso, en el \u00e1mbito del trabajo\u201d, indic\u00f3.<\/p>\n<p style=\"text-align: justify;\">El Ministerio de Obras P\u00fablicas busca promover la incorporaci\u00f3n de las mujeres en obras y visibilizar su trabajo, por lo que pudimos catastrar y levantar informaci\u00f3n de las necesidades de las mujeres de Murta, Puerto S\u00e1nchez, Coyhaique, Cochrane y de Cisnes y logramos que se licitara mediante SENCE y con fondos de la OTIC de la C\u00e1mara Chilena de la Construcci\u00f3n el curso de operadora de maquinaria pesada para mujeres de las localidades de Bah\u00eda Murta y Puerto S\u00e1nchez.<\/p>\n<p style=\"text-align: justify;\">En este sentido, la ministra Jessica L\u00f3pez en su \u00faltima visita a la regi\u00f3n visit\u00f3 al grupo de mujeres que ser\u00edan capacitadas en Bah\u00eda Murta, lugar en donde hoy Olga Aldauc Barrientos, junto a ocho mujeres m\u00e1s recientemente finalizaron su instrucci\u00f3n como operadoras de maquinaria pesada; ella nos cont\u00f3 su experiencia y el desaf\u00edo de pasar de la aguja a manejar una maquinaria pesada.<\/p>\n<p style=\"text-align: justify;\">\u201cSe present\u00f3 la oportunidad y me pareci\u00f3 muy valorable que nos tuvieran en cuenta a las mujeres rurales y tambi\u00e9n achicar la brecha de g\u00e9nero entre hombres y mujeres, ya que la maquinaria pesada siempre ha sido para los varones, y me pareci\u00f3 una oportunidad que no pod\u00eda dejar pasar. Yo soy recicladora textil y como costurera reciclo telas y armo pecheras, bolsos, lo que me pidan, pero esta es un \u00e1rea -operadora de maquinaria pesada- totalmente desconocida pero no por eso no la puedo hacer, as\u00ed que me encant\u00f3 el desaf\u00edo de saltar de la aguja a la maquinaria pesada. Me parece que salir de la zona de confort a las mujeres nos da esa adrenalina de enfrentar lo que viene, porque las mujeres tenemos la capacidad de poder hacer m\u00e1s de una actividad. Lo de mayor inter\u00e9s de la capacitaci\u00f3n fue manejar la m\u00e1quina, porque si bien tuvimos d\u00edas de teor\u00eda a full, el subirte a una m\u00e1quina\u2026Nunca, nunca me hab\u00eda subido a una m\u00e1quina, y manejarla menos entonces, fue un gran desaf\u00edo para m\u00ed y para todas mis compa\u00f1eras porque todas est\u00e1bamos en igualdad de condiciones\u201d, dijo Olga.<\/p>\n<p style=\"text-align: justify;\">Olga agreg\u00f3 que \u201cdespu\u00e9s estar en el curso un mes intensivo y d\u00e1ndolo todo, tenemos buenas expectativas, porque la idea es que si nos capacitamos fue un gran esfuerzo estar desde las 2 de la tarde hasta las 9 de la noche un mes corrido de lunes a s\u00e1bado, tengamos posibilidad de trabajo, as\u00ed que agradecer la oportunidad que nos dieron para poder capacitarnos, porque sabemos que este curso es caro y que el curso se hiciera en Murta desde ya muchas gracias y agradecer (\u2026) a todos quienes hicieron posible esta realidad\u201d, concluy\u00f3 la dirigenta.<\/p>\n<\/div><\/section><\/div><div  style='height:50px' class='hr hr-invisible   avia-builder-el-6  el_after_av_one_full  el_before_av_social_share '><span class='hr-inner ' ><span class='hr-inner-style'><\/span><\/span><\/div><\/p>\n<div  class='av-social-sharing-box  avia-builder-el-7  el_after_av_hr  el_before_av_hr  '><div class='av-share-box'><h5 class='av-share-link-description av-no-toc '>Compartir esta noticia<\/h5><ul class='av-share-box-list noLightbox'><li class='av-share-link av-social-link-facebook' ><a target=\"_blank\" aria-label=\"Compartir en Facebook\" href='https:\/\/www.facebook.com\/sharer.php?u=https:\/\/radiorevelacionfm.cl\/?p=41896&#038;t=MOP%20promueve%20mayor%20contrataci%C3%B3n%20femenina%20en%20sus%20obras%20en%20la%20regi%C3%B3n' aria-hidden='false' data-av_icon='\ue8f3' data-av_iconfont='entypo-fontello' title='' data-avia-related-tooltip='Compartir en Facebook' rel=\"noopener\"><span class='avia_hidden_link_text'>Compartir en Facebook<\/span><\/a><\/li><li class='av-share-link av-social-link-twitter' ><a target=\"_blank\" aria-label=\"Compartir en Twitter\" href='https:\/\/twitter.com\/share?text=MOP%20promueve%20mayor%20contrataci%C3%B3n%20femenina%20en%20sus%20obras%20en%20la%20regi%C3%B3n&#038;url=https:\/\/radiorevelacionfm.cl\/?p=41896' aria-hidden='false' data-av_icon='\ue8f1' data-av_iconfont='entypo-fontello' title='' data-avia-related-tooltip='Compartir en Twitter' rel=\"noopener\"><span class='avia_hidden_link_text'>Compartir en Twitter<\/span><\/a><\/li><li class='av-share-link av-social-link-whatsapp' ><a target=\"_blank\" aria-label=\"Compartir en Whatsapp\" href='https:\/\/api.whatsapp.com\/send?text=https:\/\/radiorevelacionfm.cl\/?p=41896' aria-hidden='false' data-av_icon='\uf232' data-av_iconfont='entypo-fontello' title='' data-avia-related-tooltip='Compartir en Whatsapp' rel=\"noopener\"><span class='avia_hidden_link_text'>Compartir en Whatsapp<\/span><\/a><\/li><li class='av-share-link av-social-link-linkedin' ><a target=\"_blank\" aria-label=\"Compartir en LinkedIn\" href='https:\/\/linkedin.com\/shareArticle?mini=true&#038;title=MOP%20promueve%20mayor%20contrataci%C3%B3n%20femenina%20en%20sus%20obras%20en%20la%20regi%C3%B3n&#038;url=https:\/\/radiorevelacionfm.cl\/?p=41896' aria-hidden='false' data-av_icon='\ue8fc' data-av_iconfont='entypo-fontello' title='' data-avia-related-tooltip='Compartir en LinkedIn' rel=\"noopener\"><span class='avia_hidden_link_text'>Compartir en LinkedIn<\/span><\/a><\/li><li class='av-share-link av-social-link-mail' ><a  aria-label=\"Compartir por correo\" href='mailto:?subject=MOP%20promueve%20mayor%20contrataci%C3%B3n%20femenina%20en%20sus%20obras%20en%20la%20regi%C3%B3n&#038;body=https:\/\/radiorevelacionfm.cl\/?p=41896' aria-hidden='false' data-av_icon='\ue805' data-av_iconfont='entypo-fontello' title='' data-avia-related-tooltip='Compartir por correo'><span class='avia_hidden_link_text'>Compartir por correo<\/span><\/a><\/li><\/ul><\/div><\/div>\n<div  style='height:50px' class='hr hr-invisible   avia-builder-el-8  el_after_av_social_share  el_before_av_comments_list '><span class='hr-inner ' ><span class='hr-inner-style'><\/span><\/span><\/div>\n<div  class='av-buildercomment  av-blog-meta-html-info-disabled av-blog-meta-tag-disabled  '><\/div>\n","protected":false},"excerpt":{"rendered":"","protected":false},"author":1,"featured_media":41897,"comment_status":"open","ping_status":"open","sticky":false,"template":"","format":"standard","meta":{"footnotes":""},"categories":[38],"tags":[],"class_list":["post-41896","post","type-post","status-publish","format-standard","has-post-thumbnail","hentry","category-regional"],"jetpack_featured_media_url":"https:\/\/radiorevelacionfm.cl\/wp-content\/uploads\/2024\/05\/foto-retro-1_optimized.jpeg","_links":{"self":[{"href":"https:\/\/radiorevelacionfm.cl\/index.php?rest_route=\/wp\/v2\/posts\/41896","targetHints":{"allow":["GET"]}}],"collection":[{"href":"https:\/\/radiorevelacionfm.cl\/index.php?rest_route=\/wp\/v2\/posts"}],"about":[{"href":"https:\/\/radiorevelacionfm.cl\/index.php?rest_route=\/wp\/v2\/types\/post"}],"author":[{"embeddable":true,"href":"https:\/\/radiorevelacionfm.cl\/index.php?rest_route=\/wp\/v2\/users\/1"}],"replies":[{"embeddable":true,"href":"https:\/\/radiorevelacionfm.cl\/index.php?rest_route=%2Fwp%2Fv2%2Fcomments&post=41896"}],"version-history":[{"count":2,"href":"https:\/\/radiorevelacionfm.cl\/index.php?rest_route=\/wp\/v2\/posts\/41896\/revisions"}],"predecessor-version":[{"id":41899,"href":"https:\/\/radiorevelacionfm.cl\/index.php?rest_route=\/wp\/v2\/posts\/41896\/revisions\/41899"}],"wp:featuredmedia":[{"embeddable":true,"href":"https:\/\/radiorevelacionfm.cl\/index.php?rest_route=\/wp\/v2\/media\/41897"}],"wp:attachment":[{"href":"https:\/\/radiorevelacionfm.cl\/index.php?rest_route=%2Fwp%2Fv2%2Fmedia&parent=41896"}],"wp:term":[{"taxonomy":"category","embeddable":true,"href":"https:\/\/radiorevelacionfm.cl\/index.php?rest_route=%2Fwp%2Fv2%2Fcategories&post=41896"},{"taxonomy":"post_tag","embeddable":true,"href":"https:\/\/radiorevelacionfm.cl\/index.php?rest_route=%2Fwp%2Fv2%2Ftags&post=41896"}],"curies":[{"name":"wp","href":"https:\/\/api.w.org\/{rel}","templated":true}]}}