{"id":41893,"date":"2024-05-05T15:34:08","date_gmt":"2024-05-05T18:34:08","guid":{"rendered":"https:\/\/radiorevelacionfm.cl\/?p=41893"},"modified":"2024-05-05T15:34:08","modified_gmt":"2024-05-05T18:34:08","slug":"inicia-la-construccion-del-plan-estrategico-local-de-la-educacion-publica-en-aysen","status":"publish","type":"post","link":"https:\/\/radiorevelacionfm.cl\/?p=41893","title":{"rendered":"Inicia la construcci\u00f3n del Plan Estrat\u00e9gico Local de la educaci\u00f3n p\u00fablica en Ays\u00e9n"},"content":{"rendered":"<div class=\"flex_column av_one_full  flex_column_div av-zero-column-padding first  avia-builder-el-0  el_before_av_one_full  avia-builder-el-first  \" style='border-radius:0px; '><div  class='avia-image-container  av-styling-    avia-builder-el-1  avia-builder-el-no-sibling  avia-align-center '  itemprop=\"image\" itemscope=\"itemscope\" itemtype=\"https:\/\/schema.org\/ImageObject\"  ><div class='avia-image-container-inner'><div class='avia-image-overlay-wrap'><img decoding=\"async\" class='wp-image-41894 avia-img-lazy-loading-not-41894 avia_image' src=\"https:\/\/radiorevelacionfm.cl\/wp-content\/uploads\/2024\/05\/2-91-1_optimized-1.jpg\" alt='' title='2-(91)-(1)_optimized (1)' height=\"600\" width=\"1090\"  itemprop=\"thumbnailUrl\" srcset=\"https:\/\/radiorevelacionfm.cl\/wp-content\/uploads\/2024\/05\/2-91-1_optimized-1.jpg 1090w, https:\/\/radiorevelacionfm.cl\/wp-content\/uploads\/2024\/05\/2-91-1_optimized-1-300x165.jpg 300w, https:\/\/radiorevelacionfm.cl\/wp-content\/uploads\/2024\/05\/2-91-1_optimized-1-1030x567.jpg 1030w, https:\/\/radiorevelacionfm.cl\/wp-content\/uploads\/2024\/05\/2-91-1_optimized-1-768x423.jpg 768w, https:\/\/radiorevelacionfm.cl\/wp-content\/uploads\/2024\/05\/2-91-1_optimized-1-705x388.jpg 705w, https:\/\/radiorevelacionfm.cl\/wp-content\/uploads\/2024\/05\/2-91-1_optimized-1-450x248.jpg 450w, https:\/\/radiorevelacionfm.cl\/wp-content\/uploads\/2024\/05\/2-91-1_optimized-1-600x330.jpg 600w\" sizes=\"(max-width: 1090px) 100vw, 1090px\" \/><\/div><\/div><\/div><\/div><div class=\"flex_column av_one_full  flex_column_div av-zero-column-padding first  avia-builder-el-2  el_after_av_one_full  el_before_av_one_full  column-top-margin\" style='border-radius:0px; '><section class=\"av_textblock_section \"  itemscope=\"itemscope\" itemtype=\"https:\/\/schema.org\/BlogPosting\" itemprop=\"blogPost\" ><div class='avia_textblock  '   itemprop=\"text\" ><p style=\"text-align: center;\"><strong><span style=\"font-size: 18pt;\">Inicia la construcci\u00f3n del Plan Estrat\u00e9gico Local de la educaci\u00f3n p\u00fablica en Ays\u00e9n<\/span><\/strong><\/p>\n<div id=\"gtx-trans\" style=\"position: absolute; left: -50px; top: 4.31534px;\">\n<div class=\"gtx-trans-icon\"><\/div>\n<\/div>\n<\/div><\/section><\/div><div class=\"flex_column av_one_full  flex_column_div av-zero-column-padding first  avia-builder-el-4  el_after_av_one_full  el_before_av_hr  column-top-margin\" style='border-radius:0px; '><section class=\"av_textblock_section \"  itemscope=\"itemscope\" itemtype=\"https:\/\/schema.org\/BlogPosting\" itemprop=\"blogPost\" ><div class='avia_textblock  '   itemprop=\"text\" ><p style=\"text-align: justify;\">Con la presencia de las autoridades regionales, representantes de los gremios de educaci\u00f3n, equipos directivos y l\u00edderes de las comunidades educativas, el Servicio Local de Educaci\u00f3n P\u00fablica de Ays\u00e9n dio el vamos al inicio de la construcci\u00f3n del Plan Estrat\u00e9gico Local, carta de navegaci\u00f3n que fijar\u00e1 los principales lineamientos de la educaci\u00f3n p\u00fablica en Ays\u00e9n para los pr\u00f3ximos seis a\u00f1os.<\/p>\n<p style=\"text-align: justify;\">\u201cEste es un hecho hist\u00f3rico para la educaci\u00f3n, pero tambi\u00e9n un sello de la Nueva Educaci\u00f3n P\u00fablica que considera procesos participativos construidos desde y con las propias comunidades educativas\u201d, se\u00f1al\u00f3 el director ejecutivo del SLEP Ays\u00e9n, Sebasti\u00e1n Gonz\u00e1lez.<\/p>\n<p style=\"text-align: justify;\">El Plan Estrat\u00e9gico Local del SLEP Ays\u00e9n, se convertir\u00e1 en el instrumento que guiar\u00e1 la gesti\u00f3n del servicio por el per\u00edodo 2024-2023 y es la hoja de ruta construida de forma participativa, con foco en los procesos educativos y con pertinencia local, hecho que destac\u00f3 la Seremi de Educaci\u00f3n de Ays\u00e9n, Isabel Garrido, quien agreg\u00f3 \u201cesta es una tremenda oportunidad para que las comunidades educativas participen del sue\u00f1o, de qu\u00e9 es lo que so\u00f1amos para nuestra educaci\u00f3n de Ays\u00e9n.\u00a0 El Servicio Local de Educaci\u00f3n P\u00fablica viene con ese compromiso, con esa promesa que es enfocarse principalmente en la calidad de la educaci\u00f3n, en una experiencia educativa de excelencia para los ni\u00f1os y ni\u00f1as de la regi\u00f3n con pertinencia regional, y este Plan Estrat\u00e9gico Local nos permite ir avanzando hacia all\u00e1. Como gobierno, tambi\u00e9n tenemos un compromiso f\u00e9rreo e inclaudicable con nuestra educaci\u00f3n p\u00fablica y particularmente con esta reforma que como pa\u00eds decidimos impulsar de manera transversal, con apoyo de todos los actores sociales y pol\u00edticos, y hoy la queremos reforzar a trav\u00e9s de la implementaci\u00f3n de una mejora a la Ley 21.040, que busca optimizar aspectos como la transici\u00f3n de los municipios al servicio local y gobernanza, transformando esta reforma en realmente una pol\u00edtica de Estado\u201d.<\/p>\n<p style=\"text-align: justify;\">La creaci\u00f3n de este plan es uno de los desaf\u00edos de la Nueva Educaci\u00f3n P\u00fablica, creando metodolog\u00edas de participaci\u00f3n ciudadana que permitan que todas las comunidades educativas puedan debatir y proponer c\u00f3mo sue\u00f1an la educaci\u00f3n p\u00fablica en su regi\u00f3n, y cu\u00e1les deber\u00edan ser los principales desaf\u00edos para la gesti\u00f3n del servicio local. En esta l\u00ednea, el director ejecutivo del SLEP Ays\u00e9n agreg\u00f3 \u201cHoy d\u00eda somos una gran red educativa, 66 establecimientos en las 10 comunas de la regi\u00f3n que somos parte del Servicio Local de Educaci\u00f3n P\u00fablica de Ays\u00e9n. Estamos lanzando la construcci\u00f3n del Plan Estrat\u00e9gico Local, que viene a ser la carta de navegaci\u00f3n que nos va a permitir so\u00f1ar a 6 a\u00f1os que es lo que queremos lograr en la educaci\u00f3n p\u00fablica. Esta es una gran oportunidad para que las comunidades educativas participen, donde puedan reflexionar sobre lo que queremos. Esa es la invitaci\u00f3n que queremos hacerle a todas las comunidades, a que se sientan parte de la Nueva Educaci\u00f3n P\u00fablica\u201d.<\/p>\n<p style=\"text-align: justify;\">Jorge Saavedra, presidente Comit\u00e9 Directivo Local del SLEP Ays\u00e9n destac\u00f3 la importancia de este trabajo e invit\u00f3 a las comunidades a participar activamente de este proceso. En este sentido indic\u00f3 \u201cEl plan estrat\u00e9gico es una oportunidad para dise\u00f1ar la educaci\u00f3n que la regi\u00f3n quiere y se merece. En la medida que haya participaci\u00f3n de las mismas unidades educativas con los docentes, los apoderados y los estudiantes, va a ser un plan que va a nacer de las comunidades, por lo tanto, va a tener mucho m\u00e1s sentido a que venga alg\u00fan impuesto desde Santiago. Ojal\u00e1 que se sepa aprovechar esta participaci\u00f3n y se logre un trabajo fruct\u00edfero para tener un proyecto educativo que pueda plasmar los deseos y las aspiraciones que tenemos todos por una mejor educaci\u00f3n en la regi\u00f3n de Ays\u00e9n\u201d.<\/p>\n<p style=\"text-align: justify;\">El lanzamiento de este plan cont\u00f3 con la participaci\u00f3n de directores y directoras de los establecimientos educacionales tanto de manera presencial como online, siendo esta una se\u00f1al de trabajo en red que el servicio local ha potenciado desde que inicia la administraci\u00f3n del servicio educativo en Ays\u00e9n.\u00a0 En esta l\u00ednea la directora del Liceos Altos del Mackay, Paola Ovando, agreg\u00f3 \u201cpara nosotros ha sido muy importante la instalaci\u00f3n del servicio local en la regi\u00f3n, ya que el poder contar con una instancia que nos permita ir avanzando en la educaci\u00f3n p\u00fablica, siempre ser\u00e1 muy positivo. Creemos firmemente, los directores y todos quienes somos parte de los establecimientos, que es importante trabajar participativamente, aunar criterios, fijarnos las metas donde queremos llegar que claramente para todos es la misma: mejorar nuestro resultado educativo y tener buenos espacios dentro de nuestros establecimientos educacionales. Para nosotros el que estemos convocados a participar en esta instancia nos permite comprometernos con todos los objetivos que ah\u00ed vamos a plantear\u201d.<\/p>\n<p style=\"text-align: justify;\">Durante mayo se realizar\u00e1n talleres participativos en cada comunidad de la regi\u00f3n, los que ser\u00e1n liderados por los respectivos directores, directoras y docentes encargados de cada establecimiento. Estos talleres permitir\u00e1n contar con informaci\u00f3n sobre los aspectos que debe abordar el primer Plan Estrat\u00e9gico Local, los cuales ser\u00e1n debatidos posteriormente en la conferencia anual de directores, directoras y docentes encargados que reunir\u00e1 a los 66 l\u00edderes de comunidades educativas p\u00fablicas, jornada que se desarrollar\u00e1 los d\u00edas 30 y 31 de mayo.<\/p>\n<p style=\"text-align: justify;\">La invitaci\u00f3n es a que todas las personas, desde Guaitecas hasta O\u2019Higgins, se acerquen a sus comunidades educativas a participar y de esta manera poder recoger, consensuar y plasmar las definiciones estrat\u00e9gicas de cada establecimiento, para que sea una hoja de ruta que gu\u00ede a esta gran red de educaci\u00f3n p\u00fablica de la regi\u00f3n de Ays\u00e9n.<\/p>\n<\/div><\/section><\/div><div  style='height:50px' class='hr hr-invisible   avia-builder-el-6  el_after_av_one_full  el_before_av_social_share '><span class='hr-inner ' ><span class='hr-inner-style'><\/span><\/span><\/div><\/p>\n<div  class='av-social-sharing-box  avia-builder-el-7  el_after_av_hr  el_before_av_hr  '><div class='av-share-box'><h5 class='av-share-link-description av-no-toc '>Compartir esta noticia<\/h5><ul class='av-share-box-list noLightbox'><li class='av-share-link av-social-link-facebook' ><a target=\"_blank\" aria-label=\"Compartir en Facebook\" href='https:\/\/www.facebook.com\/sharer.php?u=https:\/\/radiorevelacionfm.cl\/?p=41893&#038;t=Inicia%20la%20construcci%C3%B3n%20del%20Plan%20Estrat%C3%A9gico%20Local%20de%20la%20educaci%C3%B3n%20p%C3%BAblica%20en%20Ays%C3%A9n' aria-hidden='false' data-av_icon='\ue8f3' data-av_iconfont='entypo-fontello' title='' data-avia-related-tooltip='Compartir en Facebook' rel=\"noopener\"><span class='avia_hidden_link_text'>Compartir en Facebook<\/span><\/a><\/li><li class='av-share-link av-social-link-twitter' ><a target=\"_blank\" aria-label=\"Compartir en Twitter\" href='https:\/\/twitter.com\/share?text=Inicia%20la%20construcci%C3%B3n%20del%20Plan%20Estrat%C3%A9gico%20Local%20de%20la%20educaci%C3%B3n%20p%C3%BAblica%20en%20Ays%C3%A9n&#038;url=https:\/\/radiorevelacionfm.cl\/?p=41893' aria-hidden='false' data-av_icon='\ue8f1' data-av_iconfont='entypo-fontello' title='' data-avia-related-tooltip='Compartir en Twitter' rel=\"noopener\"><span class='avia_hidden_link_text'>Compartir en Twitter<\/span><\/a><\/li><li class='av-share-link av-social-link-whatsapp' ><a target=\"_blank\" aria-label=\"Compartir en Whatsapp\" href='https:\/\/api.whatsapp.com\/send?text=https:\/\/radiorevelacionfm.cl\/?p=41893' aria-hidden='false' data-av_icon='\uf232' data-av_iconfont='entypo-fontello' title='' data-avia-related-tooltip='Compartir en Whatsapp' rel=\"noopener\"><span class='avia_hidden_link_text'>Compartir en Whatsapp<\/span><\/a><\/li><li class='av-share-link av-social-link-linkedin' ><a target=\"_blank\" aria-label=\"Compartir en LinkedIn\" href='https:\/\/linkedin.com\/shareArticle?mini=true&#038;title=Inicia%20la%20construcci%C3%B3n%20del%20Plan%20Estrat%C3%A9gico%20Local%20de%20la%20educaci%C3%B3n%20p%C3%BAblica%20en%20Ays%C3%A9n&#038;url=https:\/\/radiorevelacionfm.cl\/?p=41893' aria-hidden='false' data-av_icon='\ue8fc' data-av_iconfont='entypo-fontello' title='' data-avia-related-tooltip='Compartir en LinkedIn' rel=\"noopener\"><span class='avia_hidden_link_text'>Compartir en LinkedIn<\/span><\/a><\/li><li class='av-share-link av-social-link-mail' ><a  aria-label=\"Compartir por correo\" href='mailto:?subject=Inicia%20la%20construcci%C3%B3n%20del%20Plan%20Estrat%C3%A9gico%20Local%20de%20la%20educaci%C3%B3n%20p%C3%BAblica%20en%20Ays%C3%A9n&#038;body=https:\/\/radiorevelacionfm.cl\/?p=41893' aria-hidden='false' data-av_icon='\ue805' data-av_iconfont='entypo-fontello' title='' data-avia-related-tooltip='Compartir por correo'><span class='avia_hidden_link_text'>Compartir por correo<\/span><\/a><\/li><\/ul><\/div><\/div>\n<div  style='height:50px' class='hr hr-invisible   avia-builder-el-8  el_after_av_social_share  el_before_av_comments_list '><span class='hr-inner ' ><span class='hr-inner-style'><\/span><\/span><\/div>\n<div  class='av-buildercomment  av-blog-meta-html-info-disabled av-blog-meta-tag-disabled  '><\/div>\n","protected":false},"excerpt":{"rendered":"","protected":false},"author":1,"featured_media":41894,"comment_status":"open","ping_status":"open","sticky":false,"template":"","format":"standard","meta":{"footnotes":""},"categories":[49],"tags":[],"class_list":["post-41893","post","type-post","status-publish","format-standard","has-post-thumbnail","hentry","category-educacion"],"jetpack_featured_media_url":"https:\/\/radiorevelacionfm.cl\/wp-content\/uploads\/2024\/05\/2-91-1_optimized-1.jpg","_links":{"self":[{"href":"https:\/\/radiorevelacionfm.cl\/index.php?rest_route=\/wp\/v2\/posts\/41893","targetHints":{"allow":["GET"]}}],"collection":[{"href":"https:\/\/radiorevelacionfm.cl\/index.php?rest_route=\/wp\/v2\/posts"}],"about":[{"href":"https:\/\/radiorevelacionfm.cl\/index.php?rest_route=\/wp\/v2\/types\/post"}],"author":[{"embeddable":true,"href":"https:\/\/radiorevelacionfm.cl\/index.php?rest_route=\/wp\/v2\/users\/1"}],"replies":[{"embeddable":true,"href":"https:\/\/radiorevelacionfm.cl\/index.php?rest_route=%2Fwp%2Fv2%2Fcomments&post=41893"}],"version-history":[{"count":1,"href":"https:\/\/radiorevelacionfm.cl\/index.php?rest_route=\/wp\/v2\/posts\/41893\/revisions"}],"predecessor-version":[{"id":41895,"href":"https:\/\/radiorevelacionfm.cl\/index.php?rest_route=\/wp\/v2\/posts\/41893\/revisions\/41895"}],"wp:featuredmedia":[{"embeddable":true,"href":"https:\/\/radiorevelacionfm.cl\/index.php?rest_route=\/wp\/v2\/media\/41894"}],"wp:attachment":[{"href":"https:\/\/radiorevelacionfm.cl\/index.php?rest_route=%2Fwp%2Fv2%2Fmedia&parent=41893"}],"wp:term":[{"taxonomy":"category","embeddable":true,"href":"https:\/\/radiorevelacionfm.cl\/index.php?rest_route=%2Fwp%2Fv2%2Fcategories&post=41893"},{"taxonomy":"post_tag","embeddable":true,"href":"https:\/\/radiorevelacionfm.cl\/index.php?rest_route=%2Fwp%2Fv2%2Ftags&post=41893"}],"curies":[{"name":"wp","href":"https:\/\/api.w.org\/{rel}","templated":true}]}}