{"id":41889,"date":"2024-05-05T14:30:54","date_gmt":"2024-05-05T17:30:54","guid":{"rendered":"https:\/\/radiorevelacionfm.cl\/?p=41889"},"modified":"2024-05-05T14:30:54","modified_gmt":"2024-05-05T17:30:54","slug":"con-nuevo-foco-en-organizaciones-sociales-sernameg-lanza-programa-de-prevencion-de-las-violencias-de-genero-en-la-comuna-de-aysen","status":"publish","type":"post","link":"https:\/\/radiorevelacionfm.cl\/?p=41889","title":{"rendered":"Con nuevo foco en organizaciones sociales: SernamEG lanza Programa de Prevenci\u00f3n de las Violencias de G\u00e9nero en la comuna de Ays\u00e9n"},"content":{"rendered":"<div class=\"flex_column av_one_full  flex_column_div av-zero-column-padding first  avia-builder-el-0  el_before_av_one_full  avia-builder-el-first  \" style='border-radius:0px; '><div  class='avia-image-container  av-styling-    avia-builder-el-1  avia-builder-el-no-sibling  avia-align-center '  itemprop=\"image\" itemscope=\"itemscope\" itemtype=\"https:\/\/schema.org\/ImageObject\"  ><div class='avia-image-container-inner'><div class='avia-image-overlay-wrap'><img decoding=\"async\" class='wp-image-41891 avia-img-lazy-loading-not-41891 avia_image' src=\"https:\/\/radiorevelacionfm.cl\/wp-content\/uploads\/2024\/05\/lanzamiento-p-1-2_optimized.jpg\" alt='' title='lanzamiento-p-1-(2)_optimized' height=\"600\" width=\"987\"  itemprop=\"thumbnailUrl\" srcset=\"https:\/\/radiorevelacionfm.cl\/wp-content\/uploads\/2024\/05\/lanzamiento-p-1-2_optimized.jpg 987w, https:\/\/radiorevelacionfm.cl\/wp-content\/uploads\/2024\/05\/lanzamiento-p-1-2_optimized-300x182.jpg 300w, https:\/\/radiorevelacionfm.cl\/wp-content\/uploads\/2024\/05\/lanzamiento-p-1-2_optimized-768x467.jpg 768w, https:\/\/radiorevelacionfm.cl\/wp-content\/uploads\/2024\/05\/lanzamiento-p-1-2_optimized-705x429.jpg 705w, https:\/\/radiorevelacionfm.cl\/wp-content\/uploads\/2024\/05\/lanzamiento-p-1-2_optimized-450x274.jpg 450w, https:\/\/radiorevelacionfm.cl\/wp-content\/uploads\/2024\/05\/lanzamiento-p-1-2_optimized-600x365.jpg 600w\" sizes=\"(max-width: 987px) 100vw, 987px\" \/><\/div><\/div><\/div><\/div><div class=\"flex_column av_one_full  flex_column_div av-zero-column-padding first  avia-builder-el-2  el_after_av_one_full  el_before_av_one_full  column-top-margin\" style='border-radius:0px; '><section class=\"av_textblock_section \"  itemscope=\"itemscope\" itemtype=\"https:\/\/schema.org\/BlogPosting\" itemprop=\"blogPost\" ><div class='avia_textblock  '   itemprop=\"text\" ><p style=\"text-align: center;\"><strong><span style=\"font-size: 18pt;\">Con nuevo foco en organizaciones sociales: SernamEG lanza Programa de Prevenci\u00f3n de las Violencias de G\u00e9nero en la comuna de Ays\u00e9n<\/span><\/strong><\/p>\n<div id=\"gtx-trans\" style=\"position: absolute; left: -50px; top: 4.31534px;\">\n<div class=\"gtx-trans-icon\"><\/div>\n<\/div>\n<\/div><\/section><\/div><div class=\"flex_column av_one_full  flex_column_div av-zero-column-padding first  avia-builder-el-4  el_after_av_one_full  el_before_av_hr  column-top-margin\" style='border-radius:0px; '><section class=\"av_textblock_section \"  itemscope=\"itemscope\" itemtype=\"https:\/\/schema.org\/BlogPosting\" itemprop=\"blogPost\" ><div class='avia_textblock  '   itemprop=\"text\" ><p dir=\"ltr\" style=\"text-align: justify;\">Con una emotiva ceremonia en la Biblioteca P\u00fablica de Puerto Ays\u00e9n, el Servicio Nacional de la Mujer y la Equidad de G\u00e9nero (SernamEG) junto a la Ilustre Municipalidad de Ays\u00e9n, lanzaron la versi\u00f3n 2024 del Programa Prevenci\u00f3n de las Violencias de G\u00e9nero en la comuna, que este a\u00f1o trae novedades en cuanto al enfoque de intervenci\u00f3n.<\/p>\n<p dir=\"ltr\" style=\"text-align: justify;\">Para este per\u00edodo, el programa, que originalmente se llamaba \u00abPrevenci\u00f3n de las Violencias contra la Mujer\u00bb, ahora toma el nombre de \u00abPrevenci\u00f3n de las Violencias de G\u00e9nero\u00bb, ampliando su rango de acci\u00f3n para tener en consideraci\u00f3n cualquier tipo de violencia que se ejerza hacia una persona debido a su g\u00e9nero. Adem\u00e1s, se pasa de un trabajo de intervenci\u00f3n dirigido hacia las instituciones educacionales hacia uno orientado a la colaboraci\u00f3n con las organizaciones sociales.<\/p>\n<p dir=\"ltr\" style=\"text-align: justify;\">\u00abEl objetivo es poder permear de manera m\u00e1s profunda diferentes espacios de la sociedad. Antes, cuando trabaj\u00e1bamos s\u00f3lo con juventudes, nos enfoc\u00e1bamos en ese rango etario, que sin duda es importante. Pero hoy, lo que hace este programa al ampliar la mirada, es permitir que ya no tengamos un tope. Podemos trabajar con organizaciones que trabajen tanto como con infancias como con la adultez mayor, por lo tanto pasamos por las diferentes etapas de las vidas de las personas incorporando las tem\u00e1ticas asociadas a la prevenci\u00f3n de violencias de g\u00e9nero\u00bb, explic\u00f3 la Directora Regional (s) de SernamEG Ays\u00e9n, Carla Arriagada Malague\u00f1o.<\/p>\n<p dir=\"ltr\" style=\"text-align: justify;\">Por su parte, el Alcalde de la comuna de Ays\u00e9n, Julio Uribe Alvarado, se\u00f1al\u00f3 que esta es una iniciativa de gran valor para el territorio. \u00abEs un programa que ya llevamos trabajando hace algunos a\u00f1os, hoy con m\u00e1s experiencia, integrando a organizaciones sociales (&#8230;) vamos a seguir fortaleciendo a trav\u00e9s del municipio esta iniciativa, este trabajo m\u00e1s profundo contra la violencia, generando otros espacios donde podamos visibilizar y tambi\u00e9n articular apoyo hacia quienes sufren violencia\u00bb.<\/p>\n<p dir=\"ltr\" style=\"text-align: justify;\">El Programa de Prevenci\u00f3n cuenta con dos componentes para su funcionamiento. El primero trata de actividades de sensibilizaci\u00f3n y capacitaci\u00f3n a las organizaciones en tem\u00e1ticas de violencia y enfoque de g\u00e9nero, redes de equidad, atenci\u00f3n a la violencia de g\u00e9nero, detecci\u00f3n temprana de violencia de\u00a0g\u00e9nero, y participaci\u00f3n comunitaria con enfoque de g\u00e9nero. Mientras que el segundo consiste en que las organizaciones realicen un plan de trabajo con al menos tres acciones para prevenir las violencias de g\u00e9nero en el territorio.<\/p>\n<p dir=\"ltr\" style=\"text-align: justify;\">\u00abComo representante del Presidente Boric en la provincia, me parecen muy relevantes este tipo de alianzas, porque estamos comprometidos con erradicar la violencia de g\u00e9nero. Creemos que este tipo de coordinaciones entre SernamEG, el municipio y las organizaciones sociales, generan los espacios de conversaci\u00f3n que permiten asumir que estamos en un problema y erradicar en conjunto la violencia de g\u00e9nero y la violencia intrafamiliar\u00bb, relev\u00f3 el Delegado Presidencial Provincial de Ays\u00e9n, Jorge D\u00edaz Guzm\u00e1n.<\/p>\n<\/div><\/section><\/div><div  style='height:50px' class='hr hr-invisible   avia-builder-el-6  el_after_av_one_full  el_before_av_social_share '><span class='hr-inner ' ><span class='hr-inner-style'><\/span><\/span><\/div><\/p>\n<div  class='av-social-sharing-box  avia-builder-el-7  el_after_av_hr  el_before_av_hr  '><div class='av-share-box'><h5 class='av-share-link-description av-no-toc '>Compartir esta noticia<\/h5><ul class='av-share-box-list noLightbox'><li class='av-share-link av-social-link-facebook' ><a target=\"_blank\" aria-label=\"Compartir en Facebook\" href='https:\/\/www.facebook.com\/sharer.php?u=https:\/\/radiorevelacionfm.cl\/?p=41889&#038;t=Con%20nuevo%20foco%20en%20organizaciones%20sociales%3A%20SernamEG%20lanza%20Programa%20de%20Prevenci%C3%B3n%20de%20las%20Violencias%20de%20G%C3%A9nero%20en%20la%20comuna%20de%20Ays%C3%A9n' aria-hidden='false' data-av_icon='\ue8f3' data-av_iconfont='entypo-fontello' title='' data-avia-related-tooltip='Compartir en Facebook' rel=\"noopener\"><span class='avia_hidden_link_text'>Compartir en Facebook<\/span><\/a><\/li><li class='av-share-link av-social-link-twitter' ><a target=\"_blank\" aria-label=\"Compartir en Twitter\" href='https:\/\/twitter.com\/share?text=Con%20nuevo%20foco%20en%20organizaciones%20sociales%3A%20SernamEG%20lanza%20Programa%20de%20Prevenci%C3%B3n%20de%20las%20Violencias%20de%20G%C3%A9nero%20en%20la%20comuna%20de%20Ays%C3%A9n&#038;url=https:\/\/radiorevelacionfm.cl\/?p=41889' aria-hidden='false' data-av_icon='\ue8f1' data-av_iconfont='entypo-fontello' title='' data-avia-related-tooltip='Compartir en Twitter' rel=\"noopener\"><span class='avia_hidden_link_text'>Compartir en Twitter<\/span><\/a><\/li><li class='av-share-link av-social-link-whatsapp' ><a target=\"_blank\" aria-label=\"Compartir en Whatsapp\" href='https:\/\/api.whatsapp.com\/send?text=https:\/\/radiorevelacionfm.cl\/?p=41889' aria-hidden='false' data-av_icon='\uf232' data-av_iconfont='entypo-fontello' title='' data-avia-related-tooltip='Compartir en Whatsapp' rel=\"noopener\"><span class='avia_hidden_link_text'>Compartir en Whatsapp<\/span><\/a><\/li><li class='av-share-link av-social-link-linkedin' ><a target=\"_blank\" aria-label=\"Compartir en LinkedIn\" href='https:\/\/linkedin.com\/shareArticle?mini=true&#038;title=Con%20nuevo%20foco%20en%20organizaciones%20sociales%3A%20SernamEG%20lanza%20Programa%20de%20Prevenci%C3%B3n%20de%20las%20Violencias%20de%20G%C3%A9nero%20en%20la%20comuna%20de%20Ays%C3%A9n&#038;url=https:\/\/radiorevelacionfm.cl\/?p=41889' aria-hidden='false' data-av_icon='\ue8fc' data-av_iconfont='entypo-fontello' title='' data-avia-related-tooltip='Compartir en LinkedIn' rel=\"noopener\"><span class='avia_hidden_link_text'>Compartir en LinkedIn<\/span><\/a><\/li><li class='av-share-link av-social-link-mail' ><a  aria-label=\"Compartir por correo\" href='mailto:?subject=Con%20nuevo%20foco%20en%20organizaciones%20sociales%3A%20SernamEG%20lanza%20Programa%20de%20Prevenci%C3%B3n%20de%20las%20Violencias%20de%20G%C3%A9nero%20en%20la%20comuna%20de%20Ays%C3%A9n&#038;body=https:\/\/radiorevelacionfm.cl\/?p=41889' aria-hidden='false' data-av_icon='\ue805' data-av_iconfont='entypo-fontello' title='' data-avia-related-tooltip='Compartir por correo'><span class='avia_hidden_link_text'>Compartir por correo<\/span><\/a><\/li><\/ul><\/div><\/div>\n<div  style='height:50px' class='hr hr-invisible   avia-builder-el-8  el_after_av_social_share  el_before_av_comments_list '><span class='hr-inner ' ><span class='hr-inner-style'><\/span><\/span><\/div>\n<div  class='av-buildercomment  av-blog-meta-html-info-disabled av-blog-meta-tag-disabled  '><\/div>\n","protected":false},"excerpt":{"rendered":"","protected":false},"author":1,"featured_media":41891,"comment_status":"open","ping_status":"open","sticky":false,"template":"","format":"standard","meta":{"footnotes":""},"categories":[38],"tags":[],"class_list":["post-41889","post","type-post","status-publish","format-standard","has-post-thumbnail","hentry","category-regional"],"jetpack_featured_media_url":"https:\/\/radiorevelacionfm.cl\/wp-content\/uploads\/2024\/05\/lanzamiento-p-1-2_optimized.jpg","_links":{"self":[{"href":"https:\/\/radiorevelacionfm.cl\/index.php?rest_route=\/wp\/v2\/posts\/41889","targetHints":{"allow":["GET"]}}],"collection":[{"href":"https:\/\/radiorevelacionfm.cl\/index.php?rest_route=\/wp\/v2\/posts"}],"about":[{"href":"https:\/\/radiorevelacionfm.cl\/index.php?rest_route=\/wp\/v2\/types\/post"}],"author":[{"embeddable":true,"href":"https:\/\/radiorevelacionfm.cl\/index.php?rest_route=\/wp\/v2\/users\/1"}],"replies":[{"embeddable":true,"href":"https:\/\/radiorevelacionfm.cl\/index.php?rest_route=%2Fwp%2Fv2%2Fcomments&post=41889"}],"version-history":[{"count":1,"href":"https:\/\/radiorevelacionfm.cl\/index.php?rest_route=\/wp\/v2\/posts\/41889\/revisions"}],"predecessor-version":[{"id":41892,"href":"https:\/\/radiorevelacionfm.cl\/index.php?rest_route=\/wp\/v2\/posts\/41889\/revisions\/41892"}],"wp:featuredmedia":[{"embeddable":true,"href":"https:\/\/radiorevelacionfm.cl\/index.php?rest_route=\/wp\/v2\/media\/41891"}],"wp:attachment":[{"href":"https:\/\/radiorevelacionfm.cl\/index.php?rest_route=%2Fwp%2Fv2%2Fmedia&parent=41889"}],"wp:term":[{"taxonomy":"category","embeddable":true,"href":"https:\/\/radiorevelacionfm.cl\/index.php?rest_route=%2Fwp%2Fv2%2Fcategories&post=41889"},{"taxonomy":"post_tag","embeddable":true,"href":"https:\/\/radiorevelacionfm.cl\/index.php?rest_route=%2Fwp%2Fv2%2Ftags&post=41889"}],"curies":[{"name":"wp","href":"https:\/\/api.w.org\/{rel}","templated":true}]}}