{"id":41856,"date":"2024-05-03T11:44:10","date_gmt":"2024-05-03T14:44:10","guid":{"rendered":"https:\/\/radiorevelacionfm.cl\/?p=41856"},"modified":"2024-05-03T11:44:10","modified_gmt":"2024-05-03T14:44:10","slug":"comite-de-desarrollo-productivo-aprueba-mas-de-mil-novecientos-millones-para-fortalecer-desarrollo-economico-en-aysen","status":"publish","type":"post","link":"https:\/\/radiorevelacionfm.cl\/?p=41856","title":{"rendered":"Comit\u00e9 de Desarrollo Productivo aprueba m\u00e1s de mil novecientos millones para fortalecer desarrollo econ\u00f3mico en Ays\u00e9n"},"content":{"rendered":"<div class=\"flex_column av_one_full  flex_column_div av-zero-column-padding first  avia-builder-el-0  el_before_av_one_full  avia-builder-el-first  \" style='border-radius:0px; '><div  class='avia-image-container  av-styling-    avia-builder-el-1  avia-builder-el-no-sibling  avia-align-center '  itemprop=\"image\" itemscope=\"itemscope\" itemtype=\"https:\/\/schema.org\/ImageObject\"  ><div class='avia-image-container-inner'><div class='avia-image-overlay-wrap'><img decoding=\"async\" class='wp-image-41857 avia-img-lazy-loading-not-41857 avia_image' src=\"https:\/\/radiorevelacionfm.cl\/wp-content\/uploads\/2024\/05\/IMG-20240429-WA0046-1-1.jpg\" alt='' title='IMG-20240429-WA0046 (1) (1)' height=\"600\" width=\"1068\"  itemprop=\"thumbnailUrl\" srcset=\"https:\/\/radiorevelacionfm.cl\/wp-content\/uploads\/2024\/05\/IMG-20240429-WA0046-1-1.jpg 1068w, https:\/\/radiorevelacionfm.cl\/wp-content\/uploads\/2024\/05\/IMG-20240429-WA0046-1-1-300x169.jpg 300w, https:\/\/radiorevelacionfm.cl\/wp-content\/uploads\/2024\/05\/IMG-20240429-WA0046-1-1-1030x579.jpg 1030w, https:\/\/radiorevelacionfm.cl\/wp-content\/uploads\/2024\/05\/IMG-20240429-WA0046-1-1-768x431.jpg 768w, https:\/\/radiorevelacionfm.cl\/wp-content\/uploads\/2024\/05\/IMG-20240429-WA0046-1-1-705x396.jpg 705w, https:\/\/radiorevelacionfm.cl\/wp-content\/uploads\/2024\/05\/IMG-20240429-WA0046-1-1-450x253.jpg 450w, https:\/\/radiorevelacionfm.cl\/wp-content\/uploads\/2024\/05\/IMG-20240429-WA0046-1-1-600x337.jpg 600w\" sizes=\"(max-width: 1068px) 100vw, 1068px\" \/><\/div><\/div><\/div><\/div><div class=\"flex_column av_one_full  flex_column_div av-zero-column-padding first  avia-builder-el-2  el_after_av_one_full  el_before_av_one_full  column-top-margin\" style='border-radius:0px; '><section class=\"av_textblock_section \"  itemscope=\"itemscope\" itemtype=\"https:\/\/schema.org\/BlogPosting\" itemprop=\"blogPost\" ><div class='avia_textblock  '   itemprop=\"text\" ><p style=\"text-align: center;\"><span style=\"font-size: 18pt;\"><b>Comit\u00e9 de Desarrollo Productivo aprueba m\u00e1s de mil novecientos millones para fortalecer desarrollo econ\u00f3mico en Ays\u00e9n<\/b><\/span><\/p>\n<div id=\"gtx-trans\" style=\"position: absolute; left: -50px; top: 4.31534px;\">\n<div class=\"gtx-trans-icon\"><\/div>\n<\/div>\n<\/div><\/section><\/div><div class=\"flex_column av_one_full  flex_column_div av-zero-column-padding first  avia-builder-el-4  el_after_av_one_full  el_before_av_hr  column-top-margin\" style='border-radius:0px; '><section class=\"av_textblock_section \"  itemscope=\"itemscope\" itemtype=\"https:\/\/schema.org\/BlogPosting\" itemprop=\"blogPost\" ><div class='avia_textblock  '   itemprop=\"text\" ><p style=\"text-align: justify;\">El Comit\u00e9 de Desarrollo Productivo Ays\u00e9n -CDPAys\u00e9n- ha marcado un hito en la descentralizaci\u00f3n econ\u00f3mica al aprobar una inversi\u00f3n de 1.930 millones de pesos. Estos fondos se dirigir\u00e1n hacia los subcomit\u00e9s de Fomento Productivo y el de Emprendimiento e Innovaci\u00f3n, con el objetivo de impulsar el desarrollo econ\u00f3mico local, enfrentando desaf\u00edos regionales.<\/p>\n<p style=\"text-align: justify;\">Andrea Mac\u00edas Palma, Gobernadora Regional y Presidenta del CDPAys\u00e9n, explic\u00f3 que el objetivo de la segunda sesi\u00f3n fue la de avanzar en la asignaci\u00f3n del presupuesto que administra este comit\u00e9. \u00abHoy aprobamos la distribuci\u00f3n de m\u00e1s de mil novecientos millones de pesos en distintos instrumentos que comenzar\u00e1n a salir para su postulaci\u00f3n a trav\u00e9s de Corfo. El Comit\u00e9 tambi\u00e9n defini\u00f3 los lineamientos y ejes estrat\u00e9gicos para estas inversiones, conduciendo estos fondos hacia aquellos instrumentos de mayor relevancia para los distintos sectores productivos de nuestra regi\u00f3n\u00bb.<\/p>\n<p style=\"text-align: justify;\">Explic\u00f3 que el comit\u00e9 cuenta con dos subcomit\u00e9s: uno de Emprendimiento e Innovaci\u00f3n y otro de Fomento Productivo, cada uno con sus respectivos integrantes. El rol de estos subcomit\u00e9s es revisar en detalle los distintos instrumentos, proponer acciones, indicadores, hacer observaciones y sugerencias a los instrumentos que posteriormente salen a concurso.<\/p>\n<p style=\"text-align: justify;\">Humberto Mar\u00edn Leiva, director de Corfo, detall\u00f3 que la instalaci\u00f3n del CDPAys\u00e9n es un esfuerzo de descentralizaci\u00f3n del gobierno del Presidente Gabriel Boric en el que se le entregan atribuciones a las regiones y actores regionales liderados por los gobernadores, para la toma de decisi\u00f3n respecto al presupuesto en materia de emprendimiento, fomento e innovaci\u00f3n. \u00abEn esta sesi\u00f3n, se discuti\u00f3 el marco presupuestario para el a\u00f1o 2024 en Corfo y Sercotec. El Comit\u00e9, conformado por actores p\u00fablicos, privados y acad\u00e9micos, bajo la presidencia de la Gobernadora Regional de Ays\u00e9n, defini\u00f3 los \u00e1mbitos de trabajo para ambas entidades, alineados con la Estrategia de Desarrollo Regional y los instrumentos que orientan el progreso de la regi\u00f3n. Los programas propuestos, centrados en la innovaci\u00f3n y el fomento productivo, buscan mejorar la productividad y competitividad tanto de empresas como de emprendedores en Ays\u00e9n. Estos programas abarcan el fortalecimiento del capital humano, el apoyo al emprendimiento y la recopilaci\u00f3n de informaci\u00f3n para la toma de decisiones. Asimismo, se busca fortalecer el ecosistema empresarial y cultural de la regi\u00f3n, contemplando financiamiento directo a las unidades productivas y a espacios que faciliten la toma de decisiones\u00bb, se\u00f1al\u00f3.<\/p>\n<p style=\"text-align: justify;\">AVANCE ESTRAT\u00c9GICO REGIONAL<\/p>\n<p style=\"text-align: justify;\">La definici\u00f3n de los lineamientos estrat\u00e9gicos para la distribuci\u00f3n de recursos y la elecci\u00f3n de la presidencia y vicepresidencia de uno de los subcomit\u00e9s marcaron el desarrollo de la segunda sesi\u00f3n. Este paso significativo para el funcionamiento del Comit\u00e9, permite poner el foco en la promoci\u00f3n de la innovaci\u00f3n, el fortalecimiento del capital humano y el aumento de la competitividad en Ays\u00e9n. Junto con respaldar proyectos de innovaci\u00f3n y fomento productivo, se destinar\u00e1n recursos para estudios que apoyen la toma de decisiones y fortalezcan el ecosistema empresarial local.<\/p>\n<p style=\"text-align: justify;\">Finalmente, aunque la elecci\u00f3n de la presidencia y vicepresidencia del subcomit\u00e9 de Fomento Productivo qued\u00f3 pendiente, se espera que esta asignaci\u00f3n de fondos impulse el crecimiento econ\u00f3mico sostenible en la regi\u00f3n y contribuya a su desarrollo a largo plazo.<\/p>\n<\/div><\/section><\/div><div  style='height:50px' class='hr hr-invisible   avia-builder-el-6  el_after_av_one_full  el_before_av_social_share '><span class='hr-inner ' ><span class='hr-inner-style'><\/span><\/span><\/div><\/p>\n<div  class='av-social-sharing-box  avia-builder-el-7  el_after_av_hr  el_before_av_hr  '><div class='av-share-box'><h5 class='av-share-link-description av-no-toc '>Compartir esta noticia<\/h5><ul class='av-share-box-list noLightbox'><li class='av-share-link av-social-link-facebook' ><a target=\"_blank\" aria-label=\"Compartir en Facebook\" href='https:\/\/www.facebook.com\/sharer.php?u=https:\/\/radiorevelacionfm.cl\/?p=41856&#038;t=Comit%C3%A9%20de%20Desarrollo%20Productivo%20aprueba%20m%C3%A1s%20de%20mil%20novecientos%20millones%20para%20fortalecer%20desarrollo%20econ%C3%B3mico%20en%20Ays%C3%A9n' aria-hidden='false' data-av_icon='\ue8f3' data-av_iconfont='entypo-fontello' title='' data-avia-related-tooltip='Compartir en Facebook' rel=\"noopener\"><span class='avia_hidden_link_text'>Compartir en Facebook<\/span><\/a><\/li><li class='av-share-link av-social-link-twitter' ><a target=\"_blank\" aria-label=\"Compartir en Twitter\" href='https:\/\/twitter.com\/share?text=Comit%C3%A9%20de%20Desarrollo%20Productivo%20aprueba%20m%C3%A1s%20de%20mil%20novecientos%20millones%20para%20fortalecer%20desarrollo%20econ%C3%B3mico%20en%20Ays%C3%A9n&#038;url=https:\/\/radiorevelacionfm.cl\/?p=41856' aria-hidden='false' data-av_icon='\ue8f1' data-av_iconfont='entypo-fontello' title='' data-avia-related-tooltip='Compartir en Twitter' rel=\"noopener\"><span class='avia_hidden_link_text'>Compartir en Twitter<\/span><\/a><\/li><li class='av-share-link av-social-link-whatsapp' ><a target=\"_blank\" aria-label=\"Compartir en Whatsapp\" href='https:\/\/api.whatsapp.com\/send?text=https:\/\/radiorevelacionfm.cl\/?p=41856' aria-hidden='false' data-av_icon='\uf232' data-av_iconfont='entypo-fontello' title='' data-avia-related-tooltip='Compartir en Whatsapp' rel=\"noopener\"><span class='avia_hidden_link_text'>Compartir en Whatsapp<\/span><\/a><\/li><li class='av-share-link av-social-link-linkedin' ><a target=\"_blank\" aria-label=\"Compartir en LinkedIn\" href='https:\/\/linkedin.com\/shareArticle?mini=true&#038;title=Comit%C3%A9%20de%20Desarrollo%20Productivo%20aprueba%20m%C3%A1s%20de%20mil%20novecientos%20millones%20para%20fortalecer%20desarrollo%20econ%C3%B3mico%20en%20Ays%C3%A9n&#038;url=https:\/\/radiorevelacionfm.cl\/?p=41856' aria-hidden='false' data-av_icon='\ue8fc' data-av_iconfont='entypo-fontello' title='' data-avia-related-tooltip='Compartir en LinkedIn' rel=\"noopener\"><span class='avia_hidden_link_text'>Compartir en LinkedIn<\/span><\/a><\/li><li class='av-share-link av-social-link-mail' ><a  aria-label=\"Compartir por correo\" href='mailto:?subject=Comit%C3%A9%20de%20Desarrollo%20Productivo%20aprueba%20m%C3%A1s%20de%20mil%20novecientos%20millones%20para%20fortalecer%20desarrollo%20econ%C3%B3mico%20en%20Ays%C3%A9n&#038;body=https:\/\/radiorevelacionfm.cl\/?p=41856' aria-hidden='false' data-av_icon='\ue805' data-av_iconfont='entypo-fontello' title='' data-avia-related-tooltip='Compartir por correo'><span class='avia_hidden_link_text'>Compartir por correo<\/span><\/a><\/li><\/ul><\/div><\/div>\n<div  style='height:50px' class='hr hr-invisible   avia-builder-el-8  el_after_av_social_share  el_before_av_comments_list '><span class='hr-inner ' ><span class='hr-inner-style'><\/span><\/span><\/div>\n<div  class='av-buildercomment  av-blog-meta-html-info-disabled av-blog-meta-tag-disabled  '><\/div>\n","protected":false},"excerpt":{"rendered":"","protected":false},"author":1,"featured_media":41857,"comment_status":"open","ping_status":"open","sticky":false,"template":"","format":"standard","meta":{"footnotes":""},"categories":[38],"tags":[],"class_list":["post-41856","post","type-post","status-publish","format-standard","has-post-thumbnail","hentry","category-regional"],"jetpack_featured_media_url":"https:\/\/radiorevelacionfm.cl\/wp-content\/uploads\/2024\/05\/IMG-20240429-WA0046-1-1.jpg","_links":{"self":[{"href":"https:\/\/radiorevelacionfm.cl\/index.php?rest_route=\/wp\/v2\/posts\/41856","targetHints":{"allow":["GET"]}}],"collection":[{"href":"https:\/\/radiorevelacionfm.cl\/index.php?rest_route=\/wp\/v2\/posts"}],"about":[{"href":"https:\/\/radiorevelacionfm.cl\/index.php?rest_route=\/wp\/v2\/types\/post"}],"author":[{"embeddable":true,"href":"https:\/\/radiorevelacionfm.cl\/index.php?rest_route=\/wp\/v2\/users\/1"}],"replies":[{"embeddable":true,"href":"https:\/\/radiorevelacionfm.cl\/index.php?rest_route=%2Fwp%2Fv2%2Fcomments&post=41856"}],"version-history":[{"count":1,"href":"https:\/\/radiorevelacionfm.cl\/index.php?rest_route=\/wp\/v2\/posts\/41856\/revisions"}],"predecessor-version":[{"id":41858,"href":"https:\/\/radiorevelacionfm.cl\/index.php?rest_route=\/wp\/v2\/posts\/41856\/revisions\/41858"}],"wp:featuredmedia":[{"embeddable":true,"href":"https:\/\/radiorevelacionfm.cl\/index.php?rest_route=\/wp\/v2\/media\/41857"}],"wp:attachment":[{"href":"https:\/\/radiorevelacionfm.cl\/index.php?rest_route=%2Fwp%2Fv2%2Fmedia&parent=41856"}],"wp:term":[{"taxonomy":"category","embeddable":true,"href":"https:\/\/radiorevelacionfm.cl\/index.php?rest_route=%2Fwp%2Fv2%2Fcategories&post=41856"},{"taxonomy":"post_tag","embeddable":true,"href":"https:\/\/radiorevelacionfm.cl\/index.php?rest_route=%2Fwp%2Fv2%2Ftags&post=41856"}],"curies":[{"name":"wp","href":"https:\/\/api.w.org\/{rel}","templated":true}]}}