{"id":41848,"date":"2024-05-03T10:52:40","date_gmt":"2024-05-03T13:52:40","guid":{"rendered":"https:\/\/radiorevelacionfm.cl\/?p=41848"},"modified":"2024-05-03T10:52:40","modified_gmt":"2024-05-03T13:52:40","slug":"celebran-dia-de-la-milanesa-en-coyhaique-en-conocido-restaurante-de-la-ciudad","status":"publish","type":"post","link":"https:\/\/radiorevelacionfm.cl\/?p=41848","title":{"rendered":"Celebran D\u00eda de la Milanesa en Coyhaique en conocido restaurante de la ciudad"},"content":{"rendered":"<div class=\"flex_column av_one_full  flex_column_div av-zero-column-padding first  avia-builder-el-0  el_before_av_one_full  avia-builder-el-first  \" style='border-radius:0px; '><div  class='avia-image-container  av-styling-    avia-builder-el-1  avia-builder-el-no-sibling  avia-align-center '  itemprop=\"image\" itemscope=\"itemscope\" itemtype=\"https:\/\/schema.org\/ImageObject\"  ><div class='avia-image-container-inner'><div class='avia-image-overlay-wrap'><img decoding=\"async\" class='wp-image-41849 avia-img-lazy-loading-not-41849 avia_image' src=\"https:\/\/radiorevelacionfm.cl\/wp-content\/uploads\/2024\/05\/fotografIa-14_optimized.jpeg\" alt='' title='fotograf\u00cda-(14)_optimized' height=\"600\" width=\"800\"  itemprop=\"thumbnailUrl\" srcset=\"https:\/\/radiorevelacionfm.cl\/wp-content\/uploads\/2024\/05\/fotografIa-14_optimized.jpeg 800w, https:\/\/radiorevelacionfm.cl\/wp-content\/uploads\/2024\/05\/fotografIa-14_optimized-300x225.jpeg 300w, https:\/\/radiorevelacionfm.cl\/wp-content\/uploads\/2024\/05\/fotografIa-14_optimized-768x576.jpeg 768w, https:\/\/radiorevelacionfm.cl\/wp-content\/uploads\/2024\/05\/fotografIa-14_optimized-705x529.jpeg 705w, https:\/\/radiorevelacionfm.cl\/wp-content\/uploads\/2024\/05\/fotografIa-14_optimized-450x338.jpeg 450w, https:\/\/radiorevelacionfm.cl\/wp-content\/uploads\/2024\/05\/fotografIa-14_optimized-600x450.jpeg 600w\" sizes=\"(max-width: 800px) 100vw, 800px\" \/><\/div><\/div><\/div><\/div><div class=\"flex_column av_one_full  flex_column_div av-zero-column-padding first  avia-builder-el-2  el_after_av_one_full  el_before_av_one_full  column-top-margin\" style='border-radius:0px; '><section class=\"av_textblock_section \"  itemscope=\"itemscope\" itemtype=\"https:\/\/schema.org\/BlogPosting\" itemprop=\"blogPost\" ><div class='avia_textblock  '   itemprop=\"text\" ><p style=\"text-align: center;\"><strong><span style=\"font-size: 18pt;\">Celebran D\u00eda de la Milanesa en Coyhaique en conocido restaurante de la ciudad<\/span><\/strong><\/p>\n<div id=\"gtx-trans\" style=\"position: absolute; left: -50px; top: 4.31534px;\">\n<div class=\"gtx-trans-icon\"><\/div>\n<\/div>\n<\/div><\/section><\/div><div class=\"flex_column av_one_full  flex_column_div av-zero-column-padding first  avia-builder-el-4  el_after_av_one_full  el_before_av_hr  column-top-margin\" style='border-radius:0px; '><section class=\"av_textblock_section \"  itemscope=\"itemscope\" itemtype=\"https:\/\/schema.org\/BlogPosting\" itemprop=\"blogPost\" ><div class='avia_textblock  '   itemprop=\"text\" ><p dir=\"ltr\" style=\"text-align: justify;\">En Coyhaique, la celebraci\u00f3n del d\u00eda de la Milanesa el 3 de mayo se ha convertido en una tradici\u00f3n arraigada gracias a la declaraci\u00f3n jurada realizada por los propietarios del restaurante \u00abLa verdad de la milanesa\u00bb en Jose Miguel Carrera 172. Este emblem\u00e1tico restaurante, reconocido por su exquisita oferta gastron\u00f3mica inspirada en las ra\u00edces argentinas, ha sido un punto de referencia para los amantes de la comida en la ciudad.<\/p>\n<p dir=\"ltr\" style=\"text-align: justify;\">Carlos Inayado, uno de los propietarios del restaurante, expres\u00f3 su alegr\u00eda y gratitud por los ocho a\u00f1os de trayectoria que han marcado un hito en la escena culinaria local. La influencia de sus or\u00edgenes y la contribuci\u00f3n que han brindado a la comunidad a trav\u00e9s de sus platos \u00fanicos han consolidado su reputaci\u00f3n como un lugar de imperdible visita para los residentes y turistas por igual.<\/p>\n<p dir=\"ltr\" style=\"text-align: justify;\">Invitamos a la comunidad regional a unirse a nosotros para celebrar juntos a partir de las 19:00 horas en nuestro local. Estamos emocionados de contar con la presencia de nuestros fieles clientes que nos han acompa\u00f1ado desde nuestros inicios, as\u00ed como de las autoridades regionales y de toda nuestra comunidad. Es un momento especial para compartir y disfrutar en compa\u00f1\u00eda de aquellos que forman parte de nuestra historia y \u00e9xito.<\/p>\n<p dir=\"ltr\" style=\"text-align: justify;\">Esperando poder brindar una velada inolvidable llena de gratos momentos y buenas conversaciones.<\/p>\n<p dir=\"ltr\" style=\"text-align: justify;\">\u00a1Los esperamos con los brazos abiertos para celebrar juntos este importante acontecimiento!<\/p>\n<\/div><\/section><\/div><div  style='height:50px' class='hr hr-invisible   avia-builder-el-6  el_after_av_one_full  el_before_av_social_share '><span class='hr-inner ' ><span class='hr-inner-style'><\/span><\/span><\/div><\/p>\n<div  class='av-social-sharing-box  avia-builder-el-7  el_after_av_hr  el_before_av_hr  '><div class='av-share-box'><h5 class='av-share-link-description av-no-toc '>Compartir esta noticia<\/h5><ul class='av-share-box-list noLightbox'><li class='av-share-link av-social-link-facebook' ><a target=\"_blank\" aria-label=\"Compartir en Facebook\" href='https:\/\/www.facebook.com\/sharer.php?u=https:\/\/radiorevelacionfm.cl\/?p=41848&#038;t=Celebran%20D%C3%ADa%20de%20la%20Milanesa%20en%20Coyhaique%20en%20conocido%20restaurante%20de%20la%20ciudad' aria-hidden='false' data-av_icon='\ue8f3' data-av_iconfont='entypo-fontello' title='' data-avia-related-tooltip='Compartir en Facebook' rel=\"noopener\"><span class='avia_hidden_link_text'>Compartir en Facebook<\/span><\/a><\/li><li class='av-share-link av-social-link-twitter' ><a target=\"_blank\" aria-label=\"Compartir en Twitter\" href='https:\/\/twitter.com\/share?text=Celebran%20D%C3%ADa%20de%20la%20Milanesa%20en%20Coyhaique%20en%20conocido%20restaurante%20de%20la%20ciudad&#038;url=https:\/\/radiorevelacionfm.cl\/?p=41848' aria-hidden='false' data-av_icon='\ue8f1' data-av_iconfont='entypo-fontello' title='' data-avia-related-tooltip='Compartir en Twitter' rel=\"noopener\"><span class='avia_hidden_link_text'>Compartir en Twitter<\/span><\/a><\/li><li class='av-share-link av-social-link-whatsapp' ><a target=\"_blank\" aria-label=\"Compartir en Whatsapp\" href='https:\/\/api.whatsapp.com\/send?text=https:\/\/radiorevelacionfm.cl\/?p=41848' aria-hidden='false' data-av_icon='\uf232' data-av_iconfont='entypo-fontello' title='' data-avia-related-tooltip='Compartir en Whatsapp' rel=\"noopener\"><span class='avia_hidden_link_text'>Compartir en Whatsapp<\/span><\/a><\/li><li class='av-share-link av-social-link-linkedin' ><a target=\"_blank\" aria-label=\"Compartir en LinkedIn\" href='https:\/\/linkedin.com\/shareArticle?mini=true&#038;title=Celebran%20D%C3%ADa%20de%20la%20Milanesa%20en%20Coyhaique%20en%20conocido%20restaurante%20de%20la%20ciudad&#038;url=https:\/\/radiorevelacionfm.cl\/?p=41848' aria-hidden='false' data-av_icon='\ue8fc' data-av_iconfont='entypo-fontello' title='' data-avia-related-tooltip='Compartir en LinkedIn' rel=\"noopener\"><span class='avia_hidden_link_text'>Compartir en LinkedIn<\/span><\/a><\/li><li class='av-share-link av-social-link-mail' ><a  aria-label=\"Compartir por correo\" href='mailto:?subject=Celebran%20D%C3%ADa%20de%20la%20Milanesa%20en%20Coyhaique%20en%20conocido%20restaurante%20de%20la%20ciudad&#038;body=https:\/\/radiorevelacionfm.cl\/?p=41848' aria-hidden='false' data-av_icon='\ue805' data-av_iconfont='entypo-fontello' title='' data-avia-related-tooltip='Compartir por correo'><span class='avia_hidden_link_text'>Compartir por correo<\/span><\/a><\/li><\/ul><\/div><\/div>\n<div  style='height:50px' class='hr hr-invisible   avia-builder-el-8  el_after_av_social_share  el_before_av_comments_list '><span class='hr-inner ' ><span class='hr-inner-style'><\/span><\/span><\/div>\n<div  class='av-buildercomment  av-blog-meta-html-info-disabled av-blog-meta-tag-disabled  '><\/div>\n","protected":false},"excerpt":{"rendered":"","protected":false},"author":1,"featured_media":41849,"comment_status":"open","ping_status":"open","sticky":false,"template":"","format":"standard","meta":{"footnotes":""},"categories":[38],"tags":[],"class_list":["post-41848","post","type-post","status-publish","format-standard","has-post-thumbnail","hentry","category-regional"],"jetpack_featured_media_url":"https:\/\/radiorevelacionfm.cl\/wp-content\/uploads\/2024\/05\/fotografIa-14_optimized.jpeg","_links":{"self":[{"href":"https:\/\/radiorevelacionfm.cl\/index.php?rest_route=\/wp\/v2\/posts\/41848","targetHints":{"allow":["GET"]}}],"collection":[{"href":"https:\/\/radiorevelacionfm.cl\/index.php?rest_route=\/wp\/v2\/posts"}],"about":[{"href":"https:\/\/radiorevelacionfm.cl\/index.php?rest_route=\/wp\/v2\/types\/post"}],"author":[{"embeddable":true,"href":"https:\/\/radiorevelacionfm.cl\/index.php?rest_route=\/wp\/v2\/users\/1"}],"replies":[{"embeddable":true,"href":"https:\/\/radiorevelacionfm.cl\/index.php?rest_route=%2Fwp%2Fv2%2Fcomments&post=41848"}],"version-history":[{"count":1,"href":"https:\/\/radiorevelacionfm.cl\/index.php?rest_route=\/wp\/v2\/posts\/41848\/revisions"}],"predecessor-version":[{"id":41850,"href":"https:\/\/radiorevelacionfm.cl\/index.php?rest_route=\/wp\/v2\/posts\/41848\/revisions\/41850"}],"wp:featuredmedia":[{"embeddable":true,"href":"https:\/\/radiorevelacionfm.cl\/index.php?rest_route=\/wp\/v2\/media\/41849"}],"wp:attachment":[{"href":"https:\/\/radiorevelacionfm.cl\/index.php?rest_route=%2Fwp%2Fv2%2Fmedia&parent=41848"}],"wp:term":[{"taxonomy":"category","embeddable":true,"href":"https:\/\/radiorevelacionfm.cl\/index.php?rest_route=%2Fwp%2Fv2%2Fcategories&post=41848"},{"taxonomy":"post_tag","embeddable":true,"href":"https:\/\/radiorevelacionfm.cl\/index.php?rest_route=%2Fwp%2Fv2%2Ftags&post=41848"}],"curies":[{"name":"wp","href":"https:\/\/api.w.org\/{rel}","templated":true}]}}