{"id":41845,"date":"2024-05-03T13:00:39","date_gmt":"2024-05-03T16:00:39","guid":{"rendered":"https:\/\/radiorevelacionfm.cl\/?p=41845"},"modified":"2024-05-03T13:00:39","modified_gmt":"2024-05-03T16:00:39","slug":"con-enfasis-en-las-personas-alcalde-de-aysen-julio-uribe-rindio-cuenta-publica-2023","status":"publish","type":"post","link":"https:\/\/radiorevelacionfm.cl\/?p=41845","title":{"rendered":"Con \u00e9nfasis en las personas alcalde de Ays\u00e9n Julio Uribe rindi\u00f3 Cuenta P\u00fablica 2023"},"content":{"rendered":"<div class=\"flex_column av_one_full  flex_column_div av-zero-column-padding first  avia-builder-el-0  el_before_av_one_full  avia-builder-el-first  \" style='border-radius:0px; '><div  class='avia-image-container  av-styling-    avia-builder-el-1  avia-builder-el-no-sibling  avia-align-center '  itemprop=\"image\" itemscope=\"itemscope\" itemtype=\"https:\/\/schema.org\/ImageObject\"  ><div class='avia-image-container-inner'><div class='avia-image-overlay-wrap'><img decoding=\"async\" class='wp-image-41846 avia-img-lazy-loading-not-41846 avia_image' src=\"https:\/\/radiorevelacionfm.cl\/wp-content\/uploads\/2024\/05\/cuenta-publica-aysen-14-1_optimized-1.jpg\" alt='' title='cuenta-publica-aysen-14-(1)_optimized (1)' height=\"600\" width=\"1066\"  itemprop=\"thumbnailUrl\" srcset=\"https:\/\/radiorevelacionfm.cl\/wp-content\/uploads\/2024\/05\/cuenta-publica-aysen-14-1_optimized-1.jpg 1066w, https:\/\/radiorevelacionfm.cl\/wp-content\/uploads\/2024\/05\/cuenta-publica-aysen-14-1_optimized-1-300x169.jpg 300w, https:\/\/radiorevelacionfm.cl\/wp-content\/uploads\/2024\/05\/cuenta-publica-aysen-14-1_optimized-1-1030x580.jpg 1030w, https:\/\/radiorevelacionfm.cl\/wp-content\/uploads\/2024\/05\/cuenta-publica-aysen-14-1_optimized-1-768x432.jpg 768w, https:\/\/radiorevelacionfm.cl\/wp-content\/uploads\/2024\/05\/cuenta-publica-aysen-14-1_optimized-1-705x397.jpg 705w, https:\/\/radiorevelacionfm.cl\/wp-content\/uploads\/2024\/05\/cuenta-publica-aysen-14-1_optimized-1-450x253.jpg 450w, https:\/\/radiorevelacionfm.cl\/wp-content\/uploads\/2024\/05\/cuenta-publica-aysen-14-1_optimized-1-600x338.jpg 600w\" sizes=\"(max-width: 1066px) 100vw, 1066px\" \/><\/div><\/div><\/div><\/div><div class=\"flex_column av_one_full  flex_column_div av-zero-column-padding first  avia-builder-el-2  el_after_av_one_full  el_before_av_one_full  column-top-margin\" style='border-radius:0px; '><section class=\"av_textblock_section \"  itemscope=\"itemscope\" itemtype=\"https:\/\/schema.org\/BlogPosting\" itemprop=\"blogPost\" ><div class='avia_textblock  '   itemprop=\"text\" ><p style=\"text-align: center;\"><strong><span style=\"font-size: 18pt;\">Con \u00e9nfasis en las personas alcalde de Ays\u00e9n Julio Uribe rindi\u00f3 Cuenta P\u00fablica 2023<\/span><\/strong><\/p>\n<div id=\"gtx-trans\" style=\"position: absolute; left: -50px; top: 4.31534px;\">\n<div class=\"gtx-trans-icon\"><\/div>\n<\/div>\n<\/div><\/section><\/div><div class=\"flex_column av_one_full  flex_column_div av-zero-column-padding first  avia-builder-el-4  el_after_av_one_full  el_before_av_hr  column-top-margin\" style='border-radius:0px; '><section class=\"av_textblock_section \"  itemscope=\"itemscope\" itemtype=\"https:\/\/schema.org\/BlogPosting\" itemprop=\"blogPost\" ><div class='avia_textblock  '   itemprop=\"text\" ><p style=\"text-align: justify;\"><em>La autoridad comunal relev\u00f3 tambi\u00e9n el trabajo permanente con el Gobierno Regional, la Gobernadora Andrea Mac\u00edas y todo su Consejo, el MINVU, Servicio de Salud, Fuerzas Armadas, cada una de las Seremias, Direcciones de Servicios y todo el equipo de la Municipalidad de Ays\u00e9n.<\/em><\/p>\n<p style=\"text-align: justify;\">En la cancha principal del Polideportivo \u201c21 de abril\u201d, se realiz\u00f3 la sesi\u00f3n solemne del Concejo Municipal, instancia que tiene como fin, dar a conocer en detalle la gesti\u00f3n, proyectos, acciones e iniciativas impulsadas por el Municipio de Ays\u00e9n, bajo la administraci\u00f3n del Alcalde Julio Uribe, quien lidera un equipo de trabajo que a diario entrega lo mejor de s\u00ed para que la comuna siga avanzando.<\/p>\n<p style=\"text-align: justify;\">La Cuenta P\u00fablica 2023, cont\u00f3 con la presencia de autoridades regionales, entre ellas, la Gobernadora Andrea Mac\u00edas, el Delegado Presidencial Regional Rodrigo Araya, Seremis, Directores de Servicio, el Concejo Municipal en pleno, representantes de las Fuerzas Armadas y de Orden, dirigentes sociales, vecinales, juveniles y de adultos mayores. Destacar, adem\u00e1s, la especial interpretaci\u00f3n del himno nacional, gracias al Coro de la Iglesia Metodista Pentecostal de Puerto Ays\u00e9n.<\/p>\n<p style=\"text-align: justify;\">Al concluir, el Alcalde Julio Uribe, agradeci\u00f3 a todos y todas quienes llegaron a esta jornada informativa, se\u00f1alando que esta fue una instancia participativa, donde fueron las personas, los trabajadores, las autoridades que colaborar y apoyan las iniciativas de la Municipalidad, quienes dieron cuenta de los avances logrados en el 2023.<\/p>\n<p style=\"text-align: justify;\">\u201cHa sido una cuenta m\u00e1s bien participativa, tuvimos varios testimonios de vecinos, de trabajadores, eso hace que nosotros estemos demostrando con hechos este tremendo trabajo que hace el Municipio, con nuestros funcionarios, con nuestras alianzas en el MINVU, con el Gobierno Regional, con la Subdere. Decir tambi\u00e9n que, la cantidad de recursos que hemos tra\u00eddo a la comuna, son tremendamente grandes y por supuesto relevar el trabajo que hemos hecho con el Servicio de Salud, con el hospital, con el Cecosf, con el Cesfam\u201d.<\/p>\n<p style=\"text-align: justify;\">El Alcalde Uribe, remarc\u00f3 el \u00e9nfasis que ha tenido esta gesti\u00f3n municipal centrado en las personas como lo j\u00f3venes, los adultos mayores. \u201cUn trabajo con los adultos mayores, con los j\u00f3venes, la preocupaci\u00f3n y los hechos hacia la salud mental de nuestros j\u00f3venes, como nosotros estamos trabajando para ello, con estos tremendos resultados en materia de vivienda con nuestra Seremi del ramo, la cantidad de casas entregadas, la cantidad de proyectos que est\u00e1n en ejecuci\u00f3n, igual nos llenan de orgullo\u201d.<\/p>\n<p style=\"text-align: justify;\">La oficina del campesino ha sido creada bajo la presente administraci\u00f3n municipal, algo que, en plena cuenta p\u00fablica destacaron agricultores de distintos puntos de la comuna. As\u00ed se desprende de las palabras de Erica Gonz\u00e1lez, presidenta del comit\u00e9 \u201clas confluencias\u201d de Villa Ma\u00f1ihuales.<\/p>\n<p style=\"text-align: justify;\">\u201cLa oficina del campesino, es una iniciativa que ha tenido la Municipalidad al crear este ente que, con nosotros ha trabajado de manera conjunta, siempre preocupados de nosotros, entreg\u00e1ndonos capacitaciones referentes a lo que nosotros necesitamos y que les hemos se\u00f1alado a las encargadas de la oficina del campesino. Fue sin duda, una buena iniciativa de este alcalde, que \u00e9l cre\u00f3 esta oficina a ra\u00edz de las inquietudes que escuch\u00f3 de nosotros los campesinos\u201d.<\/p>\n<p style=\"text-align: justify;\">Otro de los importantes aciertos de la Municipalidad de Ays\u00e9n ha sido poner en marcha la iniciativa \u201cExpreso Conecta Mayor\u201d, que permite a los adultos mayores poder realizar tr\u00e1mites, hacer compras, ir a la farmacia, al hospital, en un medio de transporte con total gratuidad para ellos y que es administrado por la oficina municipal del adulto mayor, a cargo de Mirna Turra. La usuaria de este beneficio, Mar\u00eda Elizabeth Silva, evalu\u00f3 este apoyo, se\u00f1alando. \u201cSe nota la preocupaci\u00f3n por el adulto mayor, en mi caso, me ha sido \u00fatil, porque me van a buscar y a dejar a la casa, he ido a Coyhaique tambi\u00e9n a m\u00e9dico. As\u00ed es que, lo encuentro que es s\u00faper \u00fatil y ojal\u00e1 que contin\u00fae, porque es una buena opci\u00f3n para nosotros los adultos mayores\u201d.<\/p>\n<p style=\"text-align: justify;\">En la actividad hubo reconocimiento para las organizaciones y entidades que trabajan a diario con el Municipio, entre ellas, a la Gobernadora Andrea Mac\u00edas, los integrantes de la mesa de seguridad p\u00fablica, el Cosoc, funcionarios y funcionarias de Carabineros y un momento especial fue la despedida de la ahora, ex jefe de Secplan, Roc\u00edo B\u00f3rquez, quien enfrentar\u00e1 un nuevo desaf\u00edo laboral.<\/p>\n<p style=\"text-align: justify;\">Por \u00faltimo, el Alcalde Julio Uribe, no pudo dejar de mencionar el enorme trabajo del equipo de DAOMA, de \u00e1reas verdes y todos los trabajadores y trabajadoras que se preocupan a diario de mantener el aseo y ornato de la comuna.<\/p>\n<\/div><\/section><\/div><div  style='height:50px' class='hr hr-invisible   avia-builder-el-6  el_after_av_one_full  el_before_av_social_share '><span class='hr-inner ' ><span class='hr-inner-style'><\/span><\/span><\/div><\/p>\n<div  class='av-social-sharing-box  avia-builder-el-7  el_after_av_hr  el_before_av_hr  '><div class='av-share-box'><h5 class='av-share-link-description av-no-toc '>Compartir esta noticia<\/h5><ul class='av-share-box-list noLightbox'><li class='av-share-link av-social-link-facebook' ><a target=\"_blank\" aria-label=\"Compartir en Facebook\" href='https:\/\/www.facebook.com\/sharer.php?u=https:\/\/radiorevelacionfm.cl\/?p=41845&#038;t=Con%20%C3%A9nfasis%20en%20las%20personas%20alcalde%20de%20Ays%C3%A9n%20Julio%20Uribe%20rindi%C3%B3%20Cuenta%20P%C3%BAblica%202023' aria-hidden='false' data-av_icon='\ue8f3' data-av_iconfont='entypo-fontello' title='' data-avia-related-tooltip='Compartir en Facebook' rel=\"noopener\"><span class='avia_hidden_link_text'>Compartir en Facebook<\/span><\/a><\/li><li class='av-share-link av-social-link-twitter' ><a target=\"_blank\" aria-label=\"Compartir en Twitter\" href='https:\/\/twitter.com\/share?text=Con%20%C3%A9nfasis%20en%20las%20personas%20alcalde%20de%20Ays%C3%A9n%20Julio%20Uribe%20rindi%C3%B3%20Cuenta%20P%C3%BAblica%202023&#038;url=https:\/\/radiorevelacionfm.cl\/?p=41845' aria-hidden='false' data-av_icon='\ue8f1' data-av_iconfont='entypo-fontello' title='' data-avia-related-tooltip='Compartir en Twitter' rel=\"noopener\"><span class='avia_hidden_link_text'>Compartir en Twitter<\/span><\/a><\/li><li class='av-share-link av-social-link-whatsapp' ><a target=\"_blank\" aria-label=\"Compartir en Whatsapp\" href='https:\/\/api.whatsapp.com\/send?text=https:\/\/radiorevelacionfm.cl\/?p=41845' aria-hidden='false' data-av_icon='\uf232' data-av_iconfont='entypo-fontello' title='' data-avia-related-tooltip='Compartir en Whatsapp' rel=\"noopener\"><span class='avia_hidden_link_text'>Compartir en Whatsapp<\/span><\/a><\/li><li class='av-share-link av-social-link-linkedin' ><a target=\"_blank\" aria-label=\"Compartir en LinkedIn\" href='https:\/\/linkedin.com\/shareArticle?mini=true&#038;title=Con%20%C3%A9nfasis%20en%20las%20personas%20alcalde%20de%20Ays%C3%A9n%20Julio%20Uribe%20rindi%C3%B3%20Cuenta%20P%C3%BAblica%202023&#038;url=https:\/\/radiorevelacionfm.cl\/?p=41845' aria-hidden='false' data-av_icon='\ue8fc' data-av_iconfont='entypo-fontello' title='' data-avia-related-tooltip='Compartir en LinkedIn' rel=\"noopener\"><span class='avia_hidden_link_text'>Compartir en LinkedIn<\/span><\/a><\/li><li class='av-share-link av-social-link-mail' ><a  aria-label=\"Compartir por correo\" href='mailto:?subject=Con%20%C3%A9nfasis%20en%20las%20personas%20alcalde%20de%20Ays%C3%A9n%20Julio%20Uribe%20rindi%C3%B3%20Cuenta%20P%C3%BAblica%202023&#038;body=https:\/\/radiorevelacionfm.cl\/?p=41845' aria-hidden='false' data-av_icon='\ue805' data-av_iconfont='entypo-fontello' title='' data-avia-related-tooltip='Compartir por correo'><span class='avia_hidden_link_text'>Compartir por correo<\/span><\/a><\/li><\/ul><\/div><\/div>\n<div  style='height:50px' class='hr hr-invisible   avia-builder-el-8  el_after_av_social_share  el_before_av_comments_list '><span class='hr-inner ' ><span class='hr-inner-style'><\/span><\/span><\/div>\n<div  class='av-buildercomment  av-blog-meta-html-info-disabled av-blog-meta-tag-disabled  '><\/div>\n","protected":false},"excerpt":{"rendered":"","protected":false},"author":1,"featured_media":41846,"comment_status":"open","ping_status":"open","sticky":false,"template":"","format":"standard","meta":{"footnotes":""},"categories":[38],"tags":[],"class_list":["post-41845","post","type-post","status-publish","format-standard","has-post-thumbnail","hentry","category-regional"],"jetpack_featured_media_url":"https:\/\/radiorevelacionfm.cl\/wp-content\/uploads\/2024\/05\/cuenta-publica-aysen-14-1_optimized-1.jpg","_links":{"self":[{"href":"https:\/\/radiorevelacionfm.cl\/index.php?rest_route=\/wp\/v2\/posts\/41845","targetHints":{"allow":["GET"]}}],"collection":[{"href":"https:\/\/radiorevelacionfm.cl\/index.php?rest_route=\/wp\/v2\/posts"}],"about":[{"href":"https:\/\/radiorevelacionfm.cl\/index.php?rest_route=\/wp\/v2\/types\/post"}],"author":[{"embeddable":true,"href":"https:\/\/radiorevelacionfm.cl\/index.php?rest_route=\/wp\/v2\/users\/1"}],"replies":[{"embeddable":true,"href":"https:\/\/radiorevelacionfm.cl\/index.php?rest_route=%2Fwp%2Fv2%2Fcomments&post=41845"}],"version-history":[{"count":1,"href":"https:\/\/radiorevelacionfm.cl\/index.php?rest_route=\/wp\/v2\/posts\/41845\/revisions"}],"predecessor-version":[{"id":41847,"href":"https:\/\/radiorevelacionfm.cl\/index.php?rest_route=\/wp\/v2\/posts\/41845\/revisions\/41847"}],"wp:featuredmedia":[{"embeddable":true,"href":"https:\/\/radiorevelacionfm.cl\/index.php?rest_route=\/wp\/v2\/media\/41846"}],"wp:attachment":[{"href":"https:\/\/radiorevelacionfm.cl\/index.php?rest_route=%2Fwp%2Fv2%2Fmedia&parent=41845"}],"wp:term":[{"taxonomy":"category","embeddable":true,"href":"https:\/\/radiorevelacionfm.cl\/index.php?rest_route=%2Fwp%2Fv2%2Fcategories&post=41845"},{"taxonomy":"post_tag","embeddable":true,"href":"https:\/\/radiorevelacionfm.cl\/index.php?rest_route=%2Fwp%2Fv2%2Ftags&post=41845"}],"curies":[{"name":"wp","href":"https:\/\/api.w.org\/{rel}","templated":true}]}}