{"id":41842,"date":"2024-05-02T22:10:19","date_gmt":"2024-05-03T01:10:19","guid":{"rendered":"https:\/\/radiorevelacionfm.cl\/?p=41842"},"modified":"2024-05-02T22:10:19","modified_gmt":"2024-05-03T01:10:19","slug":"llaman-a-conductores-a-extremar-precaucion-en-desplazamientos-por-hielo-en-las-rutas-de-la-region","status":"publish","type":"post","link":"https:\/\/radiorevelacionfm.cl\/?p=41842","title":{"rendered":"Llaman a conductores a extremar precauci\u00f3n en desplazamientos por hielo en las rutas de la regi\u00f3n"},"content":{"rendered":"<div class=\"flex_column av_one_full  flex_column_div av-zero-column-padding first  avia-builder-el-0  el_before_av_one_full  avia-builder-el-first  \" style='border-radius:0px; '><div  class='avia-image-container  av-styling-    avia-builder-el-1  avia-builder-el-no-sibling  avia-align-center '  itemprop=\"image\" itemscope=\"itemscope\" itemtype=\"https:\/\/schema.org\/ImageObject\"  ><div class='avia-image-container-inner'><div class='avia-image-overlay-wrap'><img decoding=\"async\" class='wp-image-41843 avia-img-lazy-loading-not-41843 avia_image' src=\"https:\/\/radiorevelacionfm.cl\/wp-content\/uploads\/2024\/05\/62ddf3e6-2c3d-4a73-a7b3-c240ee6f6008-1-1.jpg\" alt='' title='62ddf3e6-2c3d-4a73-a7b3-c240ee6f6008 (1) (1)' height=\"600\" width=\"800\"  itemprop=\"thumbnailUrl\" srcset=\"https:\/\/radiorevelacionfm.cl\/wp-content\/uploads\/2024\/05\/62ddf3e6-2c3d-4a73-a7b3-c240ee6f6008-1-1.jpg 800w, https:\/\/radiorevelacionfm.cl\/wp-content\/uploads\/2024\/05\/62ddf3e6-2c3d-4a73-a7b3-c240ee6f6008-1-1-300x225.jpg 300w, https:\/\/radiorevelacionfm.cl\/wp-content\/uploads\/2024\/05\/62ddf3e6-2c3d-4a73-a7b3-c240ee6f6008-1-1-768x576.jpg 768w, https:\/\/radiorevelacionfm.cl\/wp-content\/uploads\/2024\/05\/62ddf3e6-2c3d-4a73-a7b3-c240ee6f6008-1-1-705x529.jpg 705w, https:\/\/radiorevelacionfm.cl\/wp-content\/uploads\/2024\/05\/62ddf3e6-2c3d-4a73-a7b3-c240ee6f6008-1-1-450x338.jpg 450w, https:\/\/radiorevelacionfm.cl\/wp-content\/uploads\/2024\/05\/62ddf3e6-2c3d-4a73-a7b3-c240ee6f6008-1-1-600x450.jpg 600w\" sizes=\"(max-width: 800px) 100vw, 800px\" \/><\/div><\/div><\/div><\/div><div class=\"flex_column av_one_full  flex_column_div av-zero-column-padding first  avia-builder-el-2  el_after_av_one_full  el_before_av_one_full  column-top-margin\" style='border-radius:0px; '><section class=\"av_textblock_section \"  itemscope=\"itemscope\" itemtype=\"https:\/\/schema.org\/BlogPosting\" itemprop=\"blogPost\" ><div class='avia_textblock  '   itemprop=\"text\" ><p style=\"text-align: center;\"><strong><span style=\"font-size: 18pt;\">Llaman a conductores a extremar precauci\u00f3n en desplazamientos por hielo en las rutas de la regi\u00f3n <\/span><\/strong><\/p>\n<div id=\"gtx-trans\" style=\"position: absolute; left: -50px; top: 4.31534px;\">\n<div class=\"gtx-trans-icon\"><\/div>\n<\/div>\n<\/div><\/section><\/div><div class=\"flex_column av_one_full  flex_column_div av-zero-column-padding first  avia-builder-el-4  el_after_av_one_full  el_before_av_hr  column-top-margin\" style='border-radius:0px; '><section class=\"av_textblock_section \"  itemscope=\"itemscope\" itemtype=\"https:\/\/schema.org\/BlogPosting\" itemprop=\"blogPost\" ><div class='avia_textblock  '   itemprop=\"text\" ><p class=\"v1MsoNormal\" style=\"text-align: justify;\"><span lang=\"ES-MX\">Dada las bajas temperaturas y la acumulaci\u00f3n de hielo o escarcha en las v\u00edas, Carabineros de la Secci\u00f3n de Investigaci\u00f3n de Accidentes del Tr\u00e1nsito (SIAT) reiter\u00f3 el llamado a los conductores a extremar las medidas de precauci\u00f3n en los desplazamientos y prevenir la siniestralidad vial.<\/span><\/p>\n<p class=\"v1MsoNormal\" style=\"text-align: justify;\"><span lang=\"ES-MX\">Durante las primeras horas de esta jornada, tres accidentes registrados tanto en la ruta CH-240 como en la Ruta 7 sur motiv\u00f3 el traslado de los equipos de emergencia, con la finalidad de atender hechos que derivaron en volcamientos y da\u00f1os -en primera instancia- asociados a esta condici\u00f3n clim\u00e1tica.<\/span><\/p>\n<p class=\"v1MsoNormal\" style=\"text-align: justify;\"><span lang=\"ES-MX\">Frente a lo anterior el Jefe de la SIAT Ays\u00e9n, Capit\u00e1n Claudio Vera Andrade inst\u00f3 a los conductores a transitar a una velocidad razonable y prudente, dado que lo resbaladizo de la calzada sumado a una velocidad m\u00e1s all\u00e1 de lo prudente, puede derivar en la p\u00e9rdida de control del veh\u00edculo con riesgo de accidente m\u00e1s a\u00fan si no se cuenta con los neum\u00e1ticos apropiados para esta \u00e9poca del a\u00f1o.<\/span><\/p>\n<p class=\"v1MsoNormal\" style=\"text-align: justify;\"><span lang=\"ES-MX\">Esta capa de hielo reduce la capacidad de adherencia o de tracci\u00f3n entre el neum\u00e1tico y la calzada, poniendo en riesgo la propia integridad como la de otros usuarios de las v\u00edas.<\/span><\/p>\n<p class=\"v1MsoNormal\" style=\"text-align: justify;\"><span lang=\"ES-MX\">\u00abDebemos conducir a velocidades m\u00e1s bajas teniendo presente esta condici\u00f3n, adoptando tambi\u00e9n mayores medidas de seguridad como el uso de neum\u00e1ticos con clavos, laminillas o cadenas l\u00edquidas para reducir los deslizamientos ante una p\u00e9rdida de control por parte del conductor\u00bb, indic\u00f3 el Capit\u00e1n Vera.<\/span><\/p>\n<p class=\"v1MsoNormal\" style=\"text-align: justify;\"><span lang=\"ES-MX\">Asimismo, el Oficial recalc\u00f3 que frenar de manera brusca en este tipo de condiciones implica un elevado riesgo, toda vez que reduce la capacidad de poder controlar el veh\u00edculo.<\/span><\/p>\n<p class=\"v1MsoNormal\" style=\"text-align: justify;\"><span lang=\"ES-MX\">\u00abEl llamado es a la precauci\u00f3n a tener en claro que esta es una condici\u00f3n que se genera en esta regi\u00f3n y que puede implicar el resultado de accidentes de gravedad si es que no se toman las precauciones del caso y no se considera esta condici\u00f3n de riesgo que se suscita en diferentes rutas de nuestra regi\u00f3n debido a las bajas temperaturas\u00bb, precis\u00f3 el Oficial.<\/span><\/p>\n<\/div><\/section><\/div><div  style='height:50px' class='hr hr-invisible   avia-builder-el-6  el_after_av_one_full  el_before_av_social_share '><span class='hr-inner ' ><span class='hr-inner-style'><\/span><\/span><\/div><\/p>\n<div  class='av-social-sharing-box  avia-builder-el-7  el_after_av_hr  el_before_av_hr  '><div class='av-share-box'><h5 class='av-share-link-description av-no-toc '>Compartir esta noticia<\/h5><ul class='av-share-box-list noLightbox'><li class='av-share-link av-social-link-facebook' ><a target=\"_blank\" aria-label=\"Compartir en Facebook\" href='https:\/\/www.facebook.com\/sharer.php?u=https:\/\/radiorevelacionfm.cl\/?p=41842&#038;t=Llaman%20a%20conductores%20a%20extremar%20precauci%C3%B3n%20en%20desplazamientos%20por%20hielo%20en%20las%20rutas%20de%20la%20regi%C3%B3n' aria-hidden='false' data-av_icon='\ue8f3' data-av_iconfont='entypo-fontello' title='' data-avia-related-tooltip='Compartir en Facebook' rel=\"noopener\"><span class='avia_hidden_link_text'>Compartir en Facebook<\/span><\/a><\/li><li class='av-share-link av-social-link-twitter' ><a target=\"_blank\" aria-label=\"Compartir en Twitter\" href='https:\/\/twitter.com\/share?text=Llaman%20a%20conductores%20a%20extremar%20precauci%C3%B3n%20en%20desplazamientos%20por%20hielo%20en%20las%20rutas%20de%20la%20regi%C3%B3n&#038;url=https:\/\/radiorevelacionfm.cl\/?p=41842' aria-hidden='false' data-av_icon='\ue8f1' data-av_iconfont='entypo-fontello' title='' data-avia-related-tooltip='Compartir en Twitter' rel=\"noopener\"><span class='avia_hidden_link_text'>Compartir en Twitter<\/span><\/a><\/li><li class='av-share-link av-social-link-whatsapp' ><a target=\"_blank\" aria-label=\"Compartir en Whatsapp\" href='https:\/\/api.whatsapp.com\/send?text=https:\/\/radiorevelacionfm.cl\/?p=41842' aria-hidden='false' data-av_icon='\uf232' data-av_iconfont='entypo-fontello' title='' data-avia-related-tooltip='Compartir en Whatsapp' rel=\"noopener\"><span class='avia_hidden_link_text'>Compartir en Whatsapp<\/span><\/a><\/li><li class='av-share-link av-social-link-linkedin' ><a target=\"_blank\" aria-label=\"Compartir en LinkedIn\" href='https:\/\/linkedin.com\/shareArticle?mini=true&#038;title=Llaman%20a%20conductores%20a%20extremar%20precauci%C3%B3n%20en%20desplazamientos%20por%20hielo%20en%20las%20rutas%20de%20la%20regi%C3%B3n&#038;url=https:\/\/radiorevelacionfm.cl\/?p=41842' aria-hidden='false' data-av_icon='\ue8fc' data-av_iconfont='entypo-fontello' title='' data-avia-related-tooltip='Compartir en LinkedIn' rel=\"noopener\"><span class='avia_hidden_link_text'>Compartir en LinkedIn<\/span><\/a><\/li><li class='av-share-link av-social-link-mail' ><a  aria-label=\"Compartir por correo\" href='mailto:?subject=Llaman%20a%20conductores%20a%20extremar%20precauci%C3%B3n%20en%20desplazamientos%20por%20hielo%20en%20las%20rutas%20de%20la%20regi%C3%B3n&#038;body=https:\/\/radiorevelacionfm.cl\/?p=41842' aria-hidden='false' data-av_icon='\ue805' data-av_iconfont='entypo-fontello' title='' data-avia-related-tooltip='Compartir por correo'><span class='avia_hidden_link_text'>Compartir por correo<\/span><\/a><\/li><\/ul><\/div><\/div>\n<div  style='height:50px' class='hr hr-invisible   avia-builder-el-8  el_after_av_social_share  el_before_av_comments_list '><span class='hr-inner ' ><span class='hr-inner-style'><\/span><\/span><\/div>\n<div  class='av-buildercomment  av-blog-meta-html-info-disabled av-blog-meta-tag-disabled  '><\/div>\n","protected":false},"excerpt":{"rendered":"","protected":false},"author":1,"featured_media":41843,"comment_status":"open","ping_status":"open","sticky":false,"template":"","format":"standard","meta":{"footnotes":""},"categories":[38],"tags":[],"class_list":["post-41842","post","type-post","status-publish","format-standard","has-post-thumbnail","hentry","category-regional"],"jetpack_featured_media_url":"https:\/\/radiorevelacionfm.cl\/wp-content\/uploads\/2024\/05\/62ddf3e6-2c3d-4a73-a7b3-c240ee6f6008-1-1.jpg","_links":{"self":[{"href":"https:\/\/radiorevelacionfm.cl\/index.php?rest_route=\/wp\/v2\/posts\/41842","targetHints":{"allow":["GET"]}}],"collection":[{"href":"https:\/\/radiorevelacionfm.cl\/index.php?rest_route=\/wp\/v2\/posts"}],"about":[{"href":"https:\/\/radiorevelacionfm.cl\/index.php?rest_route=\/wp\/v2\/types\/post"}],"author":[{"embeddable":true,"href":"https:\/\/radiorevelacionfm.cl\/index.php?rest_route=\/wp\/v2\/users\/1"}],"replies":[{"embeddable":true,"href":"https:\/\/radiorevelacionfm.cl\/index.php?rest_route=%2Fwp%2Fv2%2Fcomments&post=41842"}],"version-history":[{"count":1,"href":"https:\/\/radiorevelacionfm.cl\/index.php?rest_route=\/wp\/v2\/posts\/41842\/revisions"}],"predecessor-version":[{"id":41844,"href":"https:\/\/radiorevelacionfm.cl\/index.php?rest_route=\/wp\/v2\/posts\/41842\/revisions\/41844"}],"wp:featuredmedia":[{"embeddable":true,"href":"https:\/\/radiorevelacionfm.cl\/index.php?rest_route=\/wp\/v2\/media\/41843"}],"wp:attachment":[{"href":"https:\/\/radiorevelacionfm.cl\/index.php?rest_route=%2Fwp%2Fv2%2Fmedia&parent=41842"}],"wp:term":[{"taxonomy":"category","embeddable":true,"href":"https:\/\/radiorevelacionfm.cl\/index.php?rest_route=%2Fwp%2Fv2%2Fcategories&post=41842"},{"taxonomy":"post_tag","embeddable":true,"href":"https:\/\/radiorevelacionfm.cl\/index.php?rest_route=%2Fwp%2Fv2%2Ftags&post=41842"}],"curies":[{"name":"wp","href":"https:\/\/api.w.org\/{rel}","templated":true}]}}