{"id":41839,"date":"2024-05-02T21:53:56","date_gmt":"2024-05-03T00:53:56","guid":{"rendered":"https:\/\/radiorevelacionfm.cl\/?p=41839"},"modified":"2024-05-02T21:53:56","modified_gmt":"2024-05-03T00:53:56","slug":"red-asistencial-de-aysen-cuenta-por-primera-vez-con-cardiologo-infantil-permanente","status":"publish","type":"post","link":"https:\/\/radiorevelacionfm.cl\/?p=41839","title":{"rendered":"Red Asistencial de Ays\u00e9n cuenta por primera vez con cardi\u00f3logo infantil permanente"},"content":{"rendered":"<div class=\"flex_column av_one_full  flex_column_div av-zero-column-padding first  avia-builder-el-0  el_before_av_one_full  avia-builder-el-first  \" style='border-radius:0px; '><div  class='avia-image-container  av-styling-    avia-builder-el-1  avia-builder-el-no-sibling  avia-align-center '  itemprop=\"image\" itemscope=\"itemscope\" itemtype=\"https:\/\/schema.org\/ImageObject\"  ><div class='avia-image-container-inner'><div class='avia-image-overlay-wrap'><img decoding=\"async\" class='wp-image-41840 avia-img-lazy-loading-not-41840 avia_image' src=\"https:\/\/radiorevelacionfm.cl\/wp-content\/uploads\/2024\/05\/Dr.-Ricardo-Espinoza-03-1-1.jpg\" alt='' title='Dr. Ricardo Espinoza 03 (1) (1)' height=\"600\" width=\"986\"  itemprop=\"thumbnailUrl\" srcset=\"https:\/\/radiorevelacionfm.cl\/wp-content\/uploads\/2024\/05\/Dr.-Ricardo-Espinoza-03-1-1.jpg 986w, https:\/\/radiorevelacionfm.cl\/wp-content\/uploads\/2024\/05\/Dr.-Ricardo-Espinoza-03-1-1-300x183.jpg 300w, https:\/\/radiorevelacionfm.cl\/wp-content\/uploads\/2024\/05\/Dr.-Ricardo-Espinoza-03-1-1-768x467.jpg 768w, https:\/\/radiorevelacionfm.cl\/wp-content\/uploads\/2024\/05\/Dr.-Ricardo-Espinoza-03-1-1-705x429.jpg 705w, https:\/\/radiorevelacionfm.cl\/wp-content\/uploads\/2024\/05\/Dr.-Ricardo-Espinoza-03-1-1-450x274.jpg 450w, https:\/\/radiorevelacionfm.cl\/wp-content\/uploads\/2024\/05\/Dr.-Ricardo-Espinoza-03-1-1-600x365.jpg 600w\" sizes=\"(max-width: 986px) 100vw, 986px\" \/><\/div><\/div><\/div><\/div><div class=\"flex_column av_one_full  flex_column_div av-zero-column-padding first  avia-builder-el-2  el_after_av_one_full  el_before_av_one_full  column-top-margin\" style='border-radius:0px; '><section class=\"av_textblock_section \"  itemscope=\"itemscope\" itemtype=\"https:\/\/schema.org\/BlogPosting\" itemprop=\"blogPost\" ><div class='avia_textblock  '   itemprop=\"text\" ><p style=\"text-align: center;\"><span style=\"font-size: 18pt;\"><b>Red Asistencial de Ays\u00e9n cuenta por primera vez con cardi\u00f3logo infantil permanente<\/b><\/span><\/p>\n<div id=\"gtx-trans\" style=\"position: absolute; left: -50px; top: 4.31534px;\">\n<div class=\"gtx-trans-icon\"><\/div>\n<\/div>\n<\/div><\/section><\/div><div class=\"flex_column av_one_full  flex_column_div av-zero-column-padding first  avia-builder-el-4  el_after_av_one_full  el_before_av_hr  column-top-margin\" style='border-radius:0px; '><section class=\"av_textblock_section \"  itemscope=\"itemscope\" itemtype=\"https:\/\/schema.org\/BlogPosting\" itemprop=\"blogPost\" ><div class='avia_textblock  '   itemprop=\"text\" ><p style=\"font-weight: 400; text-align: justify;\">Desde este 2 de mayo el Hospital Regional Coyhaique cuenta con un cardi\u00f3logo infantil de forma permanente. Se trata del Dr. Ricardo Espinoza Ortiz, quien se suma a la dotaci\u00f3n de profesionales del principal establecimiento de salud de la regi\u00f3n.<\/p>\n<p style=\"font-weight: 400; text-align: justify;\">\u201cEl Dr. Ricardo Espinoza es un pediatra que adem\u00e1s tiene la certificaci\u00f3n como cardi\u00f3logo infantil y especialista en broncopulmonar, enfermedades respiratorias infantiles y tras varias conversaciones \u00e9l se integra formalmente desde esta fecha a trabajar en el Hospital Regional de Coyhaique, desarrollando en \u00e9l ambas especialidades. Es la primera vez que contamos en la regi\u00f3n con un especialista cardi\u00f3logo infantil que no solo trabaja en el hospital con nosotros, sino que adem\u00e1s va a vivir en la regi\u00f3n permanentemente\u201d, enfatiz\u00f3 el Dr. Rodrigo Verdugo, sub director de gesti\u00f3n asistencial.<\/p>\n<p style=\"font-weight: 400; text-align: justify;\">La incorporaci\u00f3n de Espinoza Ortiz permitir\u00e1 ampliar la cartera de prestaciones en el Hospital Coyhaique y desarrollar la sub especialidad m\u00e9dica en el principal recinto hospitalario de Ays\u00e9n. \u201cEs un hito importante para cumplir con el deseo y anhelo que ten\u00eda la regi\u00f3n de tener una UCI pedi\u00e1trica y estamos avanzando en eso. Va a estar la posibilidad de reconvertir camas durante el periodo de campa\u00f1a de invierno para tener y dar las atenciones necesarias para nuestros ni\u00f1os dentro de la regi\u00f3n y lo que va a estar listo a fin de a\u00f1o es la infraestructura para tener la UCI pedi\u00e1trica formalmente\u201d, se\u00f1al\u00f3 Juan Pablo Bravo, director del Servicio de Salud Ays\u00e9n.<\/p>\n<p style=\"font-weight: 400; text-align: justify;\">El nuevo cardi\u00f3logo agradeci\u00f3 la posibilidad de poder desplegar su trabajo en la regi\u00f3n. \u201cEstoy viendo reci\u00e9n todos los equipos y si pido algo las puertas est\u00e1n abiertas y esto es resultado de todo el equipo del Servicio y del Hospital, porque ellos me incentivaron\u201d, manifest\u00f3.<\/p>\n<p style=\"font-weight: 400; text-align: justify;\">Entretanto el Dr. Daniel Aravena, director (S) del Hospital Coyhaique, agreg\u00f3 que \u201cpara nosotros es un tremendo hito contar con la especialidad de manera definitiva, permanente en la regi\u00f3n y esto nos va a permitir desarrollar la espacialidad, ampliar nuestra cartera de prestaciones, configurar una unidad con equipamiento, con el personal que se requiere para poder dar cobertura en el \u00e1rea de la cardiolog\u00eda infantil\u201d.<\/p>\n<p style=\"font-weight: 400; text-align: justify;\">Cabe mencionar que la subespecialidad de cardiolog\u00eda es la encargada de cuidar la salud del coraz\u00f3n y el sistema circulatorio de ni\u00f1os y adolescentes. \u201cTiene una formaci\u00f3n muy s\u00f3lida en cada una de las sub especialidades que maneja y hemos tenido contacto y conversado una serie de temas y precisar lo que le parece necesario para poder avanzar en esta sub especialidad\u201d, mencion\u00f3 Pedro Pablo Pinto, sub director m\u00e9dico del Hospital Regional.<\/p>\n<p style=\"font-weight: 400; text-align: justify;\">Con este profesional se podr\u00e1n realizar en la regi\u00f3n atenciones y tratamientos de enfermedades del coraz\u00f3n, de car\u00e1cter cong\u00e9nitas o adquiridas y los diagn\u00f3sticos correspondientes.<\/p>\n<p style=\"font-weight: 400; text-align: justify;\">La Dra. Camila Lambert, Jefa Unidad de Tratamientos Intermedios Pedi\u00e1tricos, a\u00f1adi\u00f3 que \u201csu calidad profesional y humana es indiscutible, as\u00ed que agradezco tanto al servicio como al hospital todas las gestiones y es fundamental para sacar adelante la UPC (Unidad de Paciente Cr\u00edtico) pedi\u00e1trica y que si todo sale bien esperamos contar con una UPC pedi\u00e1trica transitoria a fines de este a\u00f1o o principios del otro y as\u00ed evitar la mayor\u00eda de traslados extrarregionales de nuestros ni\u00f1os\u201d, finaliz\u00f3.<\/p>\n<\/div><\/section><\/div><div  style='height:50px' class='hr hr-invisible   avia-builder-el-6  el_after_av_one_full  el_before_av_social_share '><span class='hr-inner ' ><span class='hr-inner-style'><\/span><\/span><\/div><\/p>\n<div  class='av-social-sharing-box  avia-builder-el-7  el_after_av_hr  el_before_av_hr  '><div class='av-share-box'><h5 class='av-share-link-description av-no-toc '>Compartir esta noticia<\/h5><ul class='av-share-box-list noLightbox'><li class='av-share-link av-social-link-facebook' ><a target=\"_blank\" aria-label=\"Compartir en Facebook\" href='https:\/\/www.facebook.com\/sharer.php?u=https:\/\/radiorevelacionfm.cl\/?p=41839&#038;t=Red%20Asistencial%20de%20Ays%C3%A9n%20cuenta%20por%20primera%20vez%20con%20cardi%C3%B3logo%20infantil%20permanente' aria-hidden='false' data-av_icon='\ue8f3' data-av_iconfont='entypo-fontello' title='' data-avia-related-tooltip='Compartir en Facebook' rel=\"noopener\"><span class='avia_hidden_link_text'>Compartir en Facebook<\/span><\/a><\/li><li class='av-share-link av-social-link-twitter' ><a target=\"_blank\" aria-label=\"Compartir en Twitter\" href='https:\/\/twitter.com\/share?text=Red%20Asistencial%20de%20Ays%C3%A9n%20cuenta%20por%20primera%20vez%20con%20cardi%C3%B3logo%20infantil%20permanente&#038;url=https:\/\/radiorevelacionfm.cl\/?p=41839' aria-hidden='false' data-av_icon='\ue8f1' data-av_iconfont='entypo-fontello' title='' data-avia-related-tooltip='Compartir en Twitter' rel=\"noopener\"><span class='avia_hidden_link_text'>Compartir en Twitter<\/span><\/a><\/li><li class='av-share-link av-social-link-whatsapp' ><a target=\"_blank\" aria-label=\"Compartir en Whatsapp\" href='https:\/\/api.whatsapp.com\/send?text=https:\/\/radiorevelacionfm.cl\/?p=41839' aria-hidden='false' data-av_icon='\uf232' data-av_iconfont='entypo-fontello' title='' data-avia-related-tooltip='Compartir en Whatsapp' rel=\"noopener\"><span class='avia_hidden_link_text'>Compartir en Whatsapp<\/span><\/a><\/li><li class='av-share-link av-social-link-linkedin' ><a target=\"_blank\" aria-label=\"Compartir en LinkedIn\" href='https:\/\/linkedin.com\/shareArticle?mini=true&#038;title=Red%20Asistencial%20de%20Ays%C3%A9n%20cuenta%20por%20primera%20vez%20con%20cardi%C3%B3logo%20infantil%20permanente&#038;url=https:\/\/radiorevelacionfm.cl\/?p=41839' aria-hidden='false' data-av_icon='\ue8fc' data-av_iconfont='entypo-fontello' title='' data-avia-related-tooltip='Compartir en LinkedIn' rel=\"noopener\"><span class='avia_hidden_link_text'>Compartir en LinkedIn<\/span><\/a><\/li><li class='av-share-link av-social-link-mail' ><a  aria-label=\"Compartir por correo\" href='mailto:?subject=Red%20Asistencial%20de%20Ays%C3%A9n%20cuenta%20por%20primera%20vez%20con%20cardi%C3%B3logo%20infantil%20permanente&#038;body=https:\/\/radiorevelacionfm.cl\/?p=41839' aria-hidden='false' data-av_icon='\ue805' data-av_iconfont='entypo-fontello' title='' data-avia-related-tooltip='Compartir por correo'><span class='avia_hidden_link_text'>Compartir por correo<\/span><\/a><\/li><\/ul><\/div><\/div>\n<div  style='height:50px' class='hr hr-invisible   avia-builder-el-8  el_after_av_social_share  el_before_av_comments_list '><span class='hr-inner ' ><span class='hr-inner-style'><\/span><\/span><\/div>\n<div  class='av-buildercomment  av-blog-meta-html-info-disabled av-blog-meta-tag-disabled  '><\/div>\n","protected":false},"excerpt":{"rendered":"","protected":false},"author":1,"featured_media":41840,"comment_status":"open","ping_status":"open","sticky":false,"template":"","format":"standard","meta":{"footnotes":""},"categories":[46],"tags":[],"class_list":["post-41839","post","type-post","status-publish","format-standard","has-post-thumbnail","hentry","category-salud"],"jetpack_featured_media_url":"https:\/\/radiorevelacionfm.cl\/wp-content\/uploads\/2024\/05\/Dr.-Ricardo-Espinoza-03-1-1.jpg","_links":{"self":[{"href":"https:\/\/radiorevelacionfm.cl\/index.php?rest_route=\/wp\/v2\/posts\/41839","targetHints":{"allow":["GET"]}}],"collection":[{"href":"https:\/\/radiorevelacionfm.cl\/index.php?rest_route=\/wp\/v2\/posts"}],"about":[{"href":"https:\/\/radiorevelacionfm.cl\/index.php?rest_route=\/wp\/v2\/types\/post"}],"author":[{"embeddable":true,"href":"https:\/\/radiorevelacionfm.cl\/index.php?rest_route=\/wp\/v2\/users\/1"}],"replies":[{"embeddable":true,"href":"https:\/\/radiorevelacionfm.cl\/index.php?rest_route=%2Fwp%2Fv2%2Fcomments&post=41839"}],"version-history":[{"count":1,"href":"https:\/\/radiorevelacionfm.cl\/index.php?rest_route=\/wp\/v2\/posts\/41839\/revisions"}],"predecessor-version":[{"id":41841,"href":"https:\/\/radiorevelacionfm.cl\/index.php?rest_route=\/wp\/v2\/posts\/41839\/revisions\/41841"}],"wp:featuredmedia":[{"embeddable":true,"href":"https:\/\/radiorevelacionfm.cl\/index.php?rest_route=\/wp\/v2\/media\/41840"}],"wp:attachment":[{"href":"https:\/\/radiorevelacionfm.cl\/index.php?rest_route=%2Fwp%2Fv2%2Fmedia&parent=41839"}],"wp:term":[{"taxonomy":"category","embeddable":true,"href":"https:\/\/radiorevelacionfm.cl\/index.php?rest_route=%2Fwp%2Fv2%2Fcategories&post=41839"},{"taxonomy":"post_tag","embeddable":true,"href":"https:\/\/radiorevelacionfm.cl\/index.php?rest_route=%2Fwp%2Fv2%2Ftags&post=41839"}],"curies":[{"name":"wp","href":"https:\/\/api.w.org\/{rel}","templated":true}]}}