{"id":41837,"date":"2024-05-03T21:24:36","date_gmt":"2024-05-04T00:24:36","guid":{"rendered":"https:\/\/radiorevelacionfm.cl\/?p=41837"},"modified":"2024-05-03T21:38:18","modified_gmt":"2024-05-04T00:38:18","slug":"organizan-encuentro-nacional-de-alcaldes-y-cchc-por-la-seguridad","status":"publish","type":"post","link":"https:\/\/radiorevelacionfm.cl\/?p=41837","title":{"rendered":"CCHC organiza Encuentro Nacional de Alcaldes para abordar la seguridad"},"content":{"rendered":"<div class=\"flex_column av_one_full  flex_column_div av-zero-column-padding first  avia-builder-el-0  el_before_av_one_full  avia-builder-el-first  \" style='border-radius:0px; '><div  class='avia-image-container  av-styling-    avia-builder-el-1  avia-builder-el-no-sibling  avia-align-center '  itemprop=\"image\" itemscope=\"itemscope\" itemtype=\"https:\/\/schema.org\/ImageObject\"  ><div class='avia-image-container-inner'><div class='avia-image-overlay-wrap'><img decoding=\"async\" class='wp-image-17423 avia-img-lazy-loading-not-17423 avia_image' src=\"https:\/\/radiorevelacionfm.cl\/wp-content\/uploads\/2022\/05\/Alejandra-Alert1-1-1.jpg\" alt='' title='Alejandra Alert1 (1) (1)' height=\"600\" width=\"625\"  itemprop=\"thumbnailUrl\" srcset=\"https:\/\/radiorevelacionfm.cl\/wp-content\/uploads\/2022\/05\/Alejandra-Alert1-1-1.jpg 625w, https:\/\/radiorevelacionfm.cl\/wp-content\/uploads\/2022\/05\/Alejandra-Alert1-1-1-300x288.jpg 300w, https:\/\/radiorevelacionfm.cl\/wp-content\/uploads\/2022\/05\/Alejandra-Alert1-1-1-36x36.jpg 36w, https:\/\/radiorevelacionfm.cl\/wp-content\/uploads\/2022\/05\/Alejandra-Alert1-1-1-600x576.jpg 600w\" sizes=\"(max-width: 625px) 100vw, 625px\" \/><\/div><\/div><\/div><\/div>\n<div class=\"flex_column av_one_full  flex_column_div av-zero-column-padding first  avia-builder-el-2  el_after_av_one_full  el_before_av_one_full  column-top-margin\" style='border-radius:0px; '><section class=\"av_textblock_section \"  itemscope=\"itemscope\" itemtype=\"https:\/\/schema.org\/BlogPosting\" itemprop=\"blogPost\" ><div class='avia_textblock  '   itemprop=\"text\" ><p style=\"text-align: center;\"><strong><span style=\"font-size: 18pt;\">CCHC organiza Encuentro Nacional de Alcaldes para abordar la seguridad<\/span><\/strong><\/p>\n<div id=\"gtx-trans\" style=\"position: absolute; left: -50px; top: 4.31534px;\">\n<div class=\"gtx-trans-icon\"><\/div>\n<\/div>\n<\/div><\/section><\/div><div class=\"flex_column av_one_full  flex_column_div av-zero-column-padding first  avia-builder-el-4  el_after_av_one_full  el_before_av_hr  column-top-margin\" style='border-radius:0px; '><section class=\"av_textblock_section \"  itemscope=\"itemscope\" itemtype=\"https:\/\/schema.org\/BlogPosting\" itemprop=\"blogPost\" ><div class='avia_textblock  '   itemprop=\"text\" ><p style=\"text-align: justify;\">En el marco de la Semana de la Construcci\u00f3n, actividad organizada por la C\u00e1mara Chilena de la Construcci\u00f3n la que se llevar\u00e1 a cabo entre el 14 y el 16 de mayo, se espera que m\u00e1s de 100 alcaldes de todo Chile se re\u00fanan para abordar el tema sobre la crisis de seguridad que afecta a nuestro pa\u00eds, con foco en el desarrollo urbano. Esta instancia contar\u00e1 con la presencia especial de Sergio Fajardo, candidato a la presidencia de Colombia en 2018, ex gobernador de Antioquia y ex alcalde de Medell\u00edn, quien presentar\u00e1 su experiencia luego de liderar uno de los procesos de transformaci\u00f3n urbana m\u00e1s exitosos y valorados a nivel internacional, mejorando la calidad de vida de millones de personas.<\/p>\n<p style=\"text-align: justify;\">Luego de la presentaci\u00f3n, los alcaldes participar\u00e1n en un taller en el que podr\u00e1n diagnosticar la situaci\u00f3n de seguridad de su comuna y plantear soluciones que tengan que ver con el desarrollo de los barrios. La metodolog\u00eda de estos talleres es elaborada por Paz Ciudadana y Tenemos que Hablar de Chile.<\/p>\n<p style=\"text-align: justify;\">Esta invitaci\u00f3n a participar del dialogo es una oportunidad para todos los alcaldes de la regi\u00f3n de Ays\u00e9n, se\u00f1al\u00f3 Alejandra Alert, presidenta Coyhaique de la CChC, en la que juntos reforcemos el compromiso y voluntad de aportar a que nuestras ciudades tengan no s\u00f3lo un concepto integral en la Planificaci\u00f3n Urbana, sino que adem\u00e1s construyamos Barrios m\u00e1s seguros.<\/p>\n<\/div><\/section><\/div><\/p>\n<div  style='height:50px' class='hr hr-invisible   avia-builder-el-6  el_after_av_one_full  el_before_av_social_share '><span class='hr-inner ' ><span class='hr-inner-style'><\/span><\/span><\/div>\n<div  class='av-social-sharing-box  avia-builder-el-7  el_after_av_hr  el_before_av_hr  '><div class='av-share-box'><h5 class='av-share-link-description av-no-toc '>Compartir esta noticia<\/h5><ul class='av-share-box-list noLightbox'><li class='av-share-link av-social-link-facebook' ><a target=\"_blank\" aria-label=\"Compartir en Facebook\" href='https:\/\/www.facebook.com\/sharer.php?u=https:\/\/radiorevelacionfm.cl\/?p=41837&#038;t=CCHC%20organiza%20Encuentro%20Nacional%20de%20Alcaldes%20para%20abordar%20la%20seguridad' aria-hidden='false' data-av_icon='\ue8f3' data-av_iconfont='entypo-fontello' title='' data-avia-related-tooltip='Compartir en Facebook' rel=\"noopener\"><span class='avia_hidden_link_text'>Compartir en Facebook<\/span><\/a><\/li><li class='av-share-link av-social-link-twitter' ><a target=\"_blank\" aria-label=\"Compartir en Twitter\" href='https:\/\/twitter.com\/share?text=CCHC%20organiza%20Encuentro%20Nacional%20de%20Alcaldes%20para%20abordar%20la%20seguridad&#038;url=https:\/\/radiorevelacionfm.cl\/?p=41837' aria-hidden='false' data-av_icon='\ue8f1' data-av_iconfont='entypo-fontello' title='' data-avia-related-tooltip='Compartir en Twitter' rel=\"noopener\"><span class='avia_hidden_link_text'>Compartir en Twitter<\/span><\/a><\/li><li class='av-share-link av-social-link-whatsapp' ><a target=\"_blank\" aria-label=\"Compartir en Whatsapp\" href='https:\/\/api.whatsapp.com\/send?text=https:\/\/radiorevelacionfm.cl\/?p=41837' aria-hidden='false' data-av_icon='\uf232' data-av_iconfont='entypo-fontello' title='' data-avia-related-tooltip='Compartir en Whatsapp' rel=\"noopener\"><span class='avia_hidden_link_text'>Compartir en Whatsapp<\/span><\/a><\/li><li class='av-share-link av-social-link-linkedin' ><a target=\"_blank\" aria-label=\"Compartir en LinkedIn\" href='https:\/\/linkedin.com\/shareArticle?mini=true&#038;title=CCHC%20organiza%20Encuentro%20Nacional%20de%20Alcaldes%20para%20abordar%20la%20seguridad&#038;url=https:\/\/radiorevelacionfm.cl\/?p=41837' aria-hidden='false' data-av_icon='\ue8fc' data-av_iconfont='entypo-fontello' title='' data-avia-related-tooltip='Compartir en LinkedIn' rel=\"noopener\"><span class='avia_hidden_link_text'>Compartir en LinkedIn<\/span><\/a><\/li><li class='av-share-link av-social-link-mail' ><a  aria-label=\"Compartir por correo\" href='mailto:?subject=CCHC%20organiza%20Encuentro%20Nacional%20de%20Alcaldes%20para%20abordar%20la%20seguridad&#038;body=https:\/\/radiorevelacionfm.cl\/?p=41837' aria-hidden='false' data-av_icon='\ue805' data-av_iconfont='entypo-fontello' title='' data-avia-related-tooltip='Compartir por correo'><span class='avia_hidden_link_text'>Compartir por correo<\/span><\/a><\/li><\/ul><\/div><\/div>\n<div  style='height:50px' class='hr hr-invisible   avia-builder-el-8  el_after_av_social_share  el_before_av_comments_list '><span class='hr-inner ' ><span class='hr-inner-style'><\/span><\/span><\/div>\n<div  class='av-buildercomment  av-blog-meta-html-info-disabled av-blog-meta-tag-disabled  '><\/div>\n","protected":false},"excerpt":{"rendered":"","protected":false},"author":1,"featured_media":17423,"comment_status":"open","ping_status":"open","sticky":false,"template":"","format":"standard","meta":{"footnotes":""},"categories":[61],"tags":[],"class_list":["post-41837","post","type-post","status-publish","format-standard","has-post-thumbnail","hentry","category-nacional"],"jetpack_featured_media_url":"https:\/\/radiorevelacionfm.cl\/wp-content\/uploads\/2022\/05\/Alejandra-Alert1-1-1.jpg","_links":{"self":[{"href":"https:\/\/radiorevelacionfm.cl\/index.php?rest_route=\/wp\/v2\/posts\/41837","targetHints":{"allow":["GET"]}}],"collection":[{"href":"https:\/\/radiorevelacionfm.cl\/index.php?rest_route=\/wp\/v2\/posts"}],"about":[{"href":"https:\/\/radiorevelacionfm.cl\/index.php?rest_route=\/wp\/v2\/types\/post"}],"author":[{"embeddable":true,"href":"https:\/\/radiorevelacionfm.cl\/index.php?rest_route=\/wp\/v2\/users\/1"}],"replies":[{"embeddable":true,"href":"https:\/\/radiorevelacionfm.cl\/index.php?rest_route=%2Fwp%2Fv2%2Fcomments&post=41837"}],"version-history":[{"count":4,"href":"https:\/\/radiorevelacionfm.cl\/index.php?rest_route=\/wp\/v2\/posts\/41837\/revisions"}],"predecessor-version":[{"id":41880,"href":"https:\/\/radiorevelacionfm.cl\/index.php?rest_route=\/wp\/v2\/posts\/41837\/revisions\/41880"}],"wp:featuredmedia":[{"embeddable":true,"href":"https:\/\/radiorevelacionfm.cl\/index.php?rest_route=\/wp\/v2\/media\/17423"}],"wp:attachment":[{"href":"https:\/\/radiorevelacionfm.cl\/index.php?rest_route=%2Fwp%2Fv2%2Fmedia&parent=41837"}],"wp:term":[{"taxonomy":"category","embeddable":true,"href":"https:\/\/radiorevelacionfm.cl\/index.php?rest_route=%2Fwp%2Fv2%2Fcategories&post=41837"},{"taxonomy":"post_tag","embeddable":true,"href":"https:\/\/radiorevelacionfm.cl\/index.php?rest_route=%2Fwp%2Fv2%2Ftags&post=41837"}],"curies":[{"name":"wp","href":"https:\/\/api.w.org\/{rel}","templated":true}]}}