{"id":41834,"date":"2024-05-02T21:00:07","date_gmt":"2024-05-03T00:00:07","guid":{"rendered":"https:\/\/radiorevelacionfm.cl\/?p=41834"},"modified":"2024-05-02T21:00:07","modified_gmt":"2024-05-03T00:00:07","slug":"carabineros-evito-hecho-lamentable-tras-detener-a-adolescente-quien-ingreso-con-arma-blanca-a-comisaria-de-coyhaique-para-atacar-a-victima","status":"publish","type":"post","link":"https:\/\/radiorevelacionfm.cl\/?p=41834","title":{"rendered":"Carabineros evit\u00f3 hecho lamentable tras detener a adolescente quien ingres\u00f3 con arma blanca a Comisar\u00eda de Coyhaique para atacar a v\u00edctima"},"content":{"rendered":"<div class=\"flex_column av_one_full  flex_column_div av-zero-column-padding first  avia-builder-el-0  el_before_av_one_full  avia-builder-el-first  \" style='border-radius:0px; '><div  class='avia-image-container  av-styling-    avia-builder-el-1  avia-builder-el-no-sibling  avia-align-center '  itemprop=\"image\" itemscope=\"itemscope\" itemtype=\"https:\/\/schema.org\/ImageObject\"  ><div class='avia-image-container-inner'><div class='avia-image-overlay-wrap'><img decoding=\"async\" class='wp-image-41835 avia-img-lazy-loading-not-41835 avia_image' src=\"https:\/\/radiorevelacionfm.cl\/wp-content\/uploads\/2024\/05\/55ca826b-2d14-4d63-a040-9a5bc2afce63-1-1.jpg\" alt='' title='55ca826b-2d14-4d63-a040-9a5bc2afce63 (1) (1)' height=\"600\" width=\"800\"  itemprop=\"thumbnailUrl\" srcset=\"https:\/\/radiorevelacionfm.cl\/wp-content\/uploads\/2024\/05\/55ca826b-2d14-4d63-a040-9a5bc2afce63-1-1.jpg 800w, https:\/\/radiorevelacionfm.cl\/wp-content\/uploads\/2024\/05\/55ca826b-2d14-4d63-a040-9a5bc2afce63-1-1-300x225.jpg 300w, https:\/\/radiorevelacionfm.cl\/wp-content\/uploads\/2024\/05\/55ca826b-2d14-4d63-a040-9a5bc2afce63-1-1-768x576.jpg 768w, https:\/\/radiorevelacionfm.cl\/wp-content\/uploads\/2024\/05\/55ca826b-2d14-4d63-a040-9a5bc2afce63-1-1-705x529.jpg 705w, https:\/\/radiorevelacionfm.cl\/wp-content\/uploads\/2024\/05\/55ca826b-2d14-4d63-a040-9a5bc2afce63-1-1-450x338.jpg 450w, https:\/\/radiorevelacionfm.cl\/wp-content\/uploads\/2024\/05\/55ca826b-2d14-4d63-a040-9a5bc2afce63-1-1-600x450.jpg 600w\" sizes=\"(max-width: 800px) 100vw, 800px\" \/><\/div><\/div><\/div><\/div><div class=\"flex_column av_one_full  flex_column_div av-zero-column-padding first  avia-builder-el-2  el_after_av_one_full  el_before_av_one_full  column-top-margin\" style='border-radius:0px; '><section class=\"av_textblock_section \"  itemscope=\"itemscope\" itemtype=\"https:\/\/schema.org\/BlogPosting\" itemprop=\"blogPost\" ><div class='avia_textblock  '   itemprop=\"text\" ><p style=\"text-align: center;\"><strong><span style=\"font-size: 18pt;\">Carabineros evit\u00f3 hecho lamentable tras detener a adolescente quien ingres\u00f3 con arma blanca a Comisar\u00eda de Coyhaique para atacar a v\u00edctima<\/span><\/strong><\/p>\n<div id=\"gtx-trans\" style=\"position: absolute; left: -50px; top: 4.31534px;\">\n<div class=\"gtx-trans-icon\"><\/div>\n<\/div>\n<\/div><\/section><\/div><div class=\"flex_column av_one_full  flex_column_div av-zero-column-padding first  avia-builder-el-4  el_after_av_one_full  el_before_av_hr  column-top-margin\" style='border-radius:0px; '><section class=\"av_textblock_section \"  itemscope=\"itemscope\" itemtype=\"https:\/\/schema.org\/BlogPosting\" itemprop=\"blogPost\" ><div class='avia_textblock  '   itemprop=\"text\" ><p class=\"v1MsoNormal\" style=\"text-align: justify;\"><span lang=\"ES-MX\">La v\u00edctima ingres\u00f3 al servicio de guardia solicitando auxilio al personal y tras \u00e9l lo hizo un adolescente de nacionalidad colombiana premunido de un cuchillo cocinero, siendo reducido por carabineros, logrando con ello evitar un hecho fatal.<\/span><\/p>\n<p class=\"v1MsoNormal\" style=\"text-align: justify;\"><span lang=\"ES-MX\">Tras una r\u00e1pida reacci\u00f3n, Carabineros del servicio de guardia de la 1ra Comisar\u00eda de Carabineros de Coyhaique detuvo a NNA de nacionalidad colombiana por homicidio frustrado quien provisto de un arma blanca ingres\u00f3 a la Unidad policial, en persecuci\u00f3n de un joven de 19 a\u00f1os de edad quien lleg\u00f3 al recinto policial en busca de auxilio y protecci\u00f3n.<\/span><\/p>\n<p class=\"v1MsoNormal\" style=\"text-align: justify;\"><span lang=\"ES-MX\">El in\u00e9dito hecho ocurrido en esta Unidad, alert\u00f3 al personal quienes acudieron de forma inmediata al acceso del cuartel, tras percatarse del ingreso de un joven y, tras \u00e9l un individuo quien lo hac\u00eda empu\u00f1ando un cuchillo del tipo cocinero.<\/span><\/p>\n<p class=\"v1MsoNormal\" style=\"text-align: justify;\"><span lang=\"ES-MX\">Al percatarse de esta situaci\u00f3n y ante el riesgo inminente para la v\u00edctima, Carabineros -en un r\u00e1pido actuar- logr\u00f3 desarmar al adolescente siendo reducido en el lugar, junto con brindar protecci\u00f3n y resguardo al joven, logrado evitar un hecho lamentable, tal como indic\u00f3 el Mayor Gerardo Gonz\u00e1lez L\u00f3pez, Comisario de Coyhaique.<\/span><\/p>\n<p class=\"v1MsoNormal\" style=\"text-align: justify;\"><span lang=\"ES-MX\">\u00abEsta persona lleg\u00f3 solicitando auxilio porque una persona lo ven\u00eda siguiendo con intenciones de agredir con un cuchillo. Ingres\u00f3 gritando y pidiendo que carabineros lo ayudara y ese momento -inmediatamente- ingresa por atr\u00e1s otro individuo que ven\u00eda con un cuchillo, con claras intenciones de agredirlo. Ante esto, el personal que estaba en la guardia reacciona r\u00e1pidamente y logra reducir a esta persona y detenerla para ser puesta a disposici\u00f3n de la justicia\u00bb, detall\u00f3 el Comisario.<\/span><\/p>\n<p class=\"v1MsoNormal\" style=\"text-align: justify;\"><span lang=\"ES-MX\">Producto de lo anterior, la v\u00edctima result\u00f3 sin lesiones y solo con el susto producto de la situaci\u00f3n ocurrida.<\/span><\/p>\n<p class=\"v1MsoNormal\" style=\"text-align: justify;\"><span lang=\"ES-MX\">Antecedentes preliminares aportados por la v\u00edctima dan cuentas que ambos j\u00f3venes no se conocen y previo a estos hechos habr\u00edan tenido una discusi\u00f3n en la plaza de armas de la ciudad -en un contexto que es materia de investigaci\u00f3n- tras lo cual la v\u00edctima escap\u00f3 corriendo hacia la Comisar\u00eda que ten\u00eda como punto de referencia para resguardar su integridad.<\/span><\/p>\n<p class=\"v1MsoNormal\" style=\"text-align: justify;\"><span lang=\"ES-MX\">Los antecedentes del procedimiento fueron derivados a la Fiscal\u00eda que dirige investigaci\u00f3n por este hecho.<\/span><\/p>\n<p class=\"v1MsoNormal\" style=\"text-align: justify;\"><span lang=\"ES-MX\">Desde enero al 28 de abril del presente a\u00f1o, Carabineros ha detenido en la regi\u00f3n de Ays\u00e9n a 1.626 personas, de los cuales 99 son por lesiones, de estos el 29% registra detenciones previas por parte de Carabineros.<\/span><\/p>\n<\/div><\/section><\/div><div  style='height:50px' class='hr hr-invisible   avia-builder-el-6  el_after_av_one_full  el_before_av_social_share '><span class='hr-inner ' ><span class='hr-inner-style'><\/span><\/span><\/div><\/p>\n<div  class='av-social-sharing-box  avia-builder-el-7  el_after_av_hr  el_before_av_hr  '><div class='av-share-box'><h5 class='av-share-link-description av-no-toc '>Compartir esta noticia<\/h5><ul class='av-share-box-list noLightbox'><li class='av-share-link av-social-link-facebook' ><a target=\"_blank\" aria-label=\"Compartir en Facebook\" href='https:\/\/www.facebook.com\/sharer.php?u=https:\/\/radiorevelacionfm.cl\/?p=41834&#038;t=Carabineros%20evit%C3%B3%20hecho%20lamentable%20tras%20detener%20a%20adolescente%20quien%20ingres%C3%B3%20con%20arma%20blanca%20a%20Comisar%C3%ADa%20de%20Coyhaique%20para%20atacar%20a%20v%C3%ADctima' aria-hidden='false' data-av_icon='\ue8f3' data-av_iconfont='entypo-fontello' title='' data-avia-related-tooltip='Compartir en Facebook' rel=\"noopener\"><span class='avia_hidden_link_text'>Compartir en Facebook<\/span><\/a><\/li><li class='av-share-link av-social-link-twitter' ><a target=\"_blank\" aria-label=\"Compartir en Twitter\" href='https:\/\/twitter.com\/share?text=Carabineros%20evit%C3%B3%20hecho%20lamentable%20tras%20detener%20a%20adolescente%20quien%20ingres%C3%B3%20con%20arma%20blanca%20a%20Comisar%C3%ADa%20de%20Coyhaique%20para%20atacar%20a%20v%C3%ADctima&#038;url=https:\/\/radiorevelacionfm.cl\/?p=41834' aria-hidden='false' data-av_icon='\ue8f1' data-av_iconfont='entypo-fontello' title='' data-avia-related-tooltip='Compartir en Twitter' rel=\"noopener\"><span class='avia_hidden_link_text'>Compartir en Twitter<\/span><\/a><\/li><li class='av-share-link av-social-link-whatsapp' ><a target=\"_blank\" aria-label=\"Compartir en Whatsapp\" href='https:\/\/api.whatsapp.com\/send?text=https:\/\/radiorevelacionfm.cl\/?p=41834' aria-hidden='false' data-av_icon='\uf232' data-av_iconfont='entypo-fontello' title='' data-avia-related-tooltip='Compartir en Whatsapp' rel=\"noopener\"><span class='avia_hidden_link_text'>Compartir en Whatsapp<\/span><\/a><\/li><li class='av-share-link av-social-link-linkedin' ><a target=\"_blank\" aria-label=\"Compartir en LinkedIn\" href='https:\/\/linkedin.com\/shareArticle?mini=true&#038;title=Carabineros%20evit%C3%B3%20hecho%20lamentable%20tras%20detener%20a%20adolescente%20quien%20ingres%C3%B3%20con%20arma%20blanca%20a%20Comisar%C3%ADa%20de%20Coyhaique%20para%20atacar%20a%20v%C3%ADctima&#038;url=https:\/\/radiorevelacionfm.cl\/?p=41834' aria-hidden='false' data-av_icon='\ue8fc' data-av_iconfont='entypo-fontello' title='' data-avia-related-tooltip='Compartir en LinkedIn' rel=\"noopener\"><span class='avia_hidden_link_text'>Compartir en LinkedIn<\/span><\/a><\/li><li class='av-share-link av-social-link-mail' ><a  aria-label=\"Compartir por correo\" href='mailto:?subject=Carabineros%20evit%C3%B3%20hecho%20lamentable%20tras%20detener%20a%20adolescente%20quien%20ingres%C3%B3%20con%20arma%20blanca%20a%20Comisar%C3%ADa%20de%20Coyhaique%20para%20atacar%20a%20v%C3%ADctima&#038;body=https:\/\/radiorevelacionfm.cl\/?p=41834' aria-hidden='false' data-av_icon='\ue805' data-av_iconfont='entypo-fontello' title='' data-avia-related-tooltip='Compartir por correo'><span class='avia_hidden_link_text'>Compartir por correo<\/span><\/a><\/li><\/ul><\/div><\/div>\n<div  style='height:50px' class='hr hr-invisible   avia-builder-el-8  el_after_av_social_share  el_before_av_comments_list '><span class='hr-inner ' ><span class='hr-inner-style'><\/span><\/span><\/div>\n<div  class='av-buildercomment  av-blog-meta-html-info-disabled av-blog-meta-tag-disabled  '><\/div>\n","protected":false},"excerpt":{"rendered":"","protected":false},"author":1,"featured_media":41835,"comment_status":"open","ping_status":"open","sticky":false,"template":"","format":"standard","meta":{"footnotes":""},"categories":[36],"tags":[],"class_list":["post-41834","post","type-post","status-publish","format-standard","has-post-thumbnail","hentry","category-policial"],"jetpack_featured_media_url":"https:\/\/radiorevelacionfm.cl\/wp-content\/uploads\/2024\/05\/55ca826b-2d14-4d63-a040-9a5bc2afce63-1-1.jpg","_links":{"self":[{"href":"https:\/\/radiorevelacionfm.cl\/index.php?rest_route=\/wp\/v2\/posts\/41834","targetHints":{"allow":["GET"]}}],"collection":[{"href":"https:\/\/radiorevelacionfm.cl\/index.php?rest_route=\/wp\/v2\/posts"}],"about":[{"href":"https:\/\/radiorevelacionfm.cl\/index.php?rest_route=\/wp\/v2\/types\/post"}],"author":[{"embeddable":true,"href":"https:\/\/radiorevelacionfm.cl\/index.php?rest_route=\/wp\/v2\/users\/1"}],"replies":[{"embeddable":true,"href":"https:\/\/radiorevelacionfm.cl\/index.php?rest_route=%2Fwp%2Fv2%2Fcomments&post=41834"}],"version-history":[{"count":1,"href":"https:\/\/radiorevelacionfm.cl\/index.php?rest_route=\/wp\/v2\/posts\/41834\/revisions"}],"predecessor-version":[{"id":41836,"href":"https:\/\/radiorevelacionfm.cl\/index.php?rest_route=\/wp\/v2\/posts\/41834\/revisions\/41836"}],"wp:featuredmedia":[{"embeddable":true,"href":"https:\/\/radiorevelacionfm.cl\/index.php?rest_route=\/wp\/v2\/media\/41835"}],"wp:attachment":[{"href":"https:\/\/radiorevelacionfm.cl\/index.php?rest_route=%2Fwp%2Fv2%2Fmedia&parent=41834"}],"wp:term":[{"taxonomy":"category","embeddable":true,"href":"https:\/\/radiorevelacionfm.cl\/index.php?rest_route=%2Fwp%2Fv2%2Fcategories&post=41834"},{"taxonomy":"post_tag","embeddable":true,"href":"https:\/\/radiorevelacionfm.cl\/index.php?rest_route=%2Fwp%2Fv2%2Ftags&post=41834"}],"curies":[{"name":"wp","href":"https:\/\/api.w.org\/{rel}","templated":true}]}}