{"id":41831,"date":"2024-05-02T20:45:41","date_gmt":"2024-05-02T23:45:41","guid":{"rendered":"https:\/\/radiorevelacionfm.cl\/?p=41831"},"modified":"2024-05-02T20:45:41","modified_gmt":"2024-05-02T23:45:41","slug":"agricultoras-lideres-en-innovacion-son-reconocidas-en-la-region-de-aysen","status":"publish","type":"post","link":"https:\/\/radiorevelacionfm.cl\/?p=41831","title":{"rendered":"Agricultoras l\u00edderes en innovaci\u00f3n son reconocidas en la regi\u00f3n de Ays\u00e9n"},"content":{"rendered":"<div class=\"flex_column av_one_full  flex_column_div av-zero-column-padding first  avia-builder-el-0  el_before_av_one_full  avia-builder-el-first  \" style='border-radius:0px; '><div  class='avia-image-container  av-styling-    avia-builder-el-1  avia-builder-el-no-sibling  avia-align-center '  itemprop=\"image\" itemscope=\"itemscope\" itemtype=\"https:\/\/schema.org\/ImageObject\"  ><div class='avia-image-container-inner'><div class='avia-image-overlay-wrap'><img decoding=\"async\" class='wp-image-41832 avia-img-lazy-loading-not-41832 avia_image' src=\"https:\/\/radiorevelacionfm.cl\/wp-content\/uploads\/2024\/05\/premiacion-fia-02-1_optimized.jpeg\" alt='' title='premiaci\u00f3n-fia---02-(1)_optimized' height=\"600\" width=\"822\"  itemprop=\"thumbnailUrl\" srcset=\"https:\/\/radiorevelacionfm.cl\/wp-content\/uploads\/2024\/05\/premiacion-fia-02-1_optimized.jpeg 822w, https:\/\/radiorevelacionfm.cl\/wp-content\/uploads\/2024\/05\/premiacion-fia-02-1_optimized-300x219.jpeg 300w, https:\/\/radiorevelacionfm.cl\/wp-content\/uploads\/2024\/05\/premiacion-fia-02-1_optimized-768x561.jpeg 768w, https:\/\/radiorevelacionfm.cl\/wp-content\/uploads\/2024\/05\/premiacion-fia-02-1_optimized-705x515.jpeg 705w, https:\/\/radiorevelacionfm.cl\/wp-content\/uploads\/2024\/05\/premiacion-fia-02-1_optimized-450x328.jpeg 450w, https:\/\/radiorevelacionfm.cl\/wp-content\/uploads\/2024\/05\/premiacion-fia-02-1_optimized-600x438.jpeg 600w\" sizes=\"(max-width: 822px) 100vw, 822px\" \/><\/div><\/div><\/div><\/div><div class=\"flex_column av_one_full  flex_column_div av-zero-column-padding first  avia-builder-el-2  el_after_av_one_full  el_before_av_one_full  column-top-margin\" style='border-radius:0px; '><section class=\"av_textblock_section \"  itemscope=\"itemscope\" itemtype=\"https:\/\/schema.org\/BlogPosting\" itemprop=\"blogPost\" ><div class='avia_textblock  '   itemprop=\"text\" ><p style=\"text-align: center;\"><span style=\"font-size: 18pt;\"><b>Agricultoras l\u00edderes en innovaci\u00f3n son reconocidas en la regi\u00f3n de Ays\u00e9n<\/b><\/span><\/p>\n<div id=\"gtx-trans\" style=\"position: absolute; left: -50px; top: 4.31534px;\">\n<div class=\"gtx-trans-icon\"><\/div>\n<\/div>\n<\/div><\/section><\/div><div class=\"flex_column av_one_full  flex_column_div av-zero-column-padding first  avia-builder-el-4  el_after_av_one_full  el_before_av_hr  column-top-margin\" style='border-radius:0px; '><section class=\"av_textblock_section \"  itemscope=\"itemscope\" itemtype=\"https:\/\/schema.org\/BlogPosting\" itemprop=\"blogPost\" ><div class='avia_textblock  '   itemprop=\"text\" ><p style=\"text-align: justify;\">En el marco de la segunda instancia regional del Premio Nacional Mujer Agroinnovadora que otorga el Ministerio de Agricultura a trav\u00e9s de la Fundaci\u00f3n para la Innovaci\u00f3n Agraria (FIA), el pasado mi\u00e9rcoles 17 de abril en el Centro de Gesti\u00f3n de Mujeres Campesinas de la Patagonia \u00abGianella Saini Arevalo\u00bb, la directora nacional de FIA, Francine Brossard Leiva, y el seremi de Ays\u00e9n, Eugenio Ruiz Espinoza, en compa\u00f1\u00eda del delegado presidencial regional de Ays\u00e9n, Rodrigo Araya Morales; la gobernadora regional, Andrea Mac\u00edas Palma; la jefa de Desarrollo Social del Gobierno Regional de Ays\u00e9n, Vania C\u00e1ceres Medina; la representante regional de FIA, Deysi Rubilar Vel\u00e1squez, y directores regionales de INIA, INFOR y SAG, encabezaron la entrega del premio 2023.<\/p>\n<p style=\"text-align: justify;\">Con el prop\u00f3sito de destacar el aporte que hacen las mujeres en la actividad agraria del pa\u00eds, la premiaci\u00f3n en la regi\u00f3n de Ays\u00e9n reconoci\u00f3 a Alicia Haro Mardones y Rosario Carabias Cuevas, en las categor\u00edas de agricultura innovadora y profesional agro innovadora, respectivamente, donde ambas destacaron por relevar estrategias de mitigaci\u00f3n al cambio clim\u00e1tico.<\/p>\n<p style=\"text-align: justify;\">La directora nacional de FIA, Francine Brossard Leiva, se\u00f1al\u00f3 que \u00abqueremos destacar el rol de las mujeres, no solo en la agricultura, sino en la innovaci\u00f3n, la que es una actividad que requiere m\u00e1s apoyo. En esta regi\u00f3n tenemos rubros destacables como hongos silvestres, productos no madereros, todo lo que es agricultura regenerativa, y esta es una regi\u00f3n con una impronta femenina. Muchas mujeres est\u00e1n trabajando en hortalizas con un clima \u00e1rido, sin embargo, desarrollan bajo invernaderos los cultivos, algo destacable para proveer de frutas y verduras a la poblaci\u00f3n de Ays\u00e9n\u00bb.<\/p>\n<p style=\"text-align: justify;\">Para el seremi de Agricultura, Eugenio Ruiz Espinoza, \u00abes un orgullo conocer las historias de esta dupla de mujeres que fomentan el compromiso y liderazgo en innovaci\u00f3n agr\u00edcola. Tanto la adaptaci\u00f3n y mitigaci\u00f3n al cambio clim\u00e1tico como la promoci\u00f3n de sistemas alimentarios sostenibles, son algunas de las materias prioritarias en nuestro Ministerio, y con este premio nacional, queremos destacar que ellas est\u00e1n a la vanguardia y son un gran aporte para el desarrollo\u00bb.<\/p>\n<p style=\"text-align: justify;\">De esta manera, Alicia Haro Mardones, quien representa el Fundo Don Gerardo, orient\u00f3 su unidad productiva hacia el desarrollo sustentable del agroturismo, rescatando costumbres y tradiciones familiares para relevar el patrimonio e identidad local de la ovejer\u00eda y la cultura gaucha. De igual manera, desarrolla el turismo de reforestaci\u00f3n como una estrategia de mitigaci\u00f3n del cambio clim\u00e1tico, abriendo una oferta tur\u00edstica que genera conciencia en el cuidado generacional de los recursos naturales. \u00abImpulsamos este nuevo concepto de turismo de reforestaci\u00f3n y siempre digo que muy pronto esta va a ser la nueva forma de viajar y hacer turismo\u00a0\u00ab, cerr\u00f3 Haro.<\/p>\n<p style=\"text-align: justify;\">Por su parte, Rosario Carabias Cuevas ha desarrollado dos empresas vinculadas a la innovaci\u00f3n en la cadena agroalimentaria y nativa. La primera de estas,\u00a0BeeFresh, nace de la apicultura y se sustenta en la creaci\u00f3n de un alimento libre de al\u00e9rgenos, fortificado con suplementos y pigmentos naturales con base de harinas no convencionales, promoviendo la agricultura org\u00e1nica y regenerativa. Aurora Paisajes, la segunda empresa de Carabias, consiste en el desarrollo de una consultor\u00eda de paisajismo para revalorizar la flora nativa y sus ecosistemas, permitiendo crear paisajes esc\u00e9nicos no existentes en la regi\u00f3n. \u00abEl paisajismo es una gran herramienta de mitigaci\u00f3n para el cambio clim\u00e1tico, no solo es embellecimiento, y eso es lo que tratamos de demostrar \u00ab, enfatiz\u00f3 Carabias.<\/p>\n<p style=\"text-align: justify;\">El delegado presidencial regional de Ays\u00e9n, Rodrigo Araya Morales, sostuvo que \u00abpara nuestro presidente Gabriel Boric y nuestro Gobierno, el resaltar a las personas que acometen su labor productiva con innovaci\u00f3n, aceptando desaf\u00edos y corriendo riesgos, es muy importante. Con mayor raz\u00f3n cuando son mujeres, pues en el sector silvoagropecuario hay una gran cantidad de mujeres que se han incorporado hist\u00f3ricamente en este desarrollo y en nuestra regi\u00f3n son cada vez m\u00e1s\u00bb.<\/p>\n<p style=\"text-align: justify;\">Asimismo, la gobernadora regional de Ays\u00e9n, Andrea Mac\u00edas Palma, indic\u00f3 que \u00abhoy d\u00eda hay un reconocimiento a dos mujeres, el a\u00f1o pasado tambi\u00e9n se reconoci\u00f3 a una mujer agroinnovadora en nuestra regi\u00f3n, pero sabemos que detr\u00e1s hay much\u00edsimas m\u00e1s. El desaf\u00edo es gigante, es lograr articular una red de agroinnovaci\u00f3n que permita poner en valor todo el trabajo que ya se est\u00e1 haciendo en la regi\u00f3n de Ays\u00e9n. Lo que yo siempre planteo, sobre todo en el \u00e1mbito alimentario, es que somos una regi\u00f3n que a futuro vamos a ser una tremenda potencia\u00bb.<\/p>\n<p style=\"text-align: justify;\">La convocatoria para optar al Premio Nacional Mujer Agroinnovadora 2024, se realizar\u00e1 durante el segundo semestre de este a\u00f1o a trav\u00e9s del sitio\u00a0<a href=\"http:\/\/www.fia.cl\/\">www.fia.cl<\/a><\/p>\n<\/div><\/section><\/div><div  style='height:50px' class='hr hr-invisible   avia-builder-el-6  el_after_av_one_full  el_before_av_social_share '><span class='hr-inner ' ><span class='hr-inner-style'><\/span><\/span><\/div><\/p>\n<div  class='av-social-sharing-box  avia-builder-el-7  el_after_av_hr  el_before_av_hr  '><div class='av-share-box'><h5 class='av-share-link-description av-no-toc '>Compartir esta noticia<\/h5><ul class='av-share-box-list noLightbox'><li class='av-share-link av-social-link-facebook' ><a target=\"_blank\" aria-label=\"Compartir en Facebook\" href='https:\/\/www.facebook.com\/sharer.php?u=https:\/\/radiorevelacionfm.cl\/?p=41831&#038;t=Agricultoras%20l%C3%ADderes%20en%20innovaci%C3%B3n%20son%20reconocidas%20en%20la%20regi%C3%B3n%20de%20Ays%C3%A9n' aria-hidden='false' data-av_icon='\ue8f3' data-av_iconfont='entypo-fontello' title='' data-avia-related-tooltip='Compartir en Facebook' rel=\"noopener\"><span class='avia_hidden_link_text'>Compartir en Facebook<\/span><\/a><\/li><li class='av-share-link av-social-link-twitter' ><a target=\"_blank\" aria-label=\"Compartir en Twitter\" href='https:\/\/twitter.com\/share?text=Agricultoras%20l%C3%ADderes%20en%20innovaci%C3%B3n%20son%20reconocidas%20en%20la%20regi%C3%B3n%20de%20Ays%C3%A9n&#038;url=https:\/\/radiorevelacionfm.cl\/?p=41831' aria-hidden='false' data-av_icon='\ue8f1' data-av_iconfont='entypo-fontello' title='' data-avia-related-tooltip='Compartir en Twitter' rel=\"noopener\"><span class='avia_hidden_link_text'>Compartir en Twitter<\/span><\/a><\/li><li class='av-share-link av-social-link-whatsapp' ><a target=\"_blank\" aria-label=\"Compartir en Whatsapp\" href='https:\/\/api.whatsapp.com\/send?text=https:\/\/radiorevelacionfm.cl\/?p=41831' aria-hidden='false' data-av_icon='\uf232' data-av_iconfont='entypo-fontello' title='' data-avia-related-tooltip='Compartir en Whatsapp' rel=\"noopener\"><span class='avia_hidden_link_text'>Compartir en Whatsapp<\/span><\/a><\/li><li class='av-share-link av-social-link-linkedin' ><a target=\"_blank\" aria-label=\"Compartir en LinkedIn\" href='https:\/\/linkedin.com\/shareArticle?mini=true&#038;title=Agricultoras%20l%C3%ADderes%20en%20innovaci%C3%B3n%20son%20reconocidas%20en%20la%20regi%C3%B3n%20de%20Ays%C3%A9n&#038;url=https:\/\/radiorevelacionfm.cl\/?p=41831' aria-hidden='false' data-av_icon='\ue8fc' data-av_iconfont='entypo-fontello' title='' data-avia-related-tooltip='Compartir en LinkedIn' rel=\"noopener\"><span class='avia_hidden_link_text'>Compartir en LinkedIn<\/span><\/a><\/li><li class='av-share-link av-social-link-mail' ><a  aria-label=\"Compartir por correo\" href='mailto:?subject=Agricultoras%20l%C3%ADderes%20en%20innovaci%C3%B3n%20son%20reconocidas%20en%20la%20regi%C3%B3n%20de%20Ays%C3%A9n&#038;body=https:\/\/radiorevelacionfm.cl\/?p=41831' aria-hidden='false' data-av_icon='\ue805' data-av_iconfont='entypo-fontello' title='' data-avia-related-tooltip='Compartir por correo'><span class='avia_hidden_link_text'>Compartir por correo<\/span><\/a><\/li><\/ul><\/div><\/div>\n<div  style='height:50px' class='hr hr-invisible   avia-builder-el-8  el_after_av_social_share  el_before_av_comments_list '><span class='hr-inner ' ><span class='hr-inner-style'><\/span><\/span><\/div>\n<div  class='av-buildercomment  av-blog-meta-html-info-disabled av-blog-meta-tag-disabled  '><\/div>\n","protected":false},"excerpt":{"rendered":"","protected":false},"author":1,"featured_media":41832,"comment_status":"open","ping_status":"open","sticky":false,"template":"","format":"standard","meta":{"footnotes":""},"categories":[58],"tags":[],"class_list":["post-41831","post","type-post","status-publish","format-standard","has-post-thumbnail","hentry","category-agricultura"],"jetpack_featured_media_url":"https:\/\/radiorevelacionfm.cl\/wp-content\/uploads\/2024\/05\/premiacion-fia-02-1_optimized.jpeg","_links":{"self":[{"href":"https:\/\/radiorevelacionfm.cl\/index.php?rest_route=\/wp\/v2\/posts\/41831","targetHints":{"allow":["GET"]}}],"collection":[{"href":"https:\/\/radiorevelacionfm.cl\/index.php?rest_route=\/wp\/v2\/posts"}],"about":[{"href":"https:\/\/radiorevelacionfm.cl\/index.php?rest_route=\/wp\/v2\/types\/post"}],"author":[{"embeddable":true,"href":"https:\/\/radiorevelacionfm.cl\/index.php?rest_route=\/wp\/v2\/users\/1"}],"replies":[{"embeddable":true,"href":"https:\/\/radiorevelacionfm.cl\/index.php?rest_route=%2Fwp%2Fv2%2Fcomments&post=41831"}],"version-history":[{"count":1,"href":"https:\/\/radiorevelacionfm.cl\/index.php?rest_route=\/wp\/v2\/posts\/41831\/revisions"}],"predecessor-version":[{"id":41833,"href":"https:\/\/radiorevelacionfm.cl\/index.php?rest_route=\/wp\/v2\/posts\/41831\/revisions\/41833"}],"wp:featuredmedia":[{"embeddable":true,"href":"https:\/\/radiorevelacionfm.cl\/index.php?rest_route=\/wp\/v2\/media\/41832"}],"wp:attachment":[{"href":"https:\/\/radiorevelacionfm.cl\/index.php?rest_route=%2Fwp%2Fv2%2Fmedia&parent=41831"}],"wp:term":[{"taxonomy":"category","embeddable":true,"href":"https:\/\/radiorevelacionfm.cl\/index.php?rest_route=%2Fwp%2Fv2%2Fcategories&post=41831"},{"taxonomy":"post_tag","embeddable":true,"href":"https:\/\/radiorevelacionfm.cl\/index.php?rest_route=%2Fwp%2Fv2%2Ftags&post=41831"}],"curies":[{"name":"wp","href":"https:\/\/api.w.org\/{rel}","templated":true}]}}