{"id":4183,"date":"2021-05-14T21:37:54","date_gmt":"2021-05-15T00:37:54","guid":{"rendered":"https:\/\/radiorevelacionfm.cl\/?p=4183"},"modified":"2021-05-14T21:39:24","modified_gmt":"2021-05-15T00:39:24","slug":"con-avanzada-tecnologia-el-gope-continua-busqueda-de-hombre-desaparecido-en-lago-general-carrera","status":"publish","type":"post","link":"https:\/\/radiorevelacionfm.cl\/?p=4183","title":{"rendered":"Con avanzada tecnolog\u00eda el GOPE contin\u00faa b\u00fasqueda de hombre desaparecido en Lago General Carrera"},"content":{"rendered":"<div class=\"flex_column av_one_full  flex_column_div av-zero-column-padding first  avia-builder-el-0  el_before_av_one_full  avia-builder-el-first  \" style='border-radius:0px; '><div  class='avia-image-container  av-styling-    avia-builder-el-1  avia-builder-el-no-sibling  avia-align-center '  itemprop=\"image\" itemscope=\"itemscope\" itemtype=\"https:\/\/schema.org\/ImageObject\"  ><div class='avia-image-container-inner'><div class='avia-image-overlay-wrap'><img decoding=\"async\" class='wp-image-4184 avia-img-lazy-loading-not-4184 avia_image' src=\"https:\/\/radiorevelacionfm.cl\/wp-content\/uploads\/2021\/05\/busqueda1_optimized.jpg\" alt='' title='busqueda1_optimized' height=\"960\" width=\"1280\"  itemprop=\"thumbnailUrl\" srcset=\"https:\/\/radiorevelacionfm.cl\/wp-content\/uploads\/2021\/05\/busqueda1_optimized.jpg 1280w, https:\/\/radiorevelacionfm.cl\/wp-content\/uploads\/2021\/05\/busqueda1_optimized-300x225.jpg 300w, https:\/\/radiorevelacionfm.cl\/wp-content\/uploads\/2021\/05\/busqueda1_optimized-1030x773.jpg 1030w, https:\/\/radiorevelacionfm.cl\/wp-content\/uploads\/2021\/05\/busqueda1_optimized-768x576.jpg 768w, https:\/\/radiorevelacionfm.cl\/wp-content\/uploads\/2021\/05\/busqueda1_optimized-705x529.jpg 705w, https:\/\/radiorevelacionfm.cl\/wp-content\/uploads\/2021\/05\/busqueda1_optimized-600x450.jpg 600w\" sizes=\"(max-width: 1280px) 100vw, 1280px\" \/><\/div><\/div><\/div><\/div>\n<div class=\"flex_column av_one_full  flex_column_div av-zero-column-padding first  avia-builder-el-2  el_after_av_one_full  el_before_av_one_full  column-top-margin\" style='border-radius:0px; '><section class=\"av_textblock_section \"  itemscope=\"itemscope\" itemtype=\"https:\/\/schema.org\/BlogPosting\" itemprop=\"blogPost\" ><div class='avia_textblock  '   itemprop=\"text\" ><p style=\"text-align: center;\"><strong><span style=\"font-size: 18pt;\">Con avanzada tecnolog\u00eda el GOPE contin\u00faa b\u00fasqueda de hombre desaparecido en Lago General Carrera <\/span><\/strong><\/p>\n<div id=\"gtx-trans\" style=\"position: absolute; left: -50px; top: 4.31534px;\">\n<div class=\"gtx-trans-icon\"><\/div>\n<\/div>\n<\/div><\/section><\/div>\n<div class=\"flex_column av_one_full  flex_column_div av-zero-column-padding first  avia-builder-el-4  el_after_av_one_full  el_before_av_hr  column-top-margin\" style='border-radius:0px; '><section class=\"av_textblock_section \"  itemscope=\"itemscope\" itemtype=\"https:\/\/schema.org\/BlogPosting\" itemprop=\"blogPost\" ><div class='avia_textblock  '   itemprop=\"text\" ><p class=\"v1MsoNormal\" style=\"text-align: justify;\">M\u00faltiples esfuerzos como parte de una compleja b\u00fasqueda, contin\u00faa desarrollado Carabineros a trav\u00e9s del Grupo de Operaciones Policiales Especiales (GOPE) \u2013en coordinaci\u00f3n con la Fiscal\u00eda- con la finalidad de dar con la ubicaci\u00f3n de un ciudadano de 42 a\u00f1os de edad desaparecido tras caer desde una embarcaci\u00f3n a las g\u00e9lidas aguas del lago General Carrera en el sector isla Mac\u00edas, distante a unos 45 minutos de navegaci\u00f3n de Puerto R\u00edo Tranquilo.<\/p>\n<p class=\"v1MsoNormal\" style=\"text-align: justify;\">El accidente registrado la tarde del domingo reci\u00e9n pasado, motiv\u00f3 la concurrencia del GOPE quienes con apoyo de una lancha Arc\u00e1ngel de la Armada de Chile desarrollan operaciones en la zona tareas en las que igualmente participa el Grupo Especializado para Rescate Sub Acu\u00e1tico (Gersa) de Bomberos de Puerto Ays\u00e9n y boteros de la localidad.<\/p>\n<p class=\"v1MsoNormal\" style=\"text-align: justify;\"><b>Tecnolog\u00eda aplicada<\/b><\/p>\n<p class=\"v1MsoNormal\" style=\"text-align: justify;\">A bordo de dicha embarcaci\u00f3n, Carabineros del GOPE mantiene un sofisticado sistema computacional y suministro de energ\u00eda que permite la operaci\u00f3n del robot Seabotix LBV 300-5, el cual en cada jornada realiza inmersiones a m\u00e1s de 30 metros de profundidad.<\/p>\n<p class=\"v1MsoNormal\" style=\"text-align: justify;\">Se trata de un equipo de avanzada tecnolog\u00eda controlado por el personal especializado del GOPE a bordo de la lancha de la Armada de Chile, el cual es operado entregando informaci\u00f3n del fondo en tiempo real, permitiendo grabar y realizar un barrido del lago mediante equipo sonar.<\/p>\n<p class=\"v1MsoNormal\" style=\"text-align: justify;\">Dicho instrumental\u00a0 posibilita a los equipos obtener una visual del fondo, identificar puntos de inter\u00e9s y verificarlos a trav\u00e9s de la c\u00e1mara a bordo explorando fondos acu\u00e1ticos turbios y de gran profundidad.<\/p>\n<p class=\"v1MsoNormal\" style=\"text-align: justify;\">El robot posee igualmente la capacidad de operar durante varias horas y alcanzar hasta 300 metros bajo la superficie, optimizando el desarrollo de las tareas en la zona de b\u00fasqueda.<\/p>\n<p class=\"v1MsoNormal\" style=\"text-align: justify;\"><b>Condiciones clim\u00e1ticas<\/b><\/p>\n<p class=\"v1MsoNormal\" style=\"text-align: justify;\">Los fuertes vientos reinantes en la parte interior del lago, han sido una constante durante estos d\u00edas, condici\u00f3n que ocasiona un incremento del oleaje generando inestabilidad en las embarcaciones que trabajan en la zona.<\/p>\n<p class=\"v1MsoNormal\" style=\"text-align: justify;\">Tal como desde el primer momento de conocida la emergencia, Carabineros contin\u00faa trabajando con el mayor esfuerzo, brindando la cooperaci\u00f3n a la familia con la finalidad de ubicar al ciudadano desaparecido.<\/p>\n<p style=\"text-align: justify;\">El lago General Carrera -tambi\u00e9n conocido como lago Chelenko (aguas turbias seg\u00fan la lengua del pueblo tehuelche)- un cuerpo de agua binacional, es el m\u00e1s grande de Chile con una superficie de 978,12 Km<sup>2<\/sup>, 200 kil\u00f3metro de largo y una profundidad m\u00e1xima de 590 metros, siendo el segundo lago m\u00e1s grande de Am\u00e9rica Latina, despu\u00e9s del Titicaca en Bolivia.<\/p>\n<\/div><\/section><\/div><div  style='height:50px' class='hr hr-invisible   avia-builder-el-6  el_after_av_one_full  el_before_av_social_share '><span class='hr-inner ' ><span class='hr-inner-style'><\/span><\/span><\/div><\/p>\n<div  class='av-social-sharing-box  avia-builder-el-7  el_after_av_hr  el_before_av_hr  '><div class='av-share-box'><h5 class='av-share-link-description av-no-toc '>Compartir esta noticia<\/h5><ul class='av-share-box-list noLightbox'><li class='av-share-link av-social-link-facebook' ><a target=\"_blank\" aria-label=\"Compartir en Facebook\" href='https:\/\/www.facebook.com\/sharer.php?u=https:\/\/radiorevelacionfm.cl\/?p=4183&#038;t=Con%20avanzada%20tecnolog%C3%ADa%20el%20GOPE%20contin%C3%BAa%20b%C3%BAsqueda%20de%20hombre%20desaparecido%20en%20Lago%20General%20Carrera' aria-hidden='false' data-av_icon='\ue8f3' data-av_iconfont='entypo-fontello' title='' data-avia-related-tooltip='Compartir en Facebook' rel=\"noopener\"><span class='avia_hidden_link_text'>Compartir en Facebook<\/span><\/a><\/li><li class='av-share-link av-social-link-twitter' ><a target=\"_blank\" aria-label=\"Compartir en Twitter\" href='https:\/\/twitter.com\/share?text=Con%20avanzada%20tecnolog%C3%ADa%20el%20GOPE%20contin%C3%BAa%20b%C3%BAsqueda%20de%20hombre%20desaparecido%20en%20Lago%20General%20Carrera&#038;url=https:\/\/radiorevelacionfm.cl\/?p=4183' aria-hidden='false' data-av_icon='\ue8f1' data-av_iconfont='entypo-fontello' title='' data-avia-related-tooltip='Compartir en Twitter' rel=\"noopener\"><span class='avia_hidden_link_text'>Compartir en Twitter<\/span><\/a><\/li><li class='av-share-link av-social-link-whatsapp' ><a target=\"_blank\" aria-label=\"Compartir en Whatsapp\" href='https:\/\/api.whatsapp.com\/send?text=https:\/\/radiorevelacionfm.cl\/?p=4183' aria-hidden='false' data-av_icon='\uf232' data-av_iconfont='entypo-fontello' title='' data-avia-related-tooltip='Compartir en Whatsapp' rel=\"noopener\"><span class='avia_hidden_link_text'>Compartir en Whatsapp<\/span><\/a><\/li><li class='av-share-link av-social-link-linkedin' ><a target=\"_blank\" aria-label=\"Compartir en LinkedIn\" href='https:\/\/linkedin.com\/shareArticle?mini=true&#038;title=Con%20avanzada%20tecnolog%C3%ADa%20el%20GOPE%20contin%C3%BAa%20b%C3%BAsqueda%20de%20hombre%20desaparecido%20en%20Lago%20General%20Carrera&#038;url=https:\/\/radiorevelacionfm.cl\/?p=4183' aria-hidden='false' data-av_icon='\ue8fc' data-av_iconfont='entypo-fontello' title='' data-avia-related-tooltip='Compartir en LinkedIn' rel=\"noopener\"><span class='avia_hidden_link_text'>Compartir en LinkedIn<\/span><\/a><\/li><li class='av-share-link av-social-link-mail' ><a  aria-label=\"Compartir por correo\" href='mailto:?subject=Con%20avanzada%20tecnolog%C3%ADa%20el%20GOPE%20contin%C3%BAa%20b%C3%BAsqueda%20de%20hombre%20desaparecido%20en%20Lago%20General%20Carrera&#038;body=https:\/\/radiorevelacionfm.cl\/?p=4183' aria-hidden='false' data-av_icon='\ue805' data-av_iconfont='entypo-fontello' title='' data-avia-related-tooltip='Compartir por correo'><span class='avia_hidden_link_text'>Compartir por correo<\/span><\/a><\/li><\/ul><\/div><\/div>\n<div  style='height:50px' class='hr hr-invisible   avia-builder-el-8  el_after_av_social_share  el_before_av_comments_list '><span class='hr-inner ' ><span class='hr-inner-style'><\/span><\/span><\/div>\n<div  class='av-buildercomment  av-blog-meta-html-info-disabled av-blog-meta-tag-disabled  '><\/div>\n","protected":false},"excerpt":{"rendered":"","protected":false},"author":1,"featured_media":4184,"comment_status":"open","ping_status":"open","sticky":false,"template":"","format":"standard","meta":{"footnotes":""},"categories":[36],"tags":[],"class_list":["post-4183","post","type-post","status-publish","format-standard","has-post-thumbnail","hentry","category-policial"],"jetpack_featured_media_url":"https:\/\/radiorevelacionfm.cl\/wp-content\/uploads\/2021\/05\/busqueda1_optimized.jpg","_links":{"self":[{"href":"https:\/\/radiorevelacionfm.cl\/index.php?rest_route=\/wp\/v2\/posts\/4183","targetHints":{"allow":["GET"]}}],"collection":[{"href":"https:\/\/radiorevelacionfm.cl\/index.php?rest_route=\/wp\/v2\/posts"}],"about":[{"href":"https:\/\/radiorevelacionfm.cl\/index.php?rest_route=\/wp\/v2\/types\/post"}],"author":[{"embeddable":true,"href":"https:\/\/radiorevelacionfm.cl\/index.php?rest_route=\/wp\/v2\/users\/1"}],"replies":[{"embeddable":true,"href":"https:\/\/radiorevelacionfm.cl\/index.php?rest_route=%2Fwp%2Fv2%2Fcomments&post=4183"}],"version-history":[{"count":2,"href":"https:\/\/radiorevelacionfm.cl\/index.php?rest_route=\/wp\/v2\/posts\/4183\/revisions"}],"predecessor-version":[{"id":4186,"href":"https:\/\/radiorevelacionfm.cl\/index.php?rest_route=\/wp\/v2\/posts\/4183\/revisions\/4186"}],"wp:featuredmedia":[{"embeddable":true,"href":"https:\/\/radiorevelacionfm.cl\/index.php?rest_route=\/wp\/v2\/media\/4184"}],"wp:attachment":[{"href":"https:\/\/radiorevelacionfm.cl\/index.php?rest_route=%2Fwp%2Fv2%2Fmedia&parent=4183"}],"wp:term":[{"taxonomy":"category","embeddable":true,"href":"https:\/\/radiorevelacionfm.cl\/index.php?rest_route=%2Fwp%2Fv2%2Fcategories&post=4183"},{"taxonomy":"post_tag","embeddable":true,"href":"https:\/\/radiorevelacionfm.cl\/index.php?rest_route=%2Fwp%2Fv2%2Ftags&post=4183"}],"curies":[{"name":"wp","href":"https:\/\/api.w.org\/{rel}","templated":true}]}}