{"id":41828,"date":"2024-05-02T20:29:47","date_gmt":"2024-05-02T23:29:47","guid":{"rendered":"https:\/\/radiorevelacionfm.cl\/?p=41828"},"modified":"2024-05-02T20:29:47","modified_gmt":"2024-05-02T23:29:47","slug":"mas-de-200-personas-disfrutaron-de-la-opera-del-teatro-municipal-de-santiago-en-el-centro-cultural-coyhaique","status":"publish","type":"post","link":"https:\/\/radiorevelacionfm.cl\/?p=41828","title":{"rendered":"M\u00e1s de 200 personas disfrutaron de la \u00f3pera del Teatro Municipal de Santiago en el Centro Cultural Coyhaique"},"content":{"rendered":"<div class=\"flex_column av_one_full  flex_column_div av-zero-column-padding first  avia-builder-el-0  el_before_av_one_full  avia-builder-el-first  \" style='border-radius:0px; '><div  class='avia-image-container  av-styling-    avia-builder-el-1  avia-builder-el-no-sibling  avia-align-center '  itemprop=\"image\" itemscope=\"itemscope\" itemtype=\"https:\/\/schema.org\/ImageObject\"  ><div class='avia-image-container-inner'><div class='avia-image-overlay-wrap'><img decoding=\"async\" class='wp-image-41829 avia-img-lazy-loading-not-41829 avia_image' src=\"https:\/\/radiorevelacionfm.cl\/wp-content\/uploads\/2024\/05\/GALA-LIRICA13-1-1.jpg\" alt='' title='GALA LIRICA13 (1) (1)' height=\"600\" width=\"900\"  itemprop=\"thumbnailUrl\" srcset=\"https:\/\/radiorevelacionfm.cl\/wp-content\/uploads\/2024\/05\/GALA-LIRICA13-1-1.jpg 900w, https:\/\/radiorevelacionfm.cl\/wp-content\/uploads\/2024\/05\/GALA-LIRICA13-1-1-300x200.jpg 300w, https:\/\/radiorevelacionfm.cl\/wp-content\/uploads\/2024\/05\/GALA-LIRICA13-1-1-768x512.jpg 768w, https:\/\/radiorevelacionfm.cl\/wp-content\/uploads\/2024\/05\/GALA-LIRICA13-1-1-705x470.jpg 705w, https:\/\/radiorevelacionfm.cl\/wp-content\/uploads\/2024\/05\/GALA-LIRICA13-1-1-450x300.jpg 450w, https:\/\/radiorevelacionfm.cl\/wp-content\/uploads\/2024\/05\/GALA-LIRICA13-1-1-600x400.jpg 600w\" sizes=\"(max-width: 900px) 100vw, 900px\" \/><\/div><\/div><\/div><\/div><div class=\"flex_column av_one_full  flex_column_div av-zero-column-padding first  avia-builder-el-2  el_after_av_one_full  el_before_av_one_full  column-top-margin\" style='border-radius:0px; '><section class=\"av_textblock_section \"  itemscope=\"itemscope\" itemtype=\"https:\/\/schema.org\/BlogPosting\" itemprop=\"blogPost\" ><div class='avia_textblock  '   itemprop=\"text\" ><p style=\"text-align: center;\"><span style=\"font-size: 18pt;\"><strong>M\u00e1s de 200 personas disfrutaron de la \u00f3pera del Teatro Municipal de Santiago en el Centro Cultural Coyhaique<\/strong><\/span><\/p>\n<div id=\"gtx-trans\" style=\"position: absolute; left: -50px; top: 4.31534px;\">\n<div class=\"gtx-trans-icon\"><\/div>\n<\/div>\n<\/div><\/section><\/div><div class=\"flex_column av_one_full  flex_column_div av-zero-column-padding first  avia-builder-el-4  el_after_av_one_full  el_before_av_hr  column-top-margin\" style='border-radius:0px; '><section class=\"av_textblock_section \"  itemscope=\"itemscope\" itemtype=\"https:\/\/schema.org\/BlogPosting\" itemprop=\"blogPost\" ><div class='avia_textblock  '   itemprop=\"text\" ><p style=\"text-align: justify;\">A tablero vuelto, el Teatro Municipal de Santiago y la Seremi de Culturas Ays\u00e9n, presentaron la Gala L\u00edrica Reinas de la \u00d3pera en el Centro Cultural Coyhaique.<\/p>\n<p style=\"text-align: justify;\">M\u00e1s de 200 personas repletaron el espacio esc\u00e9nico para presenciar un espect\u00e1culo de alto nivel con un repertorio especialmente escogido.<\/p>\n<p style=\"text-align: justify;\">La presentaci\u00f3n de canto l\u00edrico estuvo a cargo de la soprano Paulina Gonz\u00e1lez; la mezzosoprano Javiera Barrios y la pianista Josefina P\u00e9rez del Teatro Municipal de Santiago; y lleg\u00f3 a Coyhaique gracias a un convenio entre esa instituci\u00f3n y el Ministerio de las Culturas, las Artes y el Patrimonio.<\/p>\n<p style=\"text-align: justify;\">La lista de \u00e9xitos, interpretados magistralmente por el tr\u00edo de mujeres, incluy\u00f3 obras como Madame Butterfly, Tosca, Carmen, el Barbero de Sevilla y cerr\u00f3 con una emocionante versi\u00f3n de Gracias a la Vida de la multifac\u00e9tica compositora chilena, Violeta Parra.<\/p>\n<p style=\"text-align: justify;\">El seremi de Culturas Ays\u00e9n, Felipe Quiroz, manifest\u00f3 que \u201cpara el Ministerio de Culturas y para esta Seremi es motivo de profundo orgullo contar con un evento de tal envergadura. Creemos que fomentar las artes esc\u00e9nicas y el di\u00e1logo permanente con el mundo privado para propiciar este tipo de actividades es una convergencia virtuosa. El p\u00fablico y la ciudadan\u00eda est\u00e1n \u00e1vidos de estas instancias de encuentro y creemos que la cultura es fundamental para generar y propiciar estos momentos donde podemos encontrarnos en comunidades e ir formando y componiendo el tejido social. Como gobierno, la promoci\u00f3n de los derechos culturales es primordial, y el acceso una tarea a relevar\u201d.<\/p>\n<p style=\"text-align: justify;\">La mezzosoprano Javiera Barrios dijo que fue \u201cmaravilloso; es un honor para nosotras que haya venido tanta gente en las v\u00edsperas de un feriado. Fue muy especial y es muy bonito compartir lo que hacemos con el p\u00fablico de Coyhaique\u201d.<\/p>\n<p style=\"text-align: justify;\">Acerca del repertorio elegido, la soprano Paulina Gonz\u00e1lez cuenta que \u201cidealmente, en el repertorio tiene que existir algo que est\u00e9 en el inconsciente colectivo. Cada uno trabaja un repertorio particular de acuerdo a su tipo de voz y vamos pensando en la tem\u00e1tica para que sea entretenido y que haya tambi\u00e9n un poco de teatro y actuaci\u00f3n, emoci\u00f3n\u201d.<\/p>\n<\/div><\/section><\/div><div  style='height:50px' class='hr hr-invisible   avia-builder-el-6  el_after_av_one_full  el_before_av_social_share '><span class='hr-inner ' ><span class='hr-inner-style'><\/span><\/span><\/div><\/p>\n<div  class='av-social-sharing-box  avia-builder-el-7  el_after_av_hr  el_before_av_hr  '><div class='av-share-box'><h5 class='av-share-link-description av-no-toc '>Compartir esta noticia<\/h5><ul class='av-share-box-list noLightbox'><li class='av-share-link av-social-link-facebook' ><a target=\"_blank\" aria-label=\"Compartir en Facebook\" href='https:\/\/www.facebook.com\/sharer.php?u=https:\/\/radiorevelacionfm.cl\/?p=41828&#038;t=M%C3%A1s%20de%20200%20personas%20disfrutaron%20de%20la%20%C3%B3pera%20del%20Teatro%20Municipal%20de%20Santiago%20en%20el%20Centro%20Cultural%20Coyhaique' aria-hidden='false' data-av_icon='\ue8f3' data-av_iconfont='entypo-fontello' title='' data-avia-related-tooltip='Compartir en Facebook' rel=\"noopener\"><span class='avia_hidden_link_text'>Compartir en Facebook<\/span><\/a><\/li><li class='av-share-link av-social-link-twitter' ><a target=\"_blank\" aria-label=\"Compartir en Twitter\" href='https:\/\/twitter.com\/share?text=M%C3%A1s%20de%20200%20personas%20disfrutaron%20de%20la%20%C3%B3pera%20del%20Teatro%20Municipal%20de%20Santiago%20en%20el%20Centro%20Cultural%20Coyhaique&#038;url=https:\/\/radiorevelacionfm.cl\/?p=41828' aria-hidden='false' data-av_icon='\ue8f1' data-av_iconfont='entypo-fontello' title='' data-avia-related-tooltip='Compartir en Twitter' rel=\"noopener\"><span class='avia_hidden_link_text'>Compartir en Twitter<\/span><\/a><\/li><li class='av-share-link av-social-link-whatsapp' ><a target=\"_blank\" aria-label=\"Compartir en Whatsapp\" href='https:\/\/api.whatsapp.com\/send?text=https:\/\/radiorevelacionfm.cl\/?p=41828' aria-hidden='false' data-av_icon='\uf232' data-av_iconfont='entypo-fontello' title='' data-avia-related-tooltip='Compartir en Whatsapp' rel=\"noopener\"><span class='avia_hidden_link_text'>Compartir en Whatsapp<\/span><\/a><\/li><li class='av-share-link av-social-link-linkedin' ><a target=\"_blank\" aria-label=\"Compartir en LinkedIn\" href='https:\/\/linkedin.com\/shareArticle?mini=true&#038;title=M%C3%A1s%20de%20200%20personas%20disfrutaron%20de%20la%20%C3%B3pera%20del%20Teatro%20Municipal%20de%20Santiago%20en%20el%20Centro%20Cultural%20Coyhaique&#038;url=https:\/\/radiorevelacionfm.cl\/?p=41828' aria-hidden='false' data-av_icon='\ue8fc' data-av_iconfont='entypo-fontello' title='' data-avia-related-tooltip='Compartir en LinkedIn' rel=\"noopener\"><span class='avia_hidden_link_text'>Compartir en LinkedIn<\/span><\/a><\/li><li class='av-share-link av-social-link-mail' ><a  aria-label=\"Compartir por correo\" href='mailto:?subject=M%C3%A1s%20de%20200%20personas%20disfrutaron%20de%20la%20%C3%B3pera%20del%20Teatro%20Municipal%20de%20Santiago%20en%20el%20Centro%20Cultural%20Coyhaique&#038;body=https:\/\/radiorevelacionfm.cl\/?p=41828' aria-hidden='false' data-av_icon='\ue805' data-av_iconfont='entypo-fontello' title='' data-avia-related-tooltip='Compartir por correo'><span class='avia_hidden_link_text'>Compartir por correo<\/span><\/a><\/li><\/ul><\/div><\/div>\n<div  style='height:50px' class='hr hr-invisible   avia-builder-el-8  el_after_av_social_share  el_before_av_comments_list '><span class='hr-inner ' ><span class='hr-inner-style'><\/span><\/span><\/div>\n<div  class='av-buildercomment  av-blog-meta-html-info-disabled av-blog-meta-tag-disabled  '><\/div>\n","protected":false},"excerpt":{"rendered":"","protected":false},"author":1,"featured_media":41829,"comment_status":"open","ping_status":"open","sticky":false,"template":"","format":"standard","meta":{"footnotes":""},"categories":[52],"tags":[],"class_list":["post-41828","post","type-post","status-publish","format-standard","has-post-thumbnail","hentry","category-cultura"],"jetpack_featured_media_url":"https:\/\/radiorevelacionfm.cl\/wp-content\/uploads\/2024\/05\/GALA-LIRICA13-1-1.jpg","_links":{"self":[{"href":"https:\/\/radiorevelacionfm.cl\/index.php?rest_route=\/wp\/v2\/posts\/41828","targetHints":{"allow":["GET"]}}],"collection":[{"href":"https:\/\/radiorevelacionfm.cl\/index.php?rest_route=\/wp\/v2\/posts"}],"about":[{"href":"https:\/\/radiorevelacionfm.cl\/index.php?rest_route=\/wp\/v2\/types\/post"}],"author":[{"embeddable":true,"href":"https:\/\/radiorevelacionfm.cl\/index.php?rest_route=\/wp\/v2\/users\/1"}],"replies":[{"embeddable":true,"href":"https:\/\/radiorevelacionfm.cl\/index.php?rest_route=%2Fwp%2Fv2%2Fcomments&post=41828"}],"version-history":[{"count":1,"href":"https:\/\/radiorevelacionfm.cl\/index.php?rest_route=\/wp\/v2\/posts\/41828\/revisions"}],"predecessor-version":[{"id":41830,"href":"https:\/\/radiorevelacionfm.cl\/index.php?rest_route=\/wp\/v2\/posts\/41828\/revisions\/41830"}],"wp:featuredmedia":[{"embeddable":true,"href":"https:\/\/radiorevelacionfm.cl\/index.php?rest_route=\/wp\/v2\/media\/41829"}],"wp:attachment":[{"href":"https:\/\/radiorevelacionfm.cl\/index.php?rest_route=%2Fwp%2Fv2%2Fmedia&parent=41828"}],"wp:term":[{"taxonomy":"category","embeddable":true,"href":"https:\/\/radiorevelacionfm.cl\/index.php?rest_route=%2Fwp%2Fv2%2Fcategories&post=41828"},{"taxonomy":"post_tag","embeddable":true,"href":"https:\/\/radiorevelacionfm.cl\/index.php?rest_route=%2Fwp%2Fv2%2Ftags&post=41828"}],"curies":[{"name":"wp","href":"https:\/\/api.w.org\/{rel}","templated":true}]}}