{"id":41825,"date":"2024-05-02T20:17:59","date_gmt":"2024-05-02T23:17:59","guid":{"rendered":"https:\/\/radiorevelacionfm.cl\/?p=41825"},"modified":"2024-05-02T22:47:38","modified_gmt":"2024-05-03T01:47:38","slug":"en-internacion-provisoria-quedo-imputado-que-persiguio-con-un-cuchillo-a-la-victima-por-diversas-calles-de-coyhaique","status":"publish","type":"post","link":"https:\/\/radiorevelacionfm.cl\/?p=41825","title":{"rendered":"En internaci\u00f3n provisoria qued\u00f3 imputado que persigui\u00f3 con un cuchillo a v\u00edctima por diversas calles de Coyhaique"},"content":{"rendered":"<div class=\"flex_column av_one_full  flex_column_div av-zero-column-padding first  avia-builder-el-0  el_before_av_one_full  avia-builder-el-first  \" style='border-radius:0px; '><div  class='avia-image-container  av-styling-    avia-builder-el-1  avia-builder-el-no-sibling  avia-align-center '  itemprop=\"image\" itemscope=\"itemscope\" itemtype=\"https:\/\/schema.org\/ImageObject\"  ><div class='avia-image-container-inner'><div class='avia-image-overlay-wrap'><img decoding=\"async\" class='wp-image-41826 avia-img-lazy-loading-not-41826 avia_image' src=\"https:\/\/radiorevelacionfm.cl\/wp-content\/uploads\/2024\/05\/c899a533-2825-4378-b83d-d898eace97ee-1-1.jpg\" alt='' title='c899a533-2825-4378-b83d-d898eace97ee (1) (1)' height=\"600\" width=\"800\"  itemprop=\"thumbnailUrl\" srcset=\"https:\/\/radiorevelacionfm.cl\/wp-content\/uploads\/2024\/05\/c899a533-2825-4378-b83d-d898eace97ee-1-1.jpg 800w, https:\/\/radiorevelacionfm.cl\/wp-content\/uploads\/2024\/05\/c899a533-2825-4378-b83d-d898eace97ee-1-1-300x225.jpg 300w, https:\/\/radiorevelacionfm.cl\/wp-content\/uploads\/2024\/05\/c899a533-2825-4378-b83d-d898eace97ee-1-1-768x576.jpg 768w, https:\/\/radiorevelacionfm.cl\/wp-content\/uploads\/2024\/05\/c899a533-2825-4378-b83d-d898eace97ee-1-1-705x529.jpg 705w, https:\/\/radiorevelacionfm.cl\/wp-content\/uploads\/2024\/05\/c899a533-2825-4378-b83d-d898eace97ee-1-1-450x338.jpg 450w, https:\/\/radiorevelacionfm.cl\/wp-content\/uploads\/2024\/05\/c899a533-2825-4378-b83d-d898eace97ee-1-1-600x450.jpg 600w\" sizes=\"(max-width: 800px) 100vw, 800px\" \/><\/div><\/div><\/div><\/div>\n<div class=\"flex_column av_one_full  flex_column_div av-zero-column-padding first  avia-builder-el-2  el_after_av_one_full  el_before_av_one_full  column-top-margin\" style='border-radius:0px; '><section class=\"av_textblock_section \"  itemscope=\"itemscope\" itemtype=\"https:\/\/schema.org\/BlogPosting\" itemprop=\"blogPost\" ><div class='avia_textblock  '   itemprop=\"text\" ><p style=\"text-align: center;\"><strong><span style=\"font-size: 18pt;\">En internaci\u00f3n provisoria qued\u00f3 imputado que persigui\u00f3 con un cuchillo a v\u00edctima por diversas calles de Coyhaique <\/span><\/strong><\/p>\n<div id=\"gtx-trans\" style=\"position: absolute; left: -50px; top: 4.31534px;\">\n<div class=\"gtx-trans-icon\"><\/div>\n<\/div>\n<\/div><\/section><\/div><div class=\"flex_column av_one_full  flex_column_div av-zero-column-padding first  avia-builder-el-4  el_after_av_one_full  el_before_av_hr  column-top-margin\" style='border-radius:0px; '><section class=\"av_textblock_section \"  itemscope=\"itemscope\" itemtype=\"https:\/\/schema.org\/BlogPosting\" itemprop=\"blogPost\" ><div class='avia_textblock  '   itemprop=\"text\" ><p style=\"font-weight: 400; text-align: justify;\">La Fiscal\u00eda Local de Coyhaique formaliz\u00f3 una investigaci\u00f3n contra un imputado de 15 a\u00f1os como autor del delito de homicidio tentado, luego que con un cuchillo persiguiera a la v\u00edctima por diversas calles de Coyhaique, quien debi\u00f3 refugiarse en la Primera Comisar\u00eda de Carabineros, donde finalmente el agresor fue detenido.<\/p>\n<p style=\"font-weight: 400; text-align: justify;\">Seg\u00fan explic\u00f3 el abogado asistente de la Fiscal\u00eda Local, Mat\u00edas Manzano, se control\u00f3 la detenci\u00f3n y formaliz\u00f3 investigaci\u00f3n en contra de un imputado que el martes en el centro de Coyhaique, \u201cmantuvo un altercado con la v\u00edctima, una persona adulta en la Plaza de Armas espec\u00edficamente, tras lo cual este adolescente premunido de un cuchillo, persigue a la v\u00edctima por diferentes calles del centro de la ciudad\u201d.<\/p>\n<p style=\"font-weight: 400; text-align: justify;\">El abogado a\u00f1adi\u00f3 que, en esa circunstancia, \u201cla v\u00edctima busca ayuda, se traslada hasta la Primera Comisar\u00eda de Carabineros de Coyhaique, tras lo cual el imputado ingresa, posterior a la v\u00edctima a la Comisar\u00eda, premunido de un cuchillo con claras intenciones de agredirla\u201d.<\/p>\n<p style=\"font-weight: 400; text-align: justify;\">Manzano a\u00f1adi\u00f3 que esta acci\u00f3n \u201cfue impedida por Carabineros que se encontraba en el lugar y logran la reducci\u00f3n del imputado en instantes previos a que pudiera lesionar a la v\u00edctima\u201d.<\/p>\n<p style=\"font-weight: 400; text-align: justify;\">El imputado fue formalizado por el delito de homicidio en grado desarrollo de tentado, tras lo cual el Ministerio P\u00fablico solicit\u00f3 la internaci\u00f3n provisoria del imputado por el tiempo que dure la investigaci\u00f3n.<\/p>\n<p style=\"font-weight: 400; text-align: justify;\">La solicitud fue acogida por el Juzgado de Garant\u00eda de Coyhaique, estableci\u00e9ndose un plazo de investigaci\u00f3n de 60 d\u00edas \u201ca fin de afinar las diversas diligencias que se encuentran pendientes, las quedar\u00e1n a cargo de la Secci\u00f3n de Investigaci\u00f3n Policial de Carabineros de Coyhaique\u201d, finaliz\u00f3 el abogado asistente de la Fiscal\u00eda.<\/p>\n<\/div><\/section><\/div><\/p>\n<div  style='height:50px' class='hr hr-invisible   avia-builder-el-6  el_after_av_one_full  el_before_av_social_share '><span class='hr-inner ' ><span class='hr-inner-style'><\/span><\/span><\/div>\n<div  class='av-social-sharing-box  avia-builder-el-7  el_after_av_hr  el_before_av_hr  '><div class='av-share-box'><h5 class='av-share-link-description av-no-toc '>Compartir esta noticia<\/h5><ul class='av-share-box-list noLightbox'><li class='av-share-link av-social-link-facebook' ><a target=\"_blank\" aria-label=\"Compartir en Facebook\" href='https:\/\/www.facebook.com\/sharer.php?u=https:\/\/radiorevelacionfm.cl\/?p=41825&#038;t=En%20internaci%C3%B3n%20provisoria%20qued%C3%B3%20imputado%20que%20persigui%C3%B3%20con%20un%20cuchillo%20a%20v%C3%ADctima%20por%20diversas%20calles%20de%20Coyhaique' aria-hidden='false' data-av_icon='\ue8f3' data-av_iconfont='entypo-fontello' title='' data-avia-related-tooltip='Compartir en Facebook' rel=\"noopener\"><span class='avia_hidden_link_text'>Compartir en Facebook<\/span><\/a><\/li><li class='av-share-link av-social-link-twitter' ><a target=\"_blank\" aria-label=\"Compartir en Twitter\" href='https:\/\/twitter.com\/share?text=En%20internaci%C3%B3n%20provisoria%20qued%C3%B3%20imputado%20que%20persigui%C3%B3%20con%20un%20cuchillo%20a%20v%C3%ADctima%20por%20diversas%20calles%20de%20Coyhaique&#038;url=https:\/\/radiorevelacionfm.cl\/?p=41825' aria-hidden='false' data-av_icon='\ue8f1' data-av_iconfont='entypo-fontello' title='' data-avia-related-tooltip='Compartir en Twitter' rel=\"noopener\"><span class='avia_hidden_link_text'>Compartir en Twitter<\/span><\/a><\/li><li class='av-share-link av-social-link-whatsapp' ><a target=\"_blank\" aria-label=\"Compartir en Whatsapp\" href='https:\/\/api.whatsapp.com\/send?text=https:\/\/radiorevelacionfm.cl\/?p=41825' aria-hidden='false' data-av_icon='\uf232' data-av_iconfont='entypo-fontello' title='' data-avia-related-tooltip='Compartir en Whatsapp' rel=\"noopener\"><span class='avia_hidden_link_text'>Compartir en Whatsapp<\/span><\/a><\/li><li class='av-share-link av-social-link-linkedin' ><a target=\"_blank\" aria-label=\"Compartir en LinkedIn\" href='https:\/\/linkedin.com\/shareArticle?mini=true&#038;title=En%20internaci%C3%B3n%20provisoria%20qued%C3%B3%20imputado%20que%20persigui%C3%B3%20con%20un%20cuchillo%20a%20v%C3%ADctima%20por%20diversas%20calles%20de%20Coyhaique&#038;url=https:\/\/radiorevelacionfm.cl\/?p=41825' aria-hidden='false' data-av_icon='\ue8fc' data-av_iconfont='entypo-fontello' title='' data-avia-related-tooltip='Compartir en LinkedIn' rel=\"noopener\"><span class='avia_hidden_link_text'>Compartir en LinkedIn<\/span><\/a><\/li><li class='av-share-link av-social-link-mail' ><a  aria-label=\"Compartir por correo\" href='mailto:?subject=En%20internaci%C3%B3n%20provisoria%20qued%C3%B3%20imputado%20que%20persigui%C3%B3%20con%20un%20cuchillo%20a%20v%C3%ADctima%20por%20diversas%20calles%20de%20Coyhaique&#038;body=https:\/\/radiorevelacionfm.cl\/?p=41825' aria-hidden='false' data-av_icon='\ue805' data-av_iconfont='entypo-fontello' title='' data-avia-related-tooltip='Compartir por correo'><span class='avia_hidden_link_text'>Compartir por correo<\/span><\/a><\/li><\/ul><\/div><\/div>\n<div  style='height:50px' class='hr hr-invisible   avia-builder-el-8  el_after_av_social_share  el_before_av_comments_list '><span class='hr-inner ' ><span class='hr-inner-style'><\/span><\/span><\/div>\n<div  class='av-buildercomment  av-blog-meta-html-info-disabled av-blog-meta-tag-disabled  '><\/div>\n","protected":false},"excerpt":{"rendered":"","protected":false},"author":1,"featured_media":41826,"comment_status":"open","ping_status":"open","sticky":false,"template":"","format":"standard","meta":{"footnotes":""},"categories":[55],"tags":[],"class_list":["post-41825","post","type-post","status-publish","format-standard","has-post-thumbnail","hentry","category-justicia"],"jetpack_featured_media_url":"https:\/\/radiorevelacionfm.cl\/wp-content\/uploads\/2024\/05\/c899a533-2825-4378-b83d-d898eace97ee-1-1.jpg","_links":{"self":[{"href":"https:\/\/radiorevelacionfm.cl\/index.php?rest_route=\/wp\/v2\/posts\/41825","targetHints":{"allow":["GET"]}}],"collection":[{"href":"https:\/\/radiorevelacionfm.cl\/index.php?rest_route=\/wp\/v2\/posts"}],"about":[{"href":"https:\/\/radiorevelacionfm.cl\/index.php?rest_route=\/wp\/v2\/types\/post"}],"author":[{"embeddable":true,"href":"https:\/\/radiorevelacionfm.cl\/index.php?rest_route=\/wp\/v2\/users\/1"}],"replies":[{"embeddable":true,"href":"https:\/\/radiorevelacionfm.cl\/index.php?rest_route=%2Fwp%2Fv2%2Fcomments&post=41825"}],"version-history":[{"count":2,"href":"https:\/\/radiorevelacionfm.cl\/index.php?rest_route=\/wp\/v2\/posts\/41825\/revisions"}],"predecessor-version":[{"id":41855,"href":"https:\/\/radiorevelacionfm.cl\/index.php?rest_route=\/wp\/v2\/posts\/41825\/revisions\/41855"}],"wp:featuredmedia":[{"embeddable":true,"href":"https:\/\/radiorevelacionfm.cl\/index.php?rest_route=\/wp\/v2\/media\/41826"}],"wp:attachment":[{"href":"https:\/\/radiorevelacionfm.cl\/index.php?rest_route=%2Fwp%2Fv2%2Fmedia&parent=41825"}],"wp:term":[{"taxonomy":"category","embeddable":true,"href":"https:\/\/radiorevelacionfm.cl\/index.php?rest_route=%2Fwp%2Fv2%2Fcategories&post=41825"},{"taxonomy":"post_tag","embeddable":true,"href":"https:\/\/radiorevelacionfm.cl\/index.php?rest_route=%2Fwp%2Fv2%2Ftags&post=41825"}],"curies":[{"name":"wp","href":"https:\/\/api.w.org\/{rel}","templated":true}]}}