{"id":41819,"date":"2024-05-02T16:03:54","date_gmt":"2024-05-02T19:03:54","guid":{"rendered":"https:\/\/radiorevelacionfm.cl\/?p=41819"},"modified":"2024-05-02T16:03:54","modified_gmt":"2024-05-02T19:03:54","slug":"entregan-recursos-para-apoyar-a-emprendedoras-y-emprendedores-en-proceso-de-formalizacion","status":"publish","type":"post","link":"https:\/\/radiorevelacionfm.cl\/?p=41819","title":{"rendered":"Entregan recursos para apoyar a emprendedoras y emprendedores en proceso de formalizaci\u00f3n"},"content":{"rendered":"<div class=\"flex_column av_one_full  flex_column_div av-zero-column-padding first  avia-builder-el-0  el_before_av_one_full  avia-builder-el-first  \" style='border-radius:0px; '><div  class='avia-image-container  av-styling-    avia-builder-el-1  avia-builder-el-no-sibling  avia-align-center '  itemprop=\"image\" itemscope=\"itemscope\" itemtype=\"https:\/\/schema.org\/ImageObject\"  ><div class='avia-image-container-inner'><div class='avia-image-overlay-wrap'><img decoding=\"async\" class='wp-image-41820 avia-img-lazy-loading-not-41820 avia_image' src=\"https:\/\/radiorevelacionfm.cl\/wp-content\/uploads\/2024\/05\/WhatsApp-Image-2024-04-30-at-4.42.52-PM-1-1.jpeg\" alt='' title='WhatsApp Image 2024-04-30 at 4.42.52 PM (1) (1)' height=\"600\" width=\"1067\"  itemprop=\"thumbnailUrl\" srcset=\"https:\/\/radiorevelacionfm.cl\/wp-content\/uploads\/2024\/05\/WhatsApp-Image-2024-04-30-at-4.42.52-PM-1-1.jpeg 1067w, https:\/\/radiorevelacionfm.cl\/wp-content\/uploads\/2024\/05\/WhatsApp-Image-2024-04-30-at-4.42.52-PM-1-1-300x169.jpeg 300w, https:\/\/radiorevelacionfm.cl\/wp-content\/uploads\/2024\/05\/WhatsApp-Image-2024-04-30-at-4.42.52-PM-1-1-1030x579.jpeg 1030w, https:\/\/radiorevelacionfm.cl\/wp-content\/uploads\/2024\/05\/WhatsApp-Image-2024-04-30-at-4.42.52-PM-1-1-768x432.jpeg 768w, https:\/\/radiorevelacionfm.cl\/wp-content\/uploads\/2024\/05\/WhatsApp-Image-2024-04-30-at-4.42.52-PM-1-1-705x396.jpeg 705w, https:\/\/radiorevelacionfm.cl\/wp-content\/uploads\/2024\/05\/WhatsApp-Image-2024-04-30-at-4.42.52-PM-1-1-450x253.jpeg 450w, https:\/\/radiorevelacionfm.cl\/wp-content\/uploads\/2024\/05\/WhatsApp-Image-2024-04-30-at-4.42.52-PM-1-1-600x337.jpeg 600w\" sizes=\"(max-width: 1067px) 100vw, 1067px\" \/><\/div><\/div><\/div><\/div><div class=\"flex_column av_one_full  flex_column_div av-zero-column-padding first  avia-builder-el-2  el_after_av_one_full  el_before_av_one_full  column-top-margin\" style='border-radius:0px; '><section class=\"av_textblock_section \"  itemscope=\"itemscope\" itemtype=\"https:\/\/schema.org\/BlogPosting\" itemprop=\"blogPost\" ><div class='avia_textblock  '   itemprop=\"text\" ><p style=\"text-align: center;\"><strong><span style=\"font-size: 18pt;\">Entregan recursos para apoyar a emprendedoras y emprendedores en proceso de formalizaci\u00f3n<\/span><\/strong><\/p>\n<div id=\"gtx-trans\" style=\"position: absolute; left: -50px; top: 4.31534px;\">\n<div class=\"gtx-trans-icon\"><\/div>\n<\/div>\n<\/div><\/section><\/div><div class=\"flex_column av_one_full  flex_column_div av-zero-column-padding first  avia-builder-el-4  el_after_av_one_full  el_before_av_hr  column-top-margin\" style='border-radius:0px; '><section class=\"av_textblock_section \"  itemscope=\"itemscope\" itemtype=\"https:\/\/schema.org\/BlogPosting\" itemprop=\"blogPost\" ><div class='avia_textblock  '   itemprop=\"text\" ><p dir=\"ltr\" style=\"text-align: justify;\">La Gobernadora de la Regi\u00f3n de Ays\u00e9n, Andrea Mac\u00edas Palma, encabez\u00f3 la firma de convenios entre la fundaci\u00f3n FUDEA y 85 beneficiarias y beneficiarios (principalmente mujeres) de la l\u00ednea Recupera tu Emprendimiento, parte del programa Fortalece y Reactiva, el que apunta a dinamizar la econom\u00eda local de manera sustentable, sostenible y diversificada.<\/p>\n<p dir=\"ltr\" style=\"text-align: justify;\">Se trata de un fondo de apoyo dise\u00f1ado para emprendedores y emprendedoras que no tienen sus actividades formalizadas, los que seg\u00fan la Gobernadora Mac\u00edas, por ser parte de la econom\u00eda \u00abrequieren tambi\u00e9n ese apoyo\u00bb para cumplir con poner en regla sus emprendimientos.<\/p>\n<p dir=\"ltr\" style=\"text-align: justify;\">\u00abRecordar que esta es una l\u00ednea de trabajo que se inici\u00f3 pospandemia y hoy d\u00eda adem\u00e1s muy contenta y muy orgullosa al escuchar que gran parte, por no decir la mayor\u00eda de las personas con las que hoy d\u00eda pudimos firmar este convenio, agradecidas porque es la primera vez que logran acceder a alg\u00fan recurso del estado en materia de fomento productivo\u00bb, destac\u00f3 la primera autoridad regional.<\/p>\n<p dir=\"ltr\" style=\"text-align: justify;\">Por su parte, la consejera regional, Paula Acu\u00f1a, valor\u00f3 que las beneficiarias son en gran parte trabajadoras de la Feria las Quintas, por lo que los recursos de esta l\u00ednea de apoyo podr\u00e1n llegar directamente a los bolsillos de las familias que m\u00e1s lo necesitan.<\/p>\n<p dir=\"ltr\" style=\"text-align: justify;\">\u00abFue una ceremonia muy emotiva. quiero destacar el trabajo que hace cada una de las emprendedoras que hoy d\u00eda firma el convenio. Agradecer tambi\u00e9n el trabajo que hacen, porque las conocemos, son feriantes de la Feria Las Quintas y quienes hoy d\u00eda sostienen su hogar. Personalmente como consejera regional muy feliz de que los recursos que hemos aprobado en este componente Recupera tu emprendimiento est\u00e9n llegando a los bolsillos de familias que no lo est\u00e1n pasando muy bien\u00bb, afirm\u00f3 la representante de la Provincia de Coyhaique.<\/p>\n<p dir=\"ltr\" style=\"text-align: justify;\">De esto dio cuenta Eliana Pinilla, emprendedora del proyecto \u00abMix Suculentas Eliana\u00bb, quien relat\u00f3 c\u00f3mo lleg\u00f3 al programa, despu\u00e9s de tener que reinventarse tras los efectos de la pandemia.<\/p>\n<p dir=\"ltr\" style=\"text-align: justify;\">\u00abEmpec\u00e9 haciendo mix, vendiendo cactus y suculentas en envases reciclados. me enter\u00e9 por la feria porque empec\u00e9 a vender y est\u00e1n de moda las suculentas, entonces despu\u00e9s de la pandemia empec\u00e9 a hacer mis trabajos y a vender\u00bb, relat\u00f3.<\/p>\n<p dir=\"ltr\" style=\"text-align: justify;\">La l\u00ednea Recupera tu Emprendimiento entrega un monto aproximado de entre 800 mil y un mill\u00f3n 400 mil pesos a unidades productivas informales favoreciendo a mujeres, pueblos originarios y poblaci\u00f3n rural.<\/p>\n<\/div><\/section><\/div><div  style='height:50px' class='hr hr-invisible   avia-builder-el-6  el_after_av_one_full  el_before_av_social_share '><span class='hr-inner ' ><span class='hr-inner-style'><\/span><\/span><\/div><\/p>\n<div  class='av-social-sharing-box  avia-builder-el-7  el_after_av_hr  el_before_av_hr  '><div class='av-share-box'><h5 class='av-share-link-description av-no-toc '>Compartir esta noticia<\/h5><ul class='av-share-box-list noLightbox'><li class='av-share-link av-social-link-facebook' ><a target=\"_blank\" aria-label=\"Compartir en Facebook\" href='https:\/\/www.facebook.com\/sharer.php?u=https:\/\/radiorevelacionfm.cl\/?p=41819&#038;t=Entregan%20recursos%20para%20apoyar%20a%20emprendedoras%20y%20emprendedores%20en%20proceso%20de%20formalizaci%C3%B3n' aria-hidden='false' data-av_icon='\ue8f3' data-av_iconfont='entypo-fontello' title='' data-avia-related-tooltip='Compartir en Facebook' rel=\"noopener\"><span class='avia_hidden_link_text'>Compartir en Facebook<\/span><\/a><\/li><li class='av-share-link av-social-link-twitter' ><a target=\"_blank\" aria-label=\"Compartir en Twitter\" href='https:\/\/twitter.com\/share?text=Entregan%20recursos%20para%20apoyar%20a%20emprendedoras%20y%20emprendedores%20en%20proceso%20de%20formalizaci%C3%B3n&#038;url=https:\/\/radiorevelacionfm.cl\/?p=41819' aria-hidden='false' data-av_icon='\ue8f1' data-av_iconfont='entypo-fontello' title='' data-avia-related-tooltip='Compartir en Twitter' rel=\"noopener\"><span class='avia_hidden_link_text'>Compartir en Twitter<\/span><\/a><\/li><li class='av-share-link av-social-link-whatsapp' ><a target=\"_blank\" aria-label=\"Compartir en Whatsapp\" href='https:\/\/api.whatsapp.com\/send?text=https:\/\/radiorevelacionfm.cl\/?p=41819' aria-hidden='false' data-av_icon='\uf232' data-av_iconfont='entypo-fontello' title='' data-avia-related-tooltip='Compartir en Whatsapp' rel=\"noopener\"><span class='avia_hidden_link_text'>Compartir en Whatsapp<\/span><\/a><\/li><li class='av-share-link av-social-link-linkedin' ><a target=\"_blank\" aria-label=\"Compartir en LinkedIn\" href='https:\/\/linkedin.com\/shareArticle?mini=true&#038;title=Entregan%20recursos%20para%20apoyar%20a%20emprendedoras%20y%20emprendedores%20en%20proceso%20de%20formalizaci%C3%B3n&#038;url=https:\/\/radiorevelacionfm.cl\/?p=41819' aria-hidden='false' data-av_icon='\ue8fc' data-av_iconfont='entypo-fontello' title='' data-avia-related-tooltip='Compartir en LinkedIn' rel=\"noopener\"><span class='avia_hidden_link_text'>Compartir en LinkedIn<\/span><\/a><\/li><li class='av-share-link av-social-link-mail' ><a  aria-label=\"Compartir por correo\" href='mailto:?subject=Entregan%20recursos%20para%20apoyar%20a%20emprendedoras%20y%20emprendedores%20en%20proceso%20de%20formalizaci%C3%B3n&#038;body=https:\/\/radiorevelacionfm.cl\/?p=41819' aria-hidden='false' data-av_icon='\ue805' data-av_iconfont='entypo-fontello' title='' data-avia-related-tooltip='Compartir por correo'><span class='avia_hidden_link_text'>Compartir por correo<\/span><\/a><\/li><\/ul><\/div><\/div>\n<div  style='height:50px' class='hr hr-invisible   avia-builder-el-8  el_after_av_social_share  el_before_av_comments_list '><span class='hr-inner ' ><span class='hr-inner-style'><\/span><\/span><\/div>\n<div  class='av-buildercomment  av-blog-meta-html-info-disabled av-blog-meta-tag-disabled  '><\/div>\n","protected":false},"excerpt":{"rendered":"","protected":false},"author":1,"featured_media":41820,"comment_status":"open","ping_status":"open","sticky":false,"template":"","format":"standard","meta":{"footnotes":""},"categories":[38],"tags":[],"class_list":["post-41819","post","type-post","status-publish","format-standard","has-post-thumbnail","hentry","category-regional"],"jetpack_featured_media_url":"https:\/\/radiorevelacionfm.cl\/wp-content\/uploads\/2024\/05\/WhatsApp-Image-2024-04-30-at-4.42.52-PM-1-1.jpeg","_links":{"self":[{"href":"https:\/\/radiorevelacionfm.cl\/index.php?rest_route=\/wp\/v2\/posts\/41819","targetHints":{"allow":["GET"]}}],"collection":[{"href":"https:\/\/radiorevelacionfm.cl\/index.php?rest_route=\/wp\/v2\/posts"}],"about":[{"href":"https:\/\/radiorevelacionfm.cl\/index.php?rest_route=\/wp\/v2\/types\/post"}],"author":[{"embeddable":true,"href":"https:\/\/radiorevelacionfm.cl\/index.php?rest_route=\/wp\/v2\/users\/1"}],"replies":[{"embeddable":true,"href":"https:\/\/radiorevelacionfm.cl\/index.php?rest_route=%2Fwp%2Fv2%2Fcomments&post=41819"}],"version-history":[{"count":1,"href":"https:\/\/radiorevelacionfm.cl\/index.php?rest_route=\/wp\/v2\/posts\/41819\/revisions"}],"predecessor-version":[{"id":41821,"href":"https:\/\/radiorevelacionfm.cl\/index.php?rest_route=\/wp\/v2\/posts\/41819\/revisions\/41821"}],"wp:featuredmedia":[{"embeddable":true,"href":"https:\/\/radiorevelacionfm.cl\/index.php?rest_route=\/wp\/v2\/media\/41820"}],"wp:attachment":[{"href":"https:\/\/radiorevelacionfm.cl\/index.php?rest_route=%2Fwp%2Fv2%2Fmedia&parent=41819"}],"wp:term":[{"taxonomy":"category","embeddable":true,"href":"https:\/\/radiorevelacionfm.cl\/index.php?rest_route=%2Fwp%2Fv2%2Fcategories&post=41819"},{"taxonomy":"post_tag","embeddable":true,"href":"https:\/\/radiorevelacionfm.cl\/index.php?rest_route=%2Fwp%2Fv2%2Ftags&post=41819"}],"curies":[{"name":"wp","href":"https:\/\/api.w.org\/{rel}","templated":true}]}}